{"id":70995,"date":"2020-12-05T15:20:57","date_gmt":"2020-12-05T18:20:57","guid":{"rendered":"http:\/\/infoecos.com.ar\/?p=70995"},"modified":"2020-12-10T00:36:28","modified_gmt":"2020-12-10T03:36:28","slug":"anteproyecto-hidraulico-para-una-zona-de-800-hectareas-en-trenque-lauquen","status":"publish","type":"post","link":"https:\/\/infoecos.com.ar\/index.php\/anteproyecto-hidraulico-para-una-zona-de-800-hectareas-en-trenque-lauquen\/","title":{"rendered":"Anteproyecto hidr\u00e1ulico para una zona de 800 hect\u00e1reas en Trenque Lauquen"},"content":{"rendered":"\n<p>El Intendente municipal, Miguel Fern\u00e1ndez y funcionarios de su gabinete estuvieron reunidos -a trav\u00e9s de la plataforma Zoom- con el ingeniero hidr\u00e1ulico de la Consultora HCA SRL, Horacio Tavecchio, quien les present\u00f3 y brind\u00f3 detalles del anteproyecto hidr\u00e1ulico para una zona de 800 hect\u00e1reas del \u00e1rea urbana de la ciudad de Trenque Lauquen, comprendida por las calles Monferrand y Ruta Nacional n\u00b0 33 y Pinc\u00e9n y Ruta Nacional n\u00b0 5.<\/p>\n\n\n\n<div class=\"wp-block-image\"><figure class=\"aligncenter size-medium\"><img loading=\"lazy\" decoding=\"async\" width=\"460\" height=\"306\" src=\"http:\/\/infoecos.com.ar\/wp-content\/uploads\/2020\/12\/Poyecto-Hidraulica-4-460x306.jpg\" alt=\"\" class=\"wp-image-70996\" srcset=\"https:\/\/infoecos.com.ar\/wp-content\/uploads\/2020\/12\/Poyecto-Hidraulica-4-460x306.jpg 460w, https:\/\/infoecos.com.ar\/wp-content\/uploads\/2020\/12\/Poyecto-Hidraulica-4-920x612.jpg 920w, https:\/\/infoecos.com.ar\/wp-content\/uploads\/2020\/12\/Poyecto-Hidraulica-4-768x511.jpg 768w, https:\/\/infoecos.com.ar\/wp-content\/uploads\/2020\/12\/Poyecto-Hidraulica-4-1024x681.jpg 1024w, https:\/\/infoecos.com.ar\/wp-content\/uploads\/2020\/12\/Poyecto-Hidraulica-4-675x450.jpg 675w, https:\/\/infoecos.com.ar\/wp-content\/uploads\/2020\/12\/Poyecto-Hidraulica-4.jpg 1237w\" sizes=\"(max-width: 460px) 100vw, 460px\" \/><\/figure><\/div>\n\n\n\n<p>Del encuentro, que se realiz\u00f3 este viernes &nbsp;tambi\u00e9n participaron el secretario de Gobierno, Gustavo Marchabalo; la subsecretaria de Desarrollo Econ\u00f3mico y Productivo, Clarisa Fabris; el director de Planeamiento, Cristian Rabasa; el director de Obras Particulares y Catastro, Javier Mina; y el director de Infraestructura, Marcos Soriano.<\/p>\n\n\n\n<p>La Consultora HCA fue la encargada de realizar el proyecto hidr\u00e1ulico para la zona de la Ampliaci\u00f3n Urbana y ahora se encuentra trabajando en el estudio de esta otra zona de la ciudad cabecera.<\/p>\n\n\n\n<p>Durante el encuentro, el Intendente y funcionarios dialogaron con Tavecchio sobre cuestiones t\u00e9cnicas y futuras gestiones relacionadas con obras hidr\u00e1ulicas necesarias para Trenque Lauquen.<\/p>\n\n\n\n<div class=\"wp-block-image\"><figure class=\"aligncenter size-medium\"><img loading=\"lazy\" decoding=\"async\" width=\"460\" height=\"319\" src=\"http:\/\/infoecos.com.ar\/wp-content\/uploads\/2020\/12\/Poyecto-Hidraulica-3-460x319.jpg\" alt=\"\" class=\"wp-image-70997\" srcset=\"https:\/\/infoecos.com.ar\/wp-content\/uploads\/2020\/12\/Poyecto-Hidraulica-3-460x319.jpg 460w, https:\/\/infoecos.com.ar\/wp-content\/uploads\/2020\/12\/Poyecto-Hidraulica-3-920x638.jpg 920w, https:\/\/infoecos.com.ar\/wp-content\/uploads\/2020\/12\/Poyecto-Hidraulica-3-768x532.jpg 768w, https:\/\/infoecos.com.ar\/wp-content\/uploads\/2020\/12\/Poyecto-Hidraulica-3-1024x710.jpg 1024w, https:\/\/infoecos.com.ar\/wp-content\/uploads\/2020\/12\/Poyecto-Hidraulica-3.jpg 1277w\" sizes=\"(max-width: 460px) 100vw, 460px\" \/><\/figure><\/div>\n\n\n\n<p>En este marco, el Jefe comunal consult\u00f3 al especialista acerca de obras necesarias relacionadas con las colectoras y los proyectos presentados y a presentar ante la direcci\u00f3n de Vialidad Nacional en torno a algunos desarrollos, quedando el compromiso por parte del consultor privado de avanzar sobre el proyecto hidr\u00e1ulico para esta zona de 800 hect\u00e1reas para la posterior presentaci\u00f3n del mismo ante las autoridades provinciales pertinentes para su aprobaci\u00f3n.<\/p>\n\n\n\n<p>Adem\u00e1s, se abordaron diversos temas t\u00e9cnicos y de planificaci\u00f3n futuro, algunos relacionados con obras en lo inmediato para solucionar problemas existentes sobre todo de las zonas inundables y otras con proyecci\u00f3n de futuro, de ac\u00e1 a 30 a\u00f1os, y que requieren de planificaci\u00f3n para llevarlas adelante.<\/p>\n\n\n\n<div class=\"wp-block-image\"><figure class=\"aligncenter size-medium\"><img loading=\"lazy\" decoding=\"async\" width=\"460\" height=\"345\" src=\"http:\/\/infoecos.com.ar\/wp-content\/uploads\/2020\/12\/Poyecto-Hidraulica-2-460x345.jpg\" alt=\"\" class=\"wp-image-70998\" srcset=\"https:\/\/infoecos.com.ar\/wp-content\/uploads\/2020\/12\/Poyecto-Hidraulica-2-460x345.jpg 460w, https:\/\/infoecos.com.ar\/wp-content\/uploads\/2020\/12\/Poyecto-Hidraulica-2-920x690.jpg 920w, https:\/\/infoecos.com.ar\/wp-content\/uploads\/2020\/12\/Poyecto-Hidraulica-2-768x576.jpg 768w, https:\/\/infoecos.com.ar\/wp-content\/uploads\/2020\/12\/Poyecto-Hidraulica-2-1024x768.jpg 1024w, https:\/\/infoecos.com.ar\/wp-content\/uploads\/2020\/12\/Poyecto-Hidraulica-2.jpg 1280w\" sizes=\"(max-width: 460px) 100vw, 460px\" \/><\/figure><\/div>\n","protected":false},"excerpt":{"rendered":"<p>El Intendente municipal, Miguel Fern\u00e1ndez y funcionarios de su gabinete estuvieron reunidos -a trav\u00e9s de la plataforma Zoom- con el ingeniero hidr\u00e1ulico de la Consultora HCA SRL, Horacio Tavecchio<\/p>\n","protected":false},"author":2,"featured_media":70996,"comment_status":"closed","ping_status":"open","sticky":false,"template":"","format":"standard","meta":{"footnotes":""},"categories":[43],"tags":[2399],"class_list":["post-70995","post","type-post","status-publish","format-standard","has-post-thumbnail","hentry","category-inferior4","tag-oficial-trenque-lauquen"],"yoast_head":"<!-- This site is optimized with the Yoast SEO plugin v23.4 - https:\/\/yoast.com\/wordpress\/plugins\/seo\/ -->\n<title>Anteproyecto hidr\u00e1ulico para una zona de 800 hect\u00e1reas en Trenque Lauquen - Infoecos<\/title>\n<meta name=\"robots\" content=\"index, follow, max-snippet:-1, max-image-preview:large, max-video-preview:-1\" \/>\n<link rel=\"canonical\" href=\"https:\/\/infoecos.com.ar\/index.php\/anteproyecto-hidraulico-para-una-zona-de-800-hectareas-en-trenque-lauquen\/\" \/>\n<meta property=\"og:locale\" content=\"es_ES\" \/>\n<meta property=\"og:type\" content=\"article\" \/>\n<meta property=\"og:title\" content=\"Anteproyecto hidr\u00e1ulico para una zona de 800 hect\u00e1reas en Trenque Lauquen - Infoecos\" \/>\n<meta property=\"og:description\" content=\"El Intendente municipal, Miguel Fern\u00e1ndez y funcionarios de su gabinete estuvieron reunidos -a trav\u00e9s de la plataforma Zoom- con el ingeniero hidr\u00e1ulico de la Consultora HCA SRL, Horacio Tavecchio\" \/>\n<meta property=\"og:url\" content=\"https:\/\/infoecos.com.ar\/index.php\/anteproyecto-hidraulico-para-una-zona-de-800-hectareas-en-trenque-lauquen\/\" \/>\n<meta property=\"og:site_name\" content=\"Infoecos\" \/>\n<meta property=\"article:publisher\" content=\"https:\/\/www.facebook.com\/profile.php?id=100063200290284\" \/>\n<meta property=\"article:published_time\" content=\"2020-12-05T18:20:57+00:00\" \/>\n<meta property=\"article:modified_time\" content=\"2020-12-10T03:36:28+00:00\" \/>\n<meta property=\"og:image\" content=\"https:\/\/infoecos.com.ar\/wp-content\/uploads\/2020\/12\/Poyecto-Hidraulica-4.jpg\" \/>\n\t<meta property=\"og:image:width\" content=\"1237\" \/>\n\t<meta property=\"og:image:height\" content=\"823\" \/>\n\t<meta property=\"og:image:type\" content=\"image\/jpeg\" \/>\n<meta name=\"author\" content=\"Jorge Matheus\" \/>\n<meta name=\"twitter:card\" content=\"summary_large_image\" \/>\n<meta name=\"twitter:creator\" content=\"@infoecos\" \/>\n<meta name=\"twitter:site\" content=\"@infoecos\" \/>\n<meta name=\"twitter:label1\" content=\"Escrito por\" \/>\n\t<meta name=\"twitter:data1\" content=\"Jorge Matheus\" \/>\n\t<meta name=\"twitter:label2\" content=\"Tiempo de lectura\" \/>\n\t<meta name=\"twitter:data2\" content=\"2 minutos\" \/>\n<script type=\"application\/ld+json\" class=\"yoast-schema-graph\">{\"@context\":\"https:\/\/schema.org\",\"@graph\":[{\"@type\":\"Article\",\"@id\":\"https:\/\/infoecos.com.ar\/index.php\/anteproyecto-hidraulico-para-una-zona-de-800-hectareas-en-trenque-lauquen\/#article\",\"isPartOf\":{\"@id\":\"https:\/\/infoecos.com.ar\/index.php\/anteproyecto-hidraulico-para-una-zona-de-800-hectareas-en-trenque-lauquen\/\"},\"author\":{\"name\":\"Jorge Matheus\",\"@id\":\"https:\/\/infoecos.com.ar\/#\/schema\/person\/8f5ace5ce73b4b4aac4b7245aee6f191\"},\"headline\":\"Anteproyecto hidr\u00e1ulico para una zona de 800 hect\u00e1reas en Trenque Lauquen\",\"datePublished\":\"2020-12-05T18:20:57+00:00\",\"dateModified\":\"2020-12-10T03:36:28+00:00\",\"mainEntityOfPage\":{\"@id\":\"https:\/\/infoecos.com.ar\/index.php\/anteproyecto-hidraulico-para-una-zona-de-800-hectareas-en-trenque-lauquen\/\"},\"wordCount\":320,\"publisher\":{\"@id\":\"https:\/\/infoecos.com.ar\/#organization\"},\"image\":{\"@id\":\"https:\/\/infoecos.com.ar\/index.php\/anteproyecto-hidraulico-para-una-zona-de-800-hectareas-en-trenque-lauquen\/#primaryimage\"},\"thumbnailUrl\":\"https:\/\/infoecos.com.ar\/wp-content\/uploads\/2020\/12\/Poyecto-Hidraulica-4.jpg\",\"keywords\":[\"OFICIAL TRENQUE LAUQUEN\"],\"articleSection\":[\"Bloque inferior - 4\"],\"inLanguage\":\"es\"},{\"@type\":\"WebPage\",\"@id\":\"https:\/\/infoecos.com.ar\/index.php\/anteproyecto-hidraulico-para-una-zona-de-800-hectareas-en-trenque-lauquen\/\",\"url\":\"https:\/\/infoecos.com.ar\/index.php\/anteproyecto-hidraulico-para-una-zona-de-800-hectareas-en-trenque-lauquen\/\",\"name\":\"Anteproyecto hidr\u00e1ulico para una zona de 800 hect\u00e1reas en Trenque Lauquen - Infoecos\",\"isPartOf\":{\"@id\":\"https:\/\/infoecos.com.ar\/#website\"},\"primaryImageOfPage\":{\"@id\":\"https:\/\/infoecos.com.ar\/index.php\/anteproyecto-hidraulico-para-una-zona-de-800-hectareas-en-trenque-lauquen\/#primaryimage\"},\"image\":{\"@id\":\"https:\/\/infoecos.com.ar\/index.php\/anteproyecto-hidraulico-para-una-zona-de-800-hectareas-en-trenque-lauquen\/#primaryimage\"},\"thumbnailUrl\":\"https:\/\/infoecos.com.ar\/wp-content\/uploads\/2020\/12\/Poyecto-Hidraulica-4.jpg\",\"datePublished\":\"2020-12-05T18:20:57+00:00\",\"dateModified\":\"2020-12-10T03:36:28+00:00\",\"breadcrumb\":{\"@id\":\"https:\/\/infoecos.com.ar\/index.php\/anteproyecto-hidraulico-para-una-zona-de-800-hectareas-en-trenque-lauquen\/#breadcrumb\"},\"inLanguage\":\"es\",\"potentialAction\":[{\"@type\":\"ReadAction\",\"target\":[\"https:\/\/infoecos.com.ar\/index.php\/anteproyecto-hidraulico-para-una-zona-de-800-hectareas-en-trenque-lauquen\/\"]}]},{\"@type\":\"ImageObject\",\"inLanguage\":\"es\",\"@id\":\"https:\/\/infoecos.com.ar\/index.php\/anteproyecto-hidraulico-para-una-zona-de-800-hectareas-en-trenque-lauquen\/#primaryimage\",\"url\":\"https:\/\/infoecos.com.ar\/wp-content\/uploads\/2020\/12\/Poyecto-Hidraulica-4.jpg\",\"contentUrl\":\"https:\/\/infoecos.com.ar\/wp-content\/uploads\/2020\/12\/Poyecto-Hidraulica-4.jpg\",\"width\":1237,\"height\":823},{\"@type\":\"BreadcrumbList\",\"@id\":\"https:\/\/infoecos.com.ar\/index.php\/anteproyecto-hidraulico-para-una-zona-de-800-hectareas-en-trenque-lauquen\/#breadcrumb\",\"itemListElement\":[{\"@type\":\"ListItem\",\"position\":1,\"name\":\"Portada\",\"item\":\"https:\/\/infoecos.com.ar\/\"},{\"@type\":\"ListItem\",\"position\":2,\"name\":\"Anteproyecto hidr\u00e1ulico para una zona de 800 hect\u00e1reas en Trenque Lauquen\"}]},{\"@type\":\"WebSite\",\"@id\":\"https:\/\/infoecos.com.ar\/#website\",\"url\":\"https:\/\/infoecos.com.ar\/\",\"name\":\"Infoecos\",\"description\":\"Noticias de trenque lauquen y la zona\",\"publisher\":{\"@id\":\"https:\/\/infoecos.com.ar\/#organization\"},\"alternateName\":\"Noticias\",\"potentialAction\":[{\"@type\":\"SearchAction\",\"target\":{\"@type\":\"EntryPoint\",\"urlTemplate\":\"https:\/\/infoecos.com.ar\/?s={search_term_string}\"},\"query-input\":{\"@type\":\"PropertyValueSpecification\",\"valueRequired\":true,\"valueName\":\"search_term_string\"}}],\"inLanguage\":\"es\"},{\"@type\":\"Organization\",\"@id\":\"https:\/\/infoecos.com.ar\/#organization\",\"name\":\"Infoecos\",\"alternateName\":\"Noticias\",\"url\":\"https:\/\/infoecos.com.ar\/\",\"logo\":{\"@type\":\"ImageObject\",\"inLanguage\":\"es\",\"@id\":\"https:\/\/infoecos.com.ar\/#\/schema\/logo\/image\/\",\"url\":\"https:\/\/infoecos.com.ar\/wp-content\/uploads\/2024\/03\/cropped-logo.png\",\"contentUrl\":\"https:\/\/infoecos.com.ar\/wp-content\/uploads\/2024\/03\/cropped-logo.png\",\"width\":374,\"height\":90,\"caption\":\"Infoecos\"},\"image\":{\"@id\":\"https:\/\/infoecos.com.ar\/#\/schema\/logo\/image\/\"},\"sameAs\":[\"https:\/\/www.facebook.com\/profile.php?id=100063200290284\",\"https:\/\/x.com\/infoecos\"]},{\"@type\":\"Person\",\"@id\":\"https:\/\/infoecos.com.ar\/#\/schema\/person\/8f5ace5ce73b4b4aac4b7245aee6f191\",\"name\":\"Jorge Matheus\",\"url\":\"https:\/\/infoecos.com.ar\/index.php\/author\/jomatheus\/\"}]}<\/script>\n<!-- \/ Yoast SEO plugin. -->","yoast_head_json":{"title":"Anteproyecto hidr\u00e1ulico para una zona de 800 hect\u00e1reas en Trenque Lauquen - Infoecos","robots":{"index":"index","follow":"follow","max-snippet":"max-snippet:-1","max-image-preview":"max-image-preview:large","max-video-preview":"max-video-preview:-1"},"canonical":"https:\/\/infoecos.com.ar\/index.php\/anteproyecto-hidraulico-para-una-zona-de-800-hectareas-en-trenque-lauquen\/","og_locale":"es_ES","og_type":"article","og_title":"Anteproyecto hidr\u00e1ulico para una zona de 800 hect\u00e1reas en Trenque Lauquen - Infoecos","og_description":"El Intendente municipal, Miguel Fern\u00e1ndez y funcionarios de su gabinete estuvieron reunidos -a trav\u00e9s de la plataforma Zoom- con el ingeniero hidr\u00e1ulico de la Consultora HCA SRL, Horacio Tavecchio","og_url":"https:\/\/infoecos.com.ar\/index.php\/anteproyecto-hidraulico-para-una-zona-de-800-hectareas-en-trenque-lauquen\/","og_site_name":"Infoecos","article_publisher":"https:\/\/www.facebook.com\/profile.php?id=100063200290284","article_published_time":"2020-12-05T18:20:57+00:00","article_modified_time":"2020-12-10T03:36:28+00:00","og_image":[{"width":1237,"height":823,"url":"https:\/\/infoecos.com.ar\/wp-content\/uploads\/2020\/12\/Poyecto-Hidraulica-4.jpg","type":"image\/jpeg"}],"author":"Jorge Matheus","twitter_card":"summary_large_image","twitter_creator":"@infoecos","twitter_site":"@infoecos","twitter_misc":{"Escrito por":"Jorge Matheus","Tiempo de lectura":"2 minutos"},"schema":{"@context":"https:\/\/schema.org","@graph":[{"@type":"Article","@id":"https:\/\/infoecos.com.ar\/index.php\/anteproyecto-hidraulico-para-una-zona-de-800-hectareas-en-trenque-lauquen\/#article","isPartOf":{"@id":"https:\/\/infoecos.com.ar\/index.php\/anteproyecto-hidraulico-para-una-zona-de-800-hectareas-en-trenque-lauquen\/"},"author":{"name":"Jorge Matheus","@id":"https:\/\/infoecos.com.ar\/#\/schema\/person\/8f5ace5ce73b4b4aac4b7245aee6f191"},"headline":"Anteproyecto hidr\u00e1ulico para una zona de 800 hect\u00e1reas en Trenque Lauquen","datePublished":"2020-12-05T18:20:57+00:00","dateModified":"2020-12-10T03:36:28+00:00","mainEntityOfPage":{"@id":"https:\/\/infoecos.com.ar\/index.php\/anteproyecto-hidraulico-para-una-zona-de-800-hectareas-en-trenque-lauquen\/"},"wordCount":320,"publisher":{"@id":"https:\/\/infoecos.com.ar\/#organization"},"image":{"@id":"https:\/\/infoecos.com.ar\/index.php\/anteproyecto-hidraulico-para-una-zona-de-800-hectareas-en-trenque-lauquen\/#primaryimage"},"thumbnailUrl":"https:\/\/infoecos.com.ar\/wp-content\/uploads\/2020\/12\/Poyecto-Hidraulica-4.jpg","keywords":["OFICIAL TRENQUE LAUQUEN"],"articleSection":["Bloque inferior - 4"],"inLanguage":"es"},{"@type":"WebPage","@id":"https:\/\/infoecos.com.ar\/index.php\/anteproyecto-hidraulico-para-una-zona-de-800-hectareas-en-trenque-lauquen\/","url":"https:\/\/infoecos.com.ar\/index.php\/anteproyecto-hidraulico-para-una-zona-de-800-hectareas-en-trenque-lauquen\/","name":"Anteproyecto hidr\u00e1ulico para una zona de 800 hect\u00e1reas en Trenque Lauquen - Infoecos","isPartOf":{"@id":"https:\/\/infoecos.com.ar\/#website"},"primaryImageOfPage":{"@id":"https:\/\/infoecos.com.ar\/index.php\/anteproyecto-hidraulico-para-una-zona-de-800-hectareas-en-trenque-lauquen\/#primaryimage"},"image":{"@id":"https:\/\/infoecos.com.ar\/index.php\/anteproyecto-hidraulico-para-una-zona-de-800-hectareas-en-trenque-lauquen\/#primaryimage"},"thumbnailUrl":"https:\/\/infoecos.com.ar\/wp-content\/uploads\/2020\/12\/Poyecto-Hidraulica-4.jpg","datePublished":"2020-12-05T18:20:57+00:00","dateModified":"2020-12-10T03:36:28+00:00","breadcrumb":{"@id":"https:\/\/infoecos.com.ar\/index.php\/anteproyecto-hidraulico-para-una-zona-de-800-hectareas-en-trenque-lauquen\/#breadcrumb"},"inLanguage":"es","potentialAction":[{"@type":"ReadAction","target":["https:\/\/infoecos.com.ar\/index.php\/anteproyecto-hidraulico-para-una-zona-de-800-hectareas-en-trenque-lauquen\/"]}]},{"@type":"ImageObject","inLanguage":"es","@id":"https:\/\/infoecos.com.ar\/index.php\/anteproyecto-hidraulico-para-una-zona-de-800-hectareas-en-trenque-lauquen\/#primaryimage","url":"https:\/\/infoecos.com.ar\/wp-content\/uploads\/2020\/12\/Poyecto-Hidraulica-4.jpg","contentUrl":"https:\/\/infoecos.com.ar\/wp-content\/uploads\/2020\/12\/Poyecto-Hidraulica-4.jpg","width":1237,"height":823},{"@type":"BreadcrumbList","@id":"https:\/\/infoecos.com.ar\/index.php\/anteproyecto-hidraulico-para-una-zona-de-800-hectareas-en-trenque-lauquen\/#breadcrumb","itemListElement":[{"@type":"ListItem","position":1,"name":"Portada","item":"https:\/\/infoecos.com.ar\/"},{"@type":"ListItem","position":2,"name":"Anteproyecto hidr\u00e1ulico para una zona de 800 hect\u00e1reas en Trenque Lauquen"}]},{"@type":"WebSite","@id":"https:\/\/infoecos.com.ar\/#website","url":"https:\/\/infoecos.com.ar\/","name":"Infoecos","description":"Noticias de trenque lauquen y la zona","publisher":{"@id":"https:\/\/infoecos.com.ar\/#organization"},"alternateName":"Noticias","potentialAction":[{"@type":"SearchAction","target":{"@type":"EntryPoint","urlTemplate":"https:\/\/infoecos.com.ar\/?s={search_term_string}"},"query-input":{"@type":"PropertyValueSpecification","valueRequired":true,"valueName":"search_term_string"}}],"inLanguage":"es"},{"@type":"Organization","@id":"https:\/\/infoecos.com.ar\/#organization","name":"Infoecos","alternateName":"Noticias","url":"https:\/\/infoecos.com.ar\/","logo":{"@type":"ImageObject","inLanguage":"es","@id":"https:\/\/infoecos.com.ar\/#\/schema\/logo\/image\/","url":"https:\/\/infoecos.com.ar\/wp-content\/uploads\/2024\/03\/cropped-logo.png","contentUrl":"https:\/\/infoecos.com.ar\/wp-content\/uploads\/2024\/03\/cropped-logo.png","width":374,"height":90,"caption":"Infoecos"},"image":{"@id":"https:\/\/infoecos.com.ar\/#\/schema\/logo\/image\/"},"sameAs":["https:\/\/www.facebook.com\/profile.php?id=100063200290284","https:\/\/x.com\/infoecos"]},{"@type":"Person","@id":"https:\/\/infoecos.com.ar\/#\/schema\/person\/8f5ace5ce73b4b4aac4b7245aee6f191","name":"Jorge Matheus","url":"https:\/\/infoecos.com.ar\/index.php\/author\/jomatheus\/"}]}},"featured_image_urls":{"full":["https:\/\/infoecos.com.ar\/wp-content\/uploads\/2020\/12\/Poyecto-Hidraulica-4.jpg",1237,823,false],"thumbnail":["https:\/\/infoecos.com.ar\/wp-content\/uploads\/2020\/12\/Poyecto-Hidraulica-4-150x150.jpg",150,150,true],"medium":["https:\/\/infoecos.com.ar\/wp-content\/uploads\/2020\/12\/Poyecto-Hidraulica-4-460x306.jpg",460,306,true],"medium_large":["https:\/\/infoecos.com.ar\/wp-content\/uploads\/2020\/12\/Poyecto-Hidraulica-4-768x511.jpg",640,426,true],"large":["https:\/\/infoecos.com.ar\/wp-content\/uploads\/2020\/12\/Poyecto-Hidraulica-4-920x612.jpg",640,426,true],"1536x1536":["https:\/\/infoecos.com.ar\/wp-content\/uploads\/2020\/12\/Poyecto-Hidraulica-4.jpg",1237,823,false],"2048x2048":["https:\/\/infoecos.com.ar\/wp-content\/uploads\/2020\/12\/Poyecto-Hidraulica-4.jpg",1237,823,false],"covernews-slider-full":["https:\/\/infoecos.com.ar\/wp-content\/uploads\/2020\/12\/Poyecto-Hidraulica-4.jpg",1075,715,false],"covernews-slider-center":["https:\/\/infoecos.com.ar\/wp-content\/uploads\/2020\/12\/Poyecto-Hidraulica-4-936x823.jpg",569,500,true],"covernews-featured":["https:\/\/infoecos.com.ar\/wp-content\/uploads\/2020\/12\/Poyecto-Hidraulica-4-1024x681.jpg",1024,681,true],"covernews-medium":["https:\/\/infoecos.com.ar\/wp-content\/uploads\/2020\/12\/Poyecto-Hidraulica-4-720x380.jpg",540,285,true],"covernews-medium-square":["https:\/\/infoecos.com.ar\/wp-content\/uploads\/2020\/12\/Poyecto-Hidraulica-4-675x450.jpg",375,250,true]},"author_info":{"info":["Jorge Matheus"]},"category_info":"<a href=\"https:\/\/infoecos.com.ar\/index.php\/category\/inferior4\/\" rel=\"category tag\">Bloque inferior - 4<\/a>","tag_info":"Bloque inferior - 4","comment_count":"0","_links":{"self":[{"href":"https:\/\/infoecos.com.ar\/index.php\/wp-json\/wp\/v2\/posts\/70995"}],"collection":[{"href":"https:\/\/infoecos.com.ar\/index.php\/wp-json\/wp\/v2\/posts"}],"about":[{"href":"https:\/\/infoecos.com.ar\/index.php\/wp-json\/wp\/v2\/types\/post"}],"author":[{"embeddable":true,"href":"https:\/\/infoecos.com.ar\/index.php\/wp-json\/wp\/v2\/users\/2"}],"replies":[{"embeddable":true,"href":"https:\/\/infoecos.com.ar\/index.php\/wp-json\/wp\/v2\/comments?post=70995"}],"version-history":[{"count":2,"href":"https:\/\/infoecos.com.ar\/index.php\/wp-json\/wp\/v2\/posts\/70995\/revisions"}],"predecessor-version":[{"id":71139,"href":"https:\/\/infoecos.com.ar\/index.php\/wp-json\/wp\/v2\/posts\/70995\/revisions\/71139"}],"wp:featuredmedia":[{"embeddable":true,"href":"https:\/\/infoecos.com.ar\/index.php\/wp-json\/wp\/v2\/media\/70996"}],"wp:attachment":[{"href":"https:\/\/infoecos.com.ar\/index.php\/wp-json\/wp\/v2\/media?parent=70995"}],"wp:term":[{"taxonomy":"category","embeddable":true,"href":"https:\/\/infoecos.com.ar\/index.php\/wp-json\/wp\/v2\/categories?post=70995"},{"taxonomy":"post_tag","embeddable":true,"href":"https:\/\/infoecos.com.ar\/index.php\/wp-json\/wp\/v2\/tags?post=70995"}],"curies":[{"name":"wp","href":"https:\/\/api.w.org\/{rel}","templated":true}]}}