{"id":71000,"date":"2020-12-05T15:27:19","date_gmt":"2020-12-05T18:27:19","guid":{"rendered":"http:\/\/infoecos.com.ar\/?p=71000"},"modified":"2020-12-10T00:35:17","modified_gmt":"2020-12-10T03:35:17","slug":"entre-el-miercoles-que-viene-y-el-30-de-este-mes-se-abrira-la-inscripcion-para-las-cuatro-casas-del-estudiante-de-trenque-lauquen","status":"publish","type":"post","link":"https:\/\/infoecos.com.ar\/index.php\/entre-el-miercoles-que-viene-y-el-30-de-este-mes-se-abrira-la-inscripcion-para-las-cuatro-casas-del-estudiante-de-trenque-lauquen\/","title":{"rendered":"Hasta el 30 de este mes est\u00e1 abierta la inscripci\u00f3n para las cuatro Casas del Estudiante de Trenque Lauquen"},"content":{"rendered":"\n<p>La oficina de la Juventud municipal de Trenque Lauquen inform\u00f3 que desde el mi\u00e9rcoles y hasta el mi\u00e9rcoles 30 del corriente mes est\u00e1 abierta la inscripci\u00f3n para los estudiantes del distrito que hayan finalizado el nivel secundario y quieran seguir una carrera universitaria o terciaria y para ello aspiren a una vacante en las distintas sedes de la Casa del Estudiante: dos en La Plata, una en Ciudad Aut\u00f3noma de Buenos Aires y otra en Trenque Lauquen.<\/p>\n\n\n\n<div class=\"wp-block-image\"><figure class=\"aligncenter size-medium\"><img decoding=\"async\" src=\"http:\/\/infoecos.com.ar\/wp-content\/uploads\/Casa-del-estudiante-de-30-de-agosto-460x332.jpg\" alt=\"\" class=\"wp-image-53375\"\/><figcaption>30 de Agosto &#8211; Casa del Estudiante en La Plata<\/figcaption><\/figure><\/div>\n\n\n\n<p>Marta Bathis, titular de la oficina de la Juventud, explic\u00f3 que debido a la situaci\u00f3n sanitaria actual por la pandemia de Covid-19 y para evitar la concentraci\u00f3n innecesaria de gente, la inscripci\u00f3n se realizar\u00e1 por correo electr\u00f3nico. Los estudiantes interesados tendr\u00e1n que escribir al mail <a href=\"mailto:oficina.juventud@trenquelauquen.gov.ar\">oficina.juventud@trenquelauquen.gov.ar<\/a>.<\/p>\n","protected":false},"excerpt":{"rendered":"<p>La inscripci\u00f3n se realizar\u00e1 por correo electr\u00f3nico. Los estudiantes interesados tendr\u00e1n que escribir al mail oficina.juventud@trenquelauquen.gov.ar<\/p>\n","protected":false},"author":2,"featured_media":54289,"comment_status":"closed","ping_status":"open","sticky":false,"template":"","format":"standard","meta":{"footnotes":""},"categories":[42],"tags":[2399],"class_list":["post-71000","post","type-post","status-publish","format-standard","has-post-thumbnail","hentry","category-inferior3","tag-oficial-trenque-lauquen"],"yoast_head":"<!-- This site is optimized with the Yoast SEO plugin v23.4 - https:\/\/yoast.com\/wordpress\/plugins\/seo\/ -->\n<title>Hasta el 30 de este mes est\u00e1 abierta la inscripci\u00f3n para las cuatro Casas del Estudiante de Trenque Lauquen - Infoecos<\/title>\n<meta name=\"robots\" content=\"index, follow, max-snippet:-1, max-image-preview:large, max-video-preview:-1\" \/>\n<link rel=\"canonical\" href=\"https:\/\/infoecos.com.ar\/index.php\/entre-el-miercoles-que-viene-y-el-30-de-este-mes-se-abrira-la-inscripcion-para-las-cuatro-casas-del-estudiante-de-trenque-lauquen\/\" \/>\n<meta property=\"og:locale\" content=\"es_ES\" \/>\n<meta property=\"og:type\" content=\"article\" \/>\n<meta property=\"og:title\" content=\"Hasta el 30 de este mes est\u00e1 abierta la inscripci\u00f3n para las cuatro Casas del Estudiante de Trenque Lauquen - Infoecos\" \/>\n<meta property=\"og:description\" content=\"La inscripci\u00f3n se realizar\u00e1 por correo electr\u00f3nico. Los estudiantes interesados tendr\u00e1n que escribir al mail oficina.juventud@trenquelauquen.gov.ar\" \/>\n<meta property=\"og:url\" content=\"https:\/\/infoecos.com.ar\/index.php\/entre-el-miercoles-que-viene-y-el-30-de-este-mes-se-abrira-la-inscripcion-para-las-cuatro-casas-del-estudiante-de-trenque-lauquen\/\" \/>\n<meta property=\"og:site_name\" content=\"Infoecos\" \/>\n<meta property=\"article:publisher\" content=\"https:\/\/www.facebook.com\/profile.php?id=100063200290284\" \/>\n<meta property=\"article:published_time\" content=\"2020-12-05T18:27:19+00:00\" \/>\n<meta property=\"article:modified_time\" content=\"2020-12-10T03:35:17+00:00\" \/>\n<meta property=\"og:image\" content=\"https:\/\/infoecos.com.ar\/wp-content\/uploads\/Casa-del-estudiante-de-30-de-Agosto-en-La-Plata-1.jpg\" \/>\n\t<meta property=\"og:image:width\" content=\"876\" \/>\n\t<meta property=\"og:image:height\" content=\"633\" \/>\n\t<meta property=\"og:image:type\" content=\"image\/jpeg\" \/>\n<meta name=\"author\" content=\"Jorge Matheus\" \/>\n<meta name=\"twitter:card\" content=\"summary_large_image\" \/>\n<meta name=\"twitter:creator\" content=\"@infoecos\" \/>\n<meta name=\"twitter:site\" content=\"@infoecos\" \/>\n<meta name=\"twitter:label1\" content=\"Escrito por\" \/>\n\t<meta name=\"twitter:data1\" content=\"Jorge Matheus\" \/>\n\t<meta name=\"twitter:label2\" content=\"Tiempo de lectura\" \/>\n\t<meta name=\"twitter:data2\" content=\"1 minuto\" \/>\n<script type=\"application\/ld+json\" class=\"yoast-schema-graph\">{\"@context\":\"https:\/\/schema.org\",\"@graph\":[{\"@type\":\"Article\",\"@id\":\"https:\/\/infoecos.com.ar\/index.php\/entre-el-miercoles-que-viene-y-el-30-de-este-mes-se-abrira-la-inscripcion-para-las-cuatro-casas-del-estudiante-de-trenque-lauquen\/#article\",\"isPartOf\":{\"@id\":\"https:\/\/infoecos.com.ar\/index.php\/entre-el-miercoles-que-viene-y-el-30-de-este-mes-se-abrira-la-inscripcion-para-las-cuatro-casas-del-estudiante-de-trenque-lauquen\/\"},\"author\":{\"name\":\"Jorge Matheus\",\"@id\":\"https:\/\/infoecos.com.ar\/#\/schema\/person\/8f5ace5ce73b4b4aac4b7245aee6f191\"},\"headline\":\"Hasta el 30 de este mes est\u00e1 abierta la inscripci\u00f3n para las cuatro Casas del Estudiante de Trenque Lauquen\",\"datePublished\":\"2020-12-05T18:27:19+00:00\",\"dateModified\":\"2020-12-10T03:35:17+00:00\",\"mainEntityOfPage\":{\"@id\":\"https:\/\/infoecos.com.ar\/index.php\/entre-el-miercoles-que-viene-y-el-30-de-este-mes-se-abrira-la-inscripcion-para-las-cuatro-casas-del-estudiante-de-trenque-lauquen\/\"},\"wordCount\":163,\"publisher\":{\"@id\":\"https:\/\/infoecos.com.ar\/#organization\"},\"image\":{\"@id\":\"https:\/\/infoecos.com.ar\/index.php\/entre-el-miercoles-que-viene-y-el-30-de-este-mes-se-abrira-la-inscripcion-para-las-cuatro-casas-del-estudiante-de-trenque-lauquen\/#primaryimage\"},\"thumbnailUrl\":\"\",\"keywords\":[\"OFICIAL TRENQUE LAUQUEN\"],\"articleSection\":[\"Bloque inferior - 3\"],\"inLanguage\":\"es\"},{\"@type\":\"WebPage\",\"@id\":\"https:\/\/infoecos.com.ar\/index.php\/entre-el-miercoles-que-viene-y-el-30-de-este-mes-se-abrira-la-inscripcion-para-las-cuatro-casas-del-estudiante-de-trenque-lauquen\/\",\"url\":\"https:\/\/infoecos.com.ar\/index.php\/entre-el-miercoles-que-viene-y-el-30-de-este-mes-se-abrira-la-inscripcion-para-las-cuatro-casas-del-estudiante-de-trenque-lauquen\/\",\"name\":\"Hasta el 30 de este mes est\u00e1 abierta la inscripci\u00f3n para las cuatro Casas del Estudiante de Trenque Lauquen - Infoecos\",\"isPartOf\":{\"@id\":\"https:\/\/infoecos.com.ar\/#website\"},\"primaryImageOfPage\":{\"@id\":\"https:\/\/infoecos.com.ar\/index.php\/entre-el-miercoles-que-viene-y-el-30-de-este-mes-se-abrira-la-inscripcion-para-las-cuatro-casas-del-estudiante-de-trenque-lauquen\/#primaryimage\"},\"image\":{\"@id\":\"https:\/\/infoecos.com.ar\/index.php\/entre-el-miercoles-que-viene-y-el-30-de-este-mes-se-abrira-la-inscripcion-para-las-cuatro-casas-del-estudiante-de-trenque-lauquen\/#primaryimage\"},\"thumbnailUrl\":\"\",\"datePublished\":\"2020-12-05T18:27:19+00:00\",\"dateModified\":\"2020-12-10T03:35:17+00:00\",\"breadcrumb\":{\"@id\":\"https:\/\/infoecos.com.ar\/index.php\/entre-el-miercoles-que-viene-y-el-30-de-este-mes-se-abrira-la-inscripcion-para-las-cuatro-casas-del-estudiante-de-trenque-lauquen\/#breadcrumb\"},\"inLanguage\":\"es\",\"potentialAction\":[{\"@type\":\"ReadAction\",\"target\":[\"https:\/\/infoecos.com.ar\/index.php\/entre-el-miercoles-que-viene-y-el-30-de-este-mes-se-abrira-la-inscripcion-para-las-cuatro-casas-del-estudiante-de-trenque-lauquen\/\"]}]},{\"@type\":\"ImageObject\",\"inLanguage\":\"es\",\"@id\":\"https:\/\/infoecos.com.ar\/index.php\/entre-el-miercoles-que-viene-y-el-30-de-este-mes-se-abrira-la-inscripcion-para-las-cuatro-casas-del-estudiante-de-trenque-lauquen\/#primaryimage\",\"url\":\"\",\"contentUrl\":\"\"},{\"@type\":\"BreadcrumbList\",\"@id\":\"https:\/\/infoecos.com.ar\/index.php\/entre-el-miercoles-que-viene-y-el-30-de-este-mes-se-abrira-la-inscripcion-para-las-cuatro-casas-del-estudiante-de-trenque-lauquen\/#breadcrumb\",\"itemListElement\":[{\"@type\":\"ListItem\",\"position\":1,\"name\":\"Portada\",\"item\":\"https:\/\/infoecos.com.ar\/\"},{\"@type\":\"ListItem\",\"position\":2,\"name\":\"Hasta el 30 de este mes est\u00e1 abierta la inscripci\u00f3n para las cuatro Casas del Estudiante de Trenque Lauquen\"}]},{\"@type\":\"WebSite\",\"@id\":\"https:\/\/infoecos.com.ar\/#website\",\"url\":\"https:\/\/infoecos.com.ar\/\",\"name\":\"Infoecos\",\"description\":\"Noticias de trenque lauquen y la zona\",\"publisher\":{\"@id\":\"https:\/\/infoecos.com.ar\/#organization\"},\"alternateName\":\"Noticias\",\"potentialAction\":[{\"@type\":\"SearchAction\",\"target\":{\"@type\":\"EntryPoint\",\"urlTemplate\":\"https:\/\/infoecos.com.ar\/?s={search_term_string}\"},\"query-input\":{\"@type\":\"PropertyValueSpecification\",\"valueRequired\":true,\"valueName\":\"search_term_string\"}}],\"inLanguage\":\"es\"},{\"@type\":\"Organization\",\"@id\":\"https:\/\/infoecos.com.ar\/#organization\",\"name\":\"Infoecos\",\"alternateName\":\"Noticias\",\"url\":\"https:\/\/infoecos.com.ar\/\",\"logo\":{\"@type\":\"ImageObject\",\"inLanguage\":\"es\",\"@id\":\"https:\/\/infoecos.com.ar\/#\/schema\/logo\/image\/\",\"url\":\"https:\/\/infoecos.com.ar\/wp-content\/uploads\/2024\/03\/cropped-logo.png\",\"contentUrl\":\"https:\/\/infoecos.com.ar\/wp-content\/uploads\/2024\/03\/cropped-logo.png\",\"width\":374,\"height\":90,\"caption\":\"Infoecos\"},\"image\":{\"@id\":\"https:\/\/infoecos.com.ar\/#\/schema\/logo\/image\/\"},\"sameAs\":[\"https:\/\/www.facebook.com\/profile.php?id=100063200290284\",\"https:\/\/x.com\/infoecos\"]},{\"@type\":\"Person\",\"@id\":\"https:\/\/infoecos.com.ar\/#\/schema\/person\/8f5ace5ce73b4b4aac4b7245aee6f191\",\"name\":\"Jorge Matheus\",\"url\":\"https:\/\/infoecos.com.ar\/index.php\/author\/jomatheus\/\"}]}<\/script>\n<!-- \/ Yoast SEO plugin. -->","yoast_head_json":{"title":"Hasta el 30 de este mes est\u00e1 abierta la inscripci\u00f3n para las cuatro Casas del Estudiante de Trenque Lauquen - Infoecos","robots":{"index":"index","follow":"follow","max-snippet":"max-snippet:-1","max-image-preview":"max-image-preview:large","max-video-preview":"max-video-preview:-1"},"canonical":"https:\/\/infoecos.com.ar\/index.php\/entre-el-miercoles-que-viene-y-el-30-de-este-mes-se-abrira-la-inscripcion-para-las-cuatro-casas-del-estudiante-de-trenque-lauquen\/","og_locale":"es_ES","og_type":"article","og_title":"Hasta el 30 de este mes est\u00e1 abierta la inscripci\u00f3n para las cuatro Casas del Estudiante de Trenque Lauquen - Infoecos","og_description":"La inscripci\u00f3n se realizar\u00e1 por correo electr\u00f3nico. Los estudiantes interesados tendr\u00e1n que escribir al mail oficina.juventud@trenquelauquen.gov.ar","og_url":"https:\/\/infoecos.com.ar\/index.php\/entre-el-miercoles-que-viene-y-el-30-de-este-mes-se-abrira-la-inscripcion-para-las-cuatro-casas-del-estudiante-de-trenque-lauquen\/","og_site_name":"Infoecos","article_publisher":"https:\/\/www.facebook.com\/profile.php?id=100063200290284","article_published_time":"2020-12-05T18:27:19+00:00","article_modified_time":"2020-12-10T03:35:17+00:00","og_image":[{"width":876,"height":633,"url":"https:\/\/infoecos.com.ar\/wp-content\/uploads\/Casa-del-estudiante-de-30-de-Agosto-en-La-Plata-1.jpg","type":"image\/jpeg"}],"author":"Jorge Matheus","twitter_card":"summary_large_image","twitter_creator":"@infoecos","twitter_site":"@infoecos","twitter_misc":{"Escrito por":"Jorge Matheus","Tiempo de lectura":"1 minuto"},"schema":{"@context":"https:\/\/schema.org","@graph":[{"@type":"Article","@id":"https:\/\/infoecos.com.ar\/index.php\/entre-el-miercoles-que-viene-y-el-30-de-este-mes-se-abrira-la-inscripcion-para-las-cuatro-casas-del-estudiante-de-trenque-lauquen\/#article","isPartOf":{"@id":"https:\/\/infoecos.com.ar\/index.php\/entre-el-miercoles-que-viene-y-el-30-de-este-mes-se-abrira-la-inscripcion-para-las-cuatro-casas-del-estudiante-de-trenque-lauquen\/"},"author":{"name":"Jorge Matheus","@id":"https:\/\/infoecos.com.ar\/#\/schema\/person\/8f5ace5ce73b4b4aac4b7245aee6f191"},"headline":"Hasta el 30 de este mes est\u00e1 abierta la inscripci\u00f3n para las cuatro Casas del Estudiante de Trenque Lauquen","datePublished":"2020-12-05T18:27:19+00:00","dateModified":"2020-12-10T03:35:17+00:00","mainEntityOfPage":{"@id":"https:\/\/infoecos.com.ar\/index.php\/entre-el-miercoles-que-viene-y-el-30-de-este-mes-se-abrira-la-inscripcion-para-las-cuatro-casas-del-estudiante-de-trenque-lauquen\/"},"wordCount":163,"publisher":{"@id":"https:\/\/infoecos.com.ar\/#organization"},"image":{"@id":"https:\/\/infoecos.com.ar\/index.php\/entre-el-miercoles-que-viene-y-el-30-de-este-mes-se-abrira-la-inscripcion-para-las-cuatro-casas-del-estudiante-de-trenque-lauquen\/#primaryimage"},"thumbnailUrl":"","keywords":["OFICIAL TRENQUE LAUQUEN"],"articleSection":["Bloque inferior - 3"],"inLanguage":"es"},{"@type":"WebPage","@id":"https:\/\/infoecos.com.ar\/index.php\/entre-el-miercoles-que-viene-y-el-30-de-este-mes-se-abrira-la-inscripcion-para-las-cuatro-casas-del-estudiante-de-trenque-lauquen\/","url":"https:\/\/infoecos.com.ar\/index.php\/entre-el-miercoles-que-viene-y-el-30-de-este-mes-se-abrira-la-inscripcion-para-las-cuatro-casas-del-estudiante-de-trenque-lauquen\/","name":"Hasta el 30 de este mes est\u00e1 abierta la inscripci\u00f3n para las cuatro Casas del Estudiante de Trenque Lauquen - Infoecos","isPartOf":{"@id":"https:\/\/infoecos.com.ar\/#website"},"primaryImageOfPage":{"@id":"https:\/\/infoecos.com.ar\/index.php\/entre-el-miercoles-que-viene-y-el-30-de-este-mes-se-abrira-la-inscripcion-para-las-cuatro-casas-del-estudiante-de-trenque-lauquen\/#primaryimage"},"image":{"@id":"https:\/\/infoecos.com.ar\/index.php\/entre-el-miercoles-que-viene-y-el-30-de-este-mes-se-abrira-la-inscripcion-para-las-cuatro-casas-del-estudiante-de-trenque-lauquen\/#primaryimage"},"thumbnailUrl":"","datePublished":"2020-12-05T18:27:19+00:00","dateModified":"2020-12-10T03:35:17+00:00","breadcrumb":{"@id":"https:\/\/infoecos.com.ar\/index.php\/entre-el-miercoles-que-viene-y-el-30-de-este-mes-se-abrira-la-inscripcion-para-las-cuatro-casas-del-estudiante-de-trenque-lauquen\/#breadcrumb"},"inLanguage":"es","potentialAction":[{"@type":"ReadAction","target":["https:\/\/infoecos.com.ar\/index.php\/entre-el-miercoles-que-viene-y-el-30-de-este-mes-se-abrira-la-inscripcion-para-las-cuatro-casas-del-estudiante-de-trenque-lauquen\/"]}]},{"@type":"ImageObject","inLanguage":"es","@id":"https:\/\/infoecos.com.ar\/index.php\/entre-el-miercoles-que-viene-y-el-30-de-este-mes-se-abrira-la-inscripcion-para-las-cuatro-casas-del-estudiante-de-trenque-lauquen\/#primaryimage","url":"","contentUrl":""},{"@type":"BreadcrumbList","@id":"https:\/\/infoecos.com.ar\/index.php\/entre-el-miercoles-que-viene-y-el-30-de-este-mes-se-abrira-la-inscripcion-para-las-cuatro-casas-del-estudiante-de-trenque-lauquen\/#breadcrumb","itemListElement":[{"@type":"ListItem","position":1,"name":"Portada","item":"https:\/\/infoecos.com.ar\/"},{"@type":"ListItem","position":2,"name":"Hasta el 30 de este mes est\u00e1 abierta la inscripci\u00f3n para las cuatro Casas del Estudiante de Trenque Lauquen"}]},{"@type":"WebSite","@id":"https:\/\/infoecos.com.ar\/#website","url":"https:\/\/infoecos.com.ar\/","name":"Infoecos","description":"Noticias de trenque lauquen y la zona","publisher":{"@id":"https:\/\/infoecos.com.ar\/#organization"},"alternateName":"Noticias","potentialAction":[{"@type":"SearchAction","target":{"@type":"EntryPoint","urlTemplate":"https:\/\/infoecos.com.ar\/?s={search_term_string}"},"query-input":{"@type":"PropertyValueSpecification","valueRequired":true,"valueName":"search_term_string"}}],"inLanguage":"es"},{"@type":"Organization","@id":"https:\/\/infoecos.com.ar\/#organization","name":"Infoecos","alternateName":"Noticias","url":"https:\/\/infoecos.com.ar\/","logo":{"@type":"ImageObject","inLanguage":"es","@id":"https:\/\/infoecos.com.ar\/#\/schema\/logo\/image\/","url":"https:\/\/infoecos.com.ar\/wp-content\/uploads\/2024\/03\/cropped-logo.png","contentUrl":"https:\/\/infoecos.com.ar\/wp-content\/uploads\/2024\/03\/cropped-logo.png","width":374,"height":90,"caption":"Infoecos"},"image":{"@id":"https:\/\/infoecos.com.ar\/#\/schema\/logo\/image\/"},"sameAs":["https:\/\/www.facebook.com\/profile.php?id=100063200290284","https:\/\/x.com\/infoecos"]},{"@type":"Person","@id":"https:\/\/infoecos.com.ar\/#\/schema\/person\/8f5ace5ce73b4b4aac4b7245aee6f191","name":"Jorge Matheus","url":"https:\/\/infoecos.com.ar\/index.php\/author\/jomatheus\/"}]}},"featured_image_urls":{"full":"","thumbnail":"","medium":"","medium_large":"","large":"","1536x1536":"","2048x2048":"","covernews-slider-full":"","covernews-slider-center":"","covernews-featured":"","covernews-medium":"","covernews-medium-square":""},"author_info":{"info":["Jorge Matheus"]},"category_info":"<a href=\"https:\/\/infoecos.com.ar\/index.php\/category\/inferior3\/\" rel=\"category tag\">Bloque inferior - 3<\/a>","tag_info":"Bloque inferior - 3","comment_count":"0","_links":{"self":[{"href":"https:\/\/infoecos.com.ar\/index.php\/wp-json\/wp\/v2\/posts\/71000"}],"collection":[{"href":"https:\/\/infoecos.com.ar\/index.php\/wp-json\/wp\/v2\/posts"}],"about":[{"href":"https:\/\/infoecos.com.ar\/index.php\/wp-json\/wp\/v2\/types\/post"}],"author":[{"embeddable":true,"href":"https:\/\/infoecos.com.ar\/index.php\/wp-json\/wp\/v2\/users\/2"}],"replies":[{"embeddable":true,"href":"https:\/\/infoecos.com.ar\/index.php\/wp-json\/wp\/v2\/comments?post=71000"}],"version-history":[{"count":4,"href":"https:\/\/infoecos.com.ar\/index.php\/wp-json\/wp\/v2\/posts\/71000\/revisions"}],"predecessor-version":[{"id":71138,"href":"https:\/\/infoecos.com.ar\/index.php\/wp-json\/wp\/v2\/posts\/71000\/revisions\/71138"}],"wp:featuredmedia":[{"embeddable":true,"href":"https:\/\/infoecos.com.ar\/index.php\/wp-json\/"}],"wp:attachment":[{"href":"https:\/\/infoecos.com.ar\/index.php\/wp-json\/wp\/v2\/media?parent=71000"}],"wp:term":[{"taxonomy":"category","embeddable":true,"href":"https:\/\/infoecos.com.ar\/index.php\/wp-json\/wp\/v2\/categories?post=71000"},{"taxonomy":"post_tag","embeddable":true,"href":"https:\/\/infoecos.com.ar\/index.php\/wp-json\/wp\/v2\/tags?post=71000"}],"curies":[{"name":"wp","href":"https:\/\/api.w.org\/{rel}","templated":true}]}}