{"id":71005,"date":"2020-12-06T21:37:37","date_gmt":"2020-12-07T00:37:37","guid":{"rendered":"http:\/\/infoecos.com.ar\/?p=71005"},"modified":"2020-12-09T00:17:15","modified_gmt":"2020-12-09T03:17:15","slug":"el-trenquelauquense-santiago-madronal-campeon-de-salto-en-alto-y-subcampeon-en-salto-triple-en-el-campeonato-provincial-de-mayores","status":"publish","type":"post","link":"https:\/\/infoecos.com.ar\/index.php\/el-trenquelauquense-santiago-madronal-campeon-de-salto-en-alto-y-subcampeon-en-salto-triple-en-el-campeonato-provincial-de-mayores\/","title":{"rendered":"El trenquelauquense Santiago Madro\u00f1al Campe\u00f3n de salto en alto y subcampe\u00f3n en salto triple en el Campeonato Provincial de Mayores"},"content":{"rendered":"\n<p class=\"wp-block-paragraph\">El joven atleta trequelauquenche e integrante del Programa \u00danico de Atletismo (P\u00daA) Santiago Madro\u00f1al, en Mar del Plata, se coron\u00f3 campe\u00f3n de salto en alto y subcampe\u00f3n en salto triple de la 49\u00aa edici\u00f3n del Campeonato Provincial de Mayores, tras haberse consagrado el s\u00e1bado campe\u00f3n de salto en largo.<\/p>\n\n\n\n<div class=\"wp-block-image\"><figure class=\"aligncenter size-medium\"><img loading=\"lazy\" decoding=\"async\" width=\"460\" height=\"321\" src=\"http:\/\/infoecos.com.ar\/wp-content\/uploads\/2020\/12\/MADRONAL-460x321.jpg\" alt=\"\" class=\"wp-image-71006\" srcset=\"https:\/\/infoecos.com.ar\/wp-content\/uploads\/2020\/12\/MADRONAL-460x321.jpg 460w, https:\/\/infoecos.com.ar\/wp-content\/uploads\/2020\/12\/MADRONAL-920x642.jpg 920w, https:\/\/infoecos.com.ar\/wp-content\/uploads\/2020\/12\/MADRONAL-768x536.jpg 768w, https:\/\/infoecos.com.ar\/wp-content\/uploads\/2020\/12\/MADRONAL.jpg 954w\" sizes=\"auto, (max-width: 460px) 100vw, 460px\" \/><\/figure><\/div>\n\n\n\n<p class=\"wp-block-paragraph\">En el Estadio Justo Rom\u00e1n del Parque Municipal de los Deportes, Madro\u00f1al tuvo un registro de 1,88mts. para la prueba de salto en alto y una marca de 12,99 en salto triple y en salto en largo el s\u00e1bado hab\u00eda hecho 6,85mts (viento +3.0)<\/p>\n\n\n\n<p class=\"wp-block-paragraph\">Cabe destacar que en la competencia de salto en largo otro trenquelauquenche, Kevin Soraci, fue cuarto (6,19mts. \/ viento +0.7) y quinto en salto en alto (12,00).<\/p>\n\n\n\n<div class=\"wp-block-image\"><figure class=\"aligncenter size-medium\"><img loading=\"lazy\" decoding=\"async\" width=\"460\" height=\"342\" src=\"http:\/\/infoecos.com.ar\/wp-content\/uploads\/2020\/12\/MADRONAL1-460x342.jpg\" alt=\"\" class=\"wp-image-71007\" srcset=\"https:\/\/infoecos.com.ar\/wp-content\/uploads\/2020\/12\/MADRONAL1-460x342.jpg 460w, https:\/\/infoecos.com.ar\/wp-content\/uploads\/2020\/12\/MADRONAL1-920x684.jpg 920w, https:\/\/infoecos.com.ar\/wp-content\/uploads\/2020\/12\/MADRONAL1-768x571.jpg 768w, https:\/\/infoecos.com.ar\/wp-content\/uploads\/2020\/12\/MADRONAL1.jpg 959w\" sizes=\"auto, (max-width: 460px) 100vw, 460px\" \/><\/figure><\/div>\n\n\n\n<p class=\"wp-block-paragraph\">Ambos atletas del Programa \u00danico de Atletismo (P\u00daA) viajaron acompa\u00f1ados por el profesor Sandro Otero.<\/p>\n\n\n\n<p class=\"wp-block-paragraph\">Esta fue la primera competencia oficial desde marzo pasado, cuando comenz\u00f3 la pandemia de Covid-19.<\/p>\n","protected":false},"excerpt":{"rendered":"<p>En el Estadio Justo Rom\u00e1n del Parque Municipal de los Deportes, Madro\u00f1al tuvo un registro de 1,88mts. para la prueba de salto en alto<\/p>\n","protected":false},"author":2,"featured_media":71006,"comment_status":"closed","ping_status":"open","sticky":false,"template":"","format":"standard","meta":{"footnotes":""},"categories":[41],"tags":[2400],"class_list":["post-71005","post","type-post","status-publish","format-standard","has-post-thumbnail","hentry","category-inferior2","tag-deportes-mar-del-plata"],"featured_image_urls":{"full":["https:\/\/infoecos.com.ar\/wp-content\/uploads\/2020\/12\/MADRONAL.jpg",954,666,false],"thumbnail":["https:\/\/infoecos.com.ar\/wp-content\/uploads\/2020\/12\/MADRONAL-150x150.jpg",150,150,true],"medium":["https:\/\/infoecos.com.ar\/wp-content\/uploads\/2020\/12\/MADRONAL-460x321.jpg",460,321,true],"medium_large":["https:\/\/infoecos.com.ar\/wp-content\/uploads\/2020\/12\/MADRONAL-768x536.jpg",640,447,true],"large":["https:\/\/infoecos.com.ar\/wp-content\/uploads\/2020\/12\/MADRONAL-920x642.jpg",640,447,true],"1536x1536":["https:\/\/infoecos.com.ar\/wp-content\/uploads\/2020\/12\/MADRONAL.jpg",954,666,false],"2048x2048":["https:\/\/infoecos.com.ar\/wp-content\/uploads\/2020\/12\/MADRONAL.jpg",954,666,false],"covernews-slider-full":["https:\/\/infoecos.com.ar\/wp-content\/uploads\/2020\/12\/MADRONAL.jpg",954,666,false],"covernews-slider-center":["https:\/\/infoecos.com.ar\/wp-content\/uploads\/2020\/12\/MADRONAL-936x666.jpg",703,500,true],"covernews-featured":["https:\/\/infoecos.com.ar\/wp-content\/uploads\/2020\/12\/MADRONAL.jpg",954,666,false],"covernews-medium":["https:\/\/infoecos.com.ar\/wp-content\/uploads\/2020\/12\/MADRONAL-720x380.jpg",540,285,true],"covernews-medium-square":["https:\/\/infoecos.com.ar\/wp-content\/uploads\/2020\/12\/MADRONAL-675x450.jpg",375,250,true]},"author_info":{"info":["Jorge Matheus"]},"category_info":"<a href=\"https:\/\/infoecos.com.ar\/index.php\/category\/inferior2\/\" rel=\"category tag\">Bloque inferior - 2<\/a>","tag_info":"Bloque inferior - 2","comment_count":"0","_links":{"self":[{"href":"https:\/\/infoecos.com.ar\/index.php\/wp-json\/wp\/v2\/posts\/71005","targetHints":{"allow":["GET"]}}],"collection":[{"href":"https:\/\/infoecos.com.ar\/index.php\/wp-json\/wp\/v2\/posts"}],"about":[{"href":"https:\/\/infoecos.com.ar\/index.php\/wp-json\/wp\/v2\/types\/post"}],"author":[{"embeddable":true,"href":"https:\/\/infoecos.com.ar\/index.php\/wp-json\/wp\/v2\/users\/2"}],"replies":[{"embeddable":true,"href":"https:\/\/infoecos.com.ar\/index.php\/wp-json\/wp\/v2\/comments?post=71005"}],"version-history":[{"count":1,"href":"https:\/\/infoecos.com.ar\/index.php\/wp-json\/wp\/v2\/posts\/71005\/revisions"}],"predecessor-version":[{"id":71008,"href":"https:\/\/infoecos.com.ar\/index.php\/wp-json\/wp\/v2\/posts\/71005\/revisions\/71008"}],"wp:featuredmedia":[{"embeddable":true,"href":"https:\/\/infoecos.com.ar\/index.php\/wp-json\/wp\/v2\/media\/71006"}],"wp:attachment":[{"href":"https:\/\/infoecos.com.ar\/index.php\/wp-json\/wp\/v2\/media?parent=71005"}],"wp:term":[{"taxonomy":"category","embeddable":true,"href":"https:\/\/infoecos.com.ar\/index.php\/wp-json\/wp\/v2\/categories?post=71005"},{"taxonomy":"post_tag","embeddable":true,"href":"https:\/\/infoecos.com.ar\/index.php\/wp-json\/wp\/v2\/tags?post=71005"}],"curies":[{"name":"wp","href":"https:\/\/api.w.org\/{rel}","templated":true}]}}