{"id":71012,"date":"2020-12-06T21:49:36","date_gmt":"2020-12-07T00:49:36","guid":{"rendered":"http:\/\/infoecos.com.ar\/?p=71012"},"modified":"2020-12-10T00:33:55","modified_gmt":"2020-12-10T03:33:55","slug":"nuevo-servicio-ferroviario-de-pasajeros-entre-once-y-bragado","status":"publish","type":"post","link":"https:\/\/infoecos.com.ar\/index.php\/nuevo-servicio-ferroviario-de-pasajeros-entre-once-y-bragado\/","title":{"rendered":"Nuevo servicio ferroviario de pasajeros entre Once y Bragado"},"content":{"rendered":"\n<p class=\"wp-block-paragraph\">El Presidente de Trenes Argentinos<strong>,<\/strong>&nbsp;<strong>Mart\u00edn Marinucci,&nbsp;<\/strong>este viernes estuvo de recorrida por los distritos de&nbsp;<strong>Alberti<\/strong>&nbsp;y Bragado. En este \u00faltimo, realiz\u00f3 una visita a la localidad de Mechita, donde visit\u00f3 a la empresa TMH, a fin de supervisar los trabajos de reparaci\u00f3n de vagones.<\/p>\n\n\n\n<p class=\"wp-block-paragraph\">En Alberti, el funcionario fue recibido por el intendente&nbsp;<strong>Germ\u00e1n Lago<\/strong>&nbsp;y el secretario de Gobierno, Martin Pulero Constanzo, a quienes les inform\u00f3 la incorporaci\u00f3n de otra frecuencia en el servicio de pasajeros entre Bragado y Once, mejorando de esta manera la conectividad de los distritos intermedios con CABA.<\/p>\n\n\n\n<p class=\"wp-block-paragraph\"><strong>\u00abLa \u00faltima visita de un Presidente de Trenes Argentinos fue para justificar por qu\u00e9 el tren no paraba en esta estaci\u00f3n, hoy la realidad es distinta este Gobierno en un a\u00f1o at\u00edpico ha trabajado para que podamos contar con este servicio y con dos frecuencias semanales\u00bb,<\/strong><strong>se\u00f1al<\/strong><strong>\u00f3&nbsp;<\/strong><strong>Lago<\/strong><strong>.<\/strong><\/p>\n\n\n\n<p class=\"wp-block-paragraph\">En tanto Marinucci destac\u00f3 la importancia que el servicio ferroviario tiene para los municipios del interior, y que su visita al distrito es para trabajar junto al Intendente y poner en valor la estaci\u00f3n, a fin de que \u201cno sea solo considerada como el lugar de parada del tren, sino que sea incorporada al \u00e9jido urbano para distintas actividades\u201d.<\/p>\n\n\n\n<p class=\"wp-block-paragraph\">Finalmente, el funcionario revel\u00f3 que ya se est\u00e1 trabajando para&nbsp;\u201cextender el servicio hasta Pehuaj\u00f3 y pr\u00f3ximamente hasta Santa Rosa, La Pampa\u201d<strong>.<\/strong><\/p>\n","protected":false},"excerpt":{"rendered":"<p>As\u00ed lo anunci\u00f3 Mart\u00edn Marinucci, Presidente de Trenes Argentinos. El 14 de diciembre se incorporar\u00e1 una segunda frecuencia semanal del tren que va desde Bragado hacia Once y que ya se est\u00e1 trabajando para extender el servicio hasta Pehuaj\u00f3 y pr\u00f3ximamente hasta Santa Rosa, La Pampa<\/p>\n","protected":false},"author":2,"featured_media":21747,"comment_status":"closed","ping_status":"open","sticky":false,"template":"","format":"standard","meta":{"footnotes":""},"categories":[41],"tags":[2401],"class_list":["post-71012","post","type-post","status-publish","format-standard","has-post-thumbnail","hentry","category-inferior2","tag-el-tren-de-pasajeros-cada-vez-mas-cerca"],"featured_image_urls":{"full":"","thumbnail":"","medium":"","medium_large":"","large":"","1536x1536":"","2048x2048":"","covernews-slider-full":"","covernews-slider-center":"","covernews-featured":"","covernews-medium":"","covernews-medium-square":""},"author_info":{"info":["Jorge Matheus"]},"category_info":"<a href=\"https:\/\/infoecos.com.ar\/index.php\/category\/inferior2\/\" rel=\"category tag\">Bloque inferior - 2<\/a>","tag_info":"Bloque inferior - 2","comment_count":"0","_links":{"self":[{"href":"https:\/\/infoecos.com.ar\/index.php\/wp-json\/wp\/v2\/posts\/71012","targetHints":{"allow":["GET"]}}],"collection":[{"href":"https:\/\/infoecos.com.ar\/index.php\/wp-json\/wp\/v2\/posts"}],"about":[{"href":"https:\/\/infoecos.com.ar\/index.php\/wp-json\/wp\/v2\/types\/post"}],"author":[{"embeddable":true,"href":"https:\/\/infoecos.com.ar\/index.php\/wp-json\/wp\/v2\/users\/2"}],"replies":[{"embeddable":true,"href":"https:\/\/infoecos.com.ar\/index.php\/wp-json\/wp\/v2\/comments?post=71012"}],"version-history":[{"count":1,"href":"https:\/\/infoecos.com.ar\/index.php\/wp-json\/wp\/v2\/posts\/71012\/revisions"}],"predecessor-version":[{"id":71013,"href":"https:\/\/infoecos.com.ar\/index.php\/wp-json\/wp\/v2\/posts\/71012\/revisions\/71013"}],"wp:attachment":[{"href":"https:\/\/infoecos.com.ar\/index.php\/wp-json\/wp\/v2\/media?parent=71012"}],"wp:term":[{"taxonomy":"category","embeddable":true,"href":"https:\/\/infoecos.com.ar\/index.php\/wp-json\/wp\/v2\/categories?post=71012"},{"taxonomy":"post_tag","embeddable":true,"href":"https:\/\/infoecos.com.ar\/index.php\/wp-json\/wp\/v2\/tags?post=71012"}],"curies":[{"name":"wp","href":"https:\/\/api.w.org\/{rel}","templated":true}]}}