{"id":71024,"date":"2020-12-07T13:58:40","date_gmt":"2020-12-07T16:58:40","guid":{"rendered":"http:\/\/infoecos.com.ar\/?p=71024"},"modified":"2020-12-07T13:58:44","modified_gmt":"2020-12-07T16:58:44","slug":"coronavirus-en-trenque-lauquen-se-reporto-otra-leve-baja-este-lunes","status":"publish","type":"post","link":"https:\/\/infoecos.com.ar\/index.php\/coronavirus-en-trenque-lauquen-se-reporto-otra-leve-baja-este-lunes\/","title":{"rendered":"Coronavirus en Trenque Lauquen: se report\u00f3 otra leve baja este lunes"},"content":{"rendered":"\n<p class=\"wp-block-paragraph\">Otra leve baja tuvo este lunes el n\u00famero de casos activos, que pas\u00f3 de 114 a 11, tras reportarse 11 nuevos casos de Covid-19 confirmados, todos de Trenque Lauquen, recuperarse 14 personas m\u00e1s y descartarse 16 casos, inform\u00f3 la subsecretar\u00eda de Salud municipal de Trenque Lauquen.<\/p>\n\n\n\n<div class=\"wp-block-image\"><figure class=\"aligncenter size-medium\"><img loading=\"lazy\" decoding=\"async\" width=\"460\" height=\"460\" src=\"http:\/\/infoecos.com.ar\/wp-content\/uploads\/2020\/12\/reportelunes-460x460.jpg\" alt=\"\" class=\"wp-image-71025\" srcset=\"https:\/\/infoecos.com.ar\/wp-content\/uploads\/2020\/12\/reportelunes-460x460.jpg 460w, https:\/\/infoecos.com.ar\/wp-content\/uploads\/2020\/12\/reportelunes-920x920.jpg 920w, https:\/\/infoecos.com.ar\/wp-content\/uploads\/2020\/12\/reportelunes-150x150.jpg 150w, https:\/\/infoecos.com.ar\/wp-content\/uploads\/2020\/12\/reportelunes-768x769.jpg 768w, https:\/\/infoecos.com.ar\/wp-content\/uploads\/2020\/12\/reportelunes-1024x1025.jpg 1024w, https:\/\/infoecos.com.ar\/wp-content\/uploads\/2020\/12\/reportelunes.jpg 1279w\" sizes=\"auto, (max-width: 460px) 100vw, 460px\" \/><\/figure><\/div>\n\n\n\n<p class=\"wp-block-paragraph\">Seis (6) de los nuevos casos se confirmaron por hisopado y cinco (5) por criterio o nexo epidemiol\u00f3gico de acuerdo al protocolo actualizado vigente.<\/p>\n\n\n\n<p class=\"wp-block-paragraph\">Los 11 casos activos se distribuyen de la siguiente manera: 79 son de Trenque Lauquen, 29 de Treinta de Agosto y tres (3) de Beruti: seis (6) est\u00e1n en el Hospital Municipal, cuatro (4) en el Centro Extrahospitalario que funciona en el ex Hotel Pailla Hu\u00e9 y 101 en sus domicilios particulares.<\/p>\n\n\n\n<p class=\"wp-block-paragraph\">De las 14 personas recuperadas, diez (10) corresponden a la ciudad cabecera del distrito, tres (3) a Treinta de Agosto y una (1) a Beruti, siendo ahora 918 las que recibieron el alta desde que comenz\u00f3 la pandemia. <\/p>\n\n\n\n<p class=\"wp-block-paragraph\">Adem\u00e1s, sumados los 14 casos descartados en las \u00faltimas 24 horas, todos de Trenque Lauquen, ascendi\u00f3 a 2.048 el n\u00famero de los as\u00ed considerados una vez realizado el estudio pertinente.<\/p>\n\n\n\n<p class=\"wp-block-paragraph\">Hay 60 casos sospechosos, 58 de Trenque Lauquen y dos (2) de Treinta de Agosto, y 319 personas en aislamiento, 170 de Trenque Lauquen, 104 de Treinta de Agosto y 45 de Beruti.<\/p>\n","protected":false},"excerpt":{"rendered":"<p>Los 11 casos activos se distribuyen de la siguiente manera: 79 son de Trenque Lauquen, 29 de Treinta de Agosto y tres (3) de Beruti: seis (6) est\u00e1n en el Hospital Municipal, cuatro (4) en el Centro Extrahospitalario que funciona en el ex Hotel Pailla Hu\u00e9 y 101 en sus domicilios particulares<\/p>\n","protected":false},"author":2,"featured_media":60374,"comment_status":"closed","ping_status":"open","sticky":false,"template":"","format":"standard","meta":{"footnotes":""},"categories":[1613],"tags":[156],"class_list":["post-71024","post","type-post","status-publish","format-standard","has-post-thumbnail","hentry","category-noticia-secundaria","tag-salud"],"featured_image_urls":{"full":["https:\/\/infoecos.com.ar\/wp-content\/uploads\/tl45guardiahospital-2.jpg",912,608,false],"thumbnail":["https:\/\/infoecos.com.ar\/wp-content\/uploads\/tl45guardiahospital-2-150x150.jpg",150,150,true],"medium":["https:\/\/infoecos.com.ar\/wp-content\/uploads\/tl45guardiahospital-2-460x307.jpg",460,307,true],"medium_large":["https:\/\/infoecos.com.ar\/wp-content\/uploads\/tl45guardiahospital-2-768x512.jpg",640,427,true],"large":["https:\/\/infoecos.com.ar\/wp-content\/uploads\/tl45guardiahospital-2.jpg",640,427,false],"1536x1536":["https:\/\/infoecos.com.ar\/wp-content\/uploads\/tl45guardiahospital-2.jpg",912,608,false],"2048x2048":["https:\/\/infoecos.com.ar\/wp-content\/uploads\/tl45guardiahospital-2.jpg",912,608,false],"covernews-slider-full":["https:\/\/infoecos.com.ar\/wp-content\/uploads\/tl45guardiahospital-2.jpg",912,608,false],"covernews-slider-center":["https:\/\/infoecos.com.ar\/wp-content\/uploads\/tl45guardiahospital-2.jpg",750,500,false],"covernews-featured":["https:\/\/infoecos.com.ar\/wp-content\/uploads\/tl45guardiahospital-2.jpg",912,608,false],"covernews-medium":["https:\/\/infoecos.com.ar\/wp-content\/uploads\/tl45guardiahospital-2-720x380.jpg",540,285,true],"covernews-medium-square":["https:\/\/infoecos.com.ar\/wp-content\/uploads\/tl45guardiahospital-2-675x450.jpg",375,250,true]},"author_info":{"info":["Jorge Matheus"]},"category_info":"<a href=\"https:\/\/infoecos.com.ar\/index.php\/category\/noticia-secundaria\/\" rel=\"category tag\">Noticia Secundaria<\/a>","tag_info":"Noticia Secundaria","comment_count":"0","_links":{"self":[{"href":"https:\/\/infoecos.com.ar\/index.php\/wp-json\/wp\/v2\/posts\/71024","targetHints":{"allow":["GET"]}}],"collection":[{"href":"https:\/\/infoecos.com.ar\/index.php\/wp-json\/wp\/v2\/posts"}],"about":[{"href":"https:\/\/infoecos.com.ar\/index.php\/wp-json\/wp\/v2\/types\/post"}],"author":[{"embeddable":true,"href":"https:\/\/infoecos.com.ar\/index.php\/wp-json\/wp\/v2\/users\/2"}],"replies":[{"embeddable":true,"href":"https:\/\/infoecos.com.ar\/index.php\/wp-json\/wp\/v2\/comments?post=71024"}],"version-history":[{"count":1,"href":"https:\/\/infoecos.com.ar\/index.php\/wp-json\/wp\/v2\/posts\/71024\/revisions"}],"predecessor-version":[{"id":71026,"href":"https:\/\/infoecos.com.ar\/index.php\/wp-json\/wp\/v2\/posts\/71024\/revisions\/71026"}],"wp:featuredmedia":[{"embeddable":true,"href":"https:\/\/infoecos.com.ar\/index.php\/wp-json\/wp\/v2\/media\/60374"}],"wp:attachment":[{"href":"https:\/\/infoecos.com.ar\/index.php\/wp-json\/wp\/v2\/media?parent=71024"}],"wp:term":[{"taxonomy":"category","embeddable":true,"href":"https:\/\/infoecos.com.ar\/index.php\/wp-json\/wp\/v2\/categories?post=71024"},{"taxonomy":"post_tag","embeddable":true,"href":"https:\/\/infoecos.com.ar\/index.php\/wp-json\/wp\/v2\/tags?post=71024"}],"curies":[{"name":"wp","href":"https:\/\/api.w.org\/{rel}","templated":true}]}}