{"id":71063,"date":"2020-12-08T13:20:09","date_gmt":"2020-12-08T16:20:09","guid":{"rendered":"http:\/\/infoecos.com.ar\/?p=71063"},"modified":"2020-12-08T13:20:13","modified_gmt":"2020-12-08T16:20:13","slug":"coronavirus-volvio-a-descender-el-numero-de-casos-activos-en-trenque-lauquen","status":"publish","type":"post","link":"https:\/\/infoecos.com.ar\/index.php\/coronavirus-volvio-a-descender-el-numero-de-casos-activos-en-trenque-lauquen\/","title":{"rendered":"Coronavirus: volvi\u00f3 a descender el n\u00famero de casos activos en Trenque Lauquen"},"content":{"rendered":"\n<p class=\"wp-block-paragraph\">Aunque en las \u00faltimas 24 hs. se reportaron ocho 8 nuevos casos de Covid-19 confirmados, el n\u00famero de casos activos a la fecha volvi\u00f3 a descender, de 111 a 102, al recuperarse otras 17 personas y descartarse 33 casos m\u00e1s, inform\u00f3 este martes la subsecretar\u00eda de Salud municipal de Trenque Lauquen.<\/p>\n\n\n\n<div class=\"wp-block-image\"><figure class=\"aligncenter size-medium\"><img loading=\"lazy\" decoding=\"async\" width=\"460\" height=\"460\" src=\"http:\/\/infoecos.com.ar\/wp-content\/uploads\/2020\/12\/reportemartes-460x460.jpg\" alt=\"\" class=\"wp-image-71064\" srcset=\"https:\/\/infoecos.com.ar\/wp-content\/uploads\/2020\/12\/reportemartes-460x460.jpg 460w, https:\/\/infoecos.com.ar\/wp-content\/uploads\/2020\/12\/reportemartes-920x920.jpg 920w, https:\/\/infoecos.com.ar\/wp-content\/uploads\/2020\/12\/reportemartes-150x150.jpg 150w, https:\/\/infoecos.com.ar\/wp-content\/uploads\/2020\/12\/reportemartes-768x769.jpg 768w, https:\/\/infoecos.com.ar\/wp-content\/uploads\/2020\/12\/reportemartes-1024x1025.jpg 1024w, https:\/\/infoecos.com.ar\/wp-content\/uploads\/2020\/12\/reportemartes.jpg 1279w\" sizes=\"auto, (max-width: 460px) 100vw, 460px\" \/><\/figure><\/div>\n\n\n\n<p class=\"wp-block-paragraph\">Los ocho nuevos casos, seis (6) por testeo y dos (2) por criterio o nexo epidemiol\u00f3gico de acuerdo al protocolo actualizado vigente, son de Trenque Lauquen.<\/p>\n\n\n\n<p class=\"wp-block-paragraph\">De los 102 casos activos, 72 corresponden a la ciudad cabecera del distrito, 27 a Treinta de Agosto y tres (3) a Beruti: siete (7) se encuentran en el Hospital Municipal, tres (3) en el Centro Extrahospitalario que funciona en el ex Hotel Pailla Hu\u00e9 y 92 en sus domicilios particulares.<\/p>\n\n\n\n<p class=\"wp-block-paragraph\">El tiempo de duplicaci\u00f3n de casos volvi\u00f3 a experimentar una mejor\u00eda y pas\u00f3 de los 62 a los 78 d\u00edas del lunes al martes. <\/p>\n\n\n\n<p class=\"wp-block-paragraph\">Con las 17 personas recuperadas en la fecha, 15 de Trenque Lauquen y dos (2) de Treinta de Agosto, asciende a 935 la cantidad de las que recibieron el alta desde marzo, y en ese mismo per\u00edodo tambi\u00e9n, sumados los 33 de hoy -31 de Trenque Lauquen y dos (2) de Treinta de Agosto, totalizan 2.081 los casos descartados.<\/p>\n\n\n\n<p class=\"wp-block-paragraph\">Hay 52 casos sospechosos, 46 de Trenque Lauquen y seis (6) de Treinta de Agosto, y 326 personas en aislamiento, 179 de la ciudad cabecera, 102 de Treinta de Agosto y 45 de Beruti.<\/p>\n\n\n\n<p class=\"wp-block-paragraph\">Los decesos desde el inicio de la pandemia hasta ahora siguen siendo 23, con un {\u00edndice de letalidad de 2.2 por ciento, por debajo del \u00edndice nacional (2.7 por ciento). La edad promedio de las personas fallecidas es 72 a\u00f1os.<\/p>\n","protected":false},"excerpt":{"rendered":"<p>De los 102 casos activos, 72 corresponden a la ciudad cabecera del distrito, 27 a Treinta de Agosto y tres (3) a Beruti: siete (7) se encuentran en el Hospital Municipal, tres (3) en el Centro Extrahospitalario que funciona en el ex Hotel Pailla Hu\u00e9 y 92 en sus domicilios particulares<\/p>\n","protected":false},"author":2,"featured_media":59465,"comment_status":"closed","ping_status":"open","sticky":false,"template":"","format":"standard","meta":{"footnotes":""},"categories":[1613],"tags":[156],"class_list":["post-71063","post","type-post","status-publish","format-standard","has-post-thumbnail","hentry","category-noticia-secundaria","tag-salud"],"featured_image_urls":{"full":["https:\/\/infoecos.com.ar\/wp-content\/uploads\/IMG_20200323_191546.jpg",1600,1200,false],"thumbnail":["https:\/\/infoecos.com.ar\/wp-content\/uploads\/IMG_20200323_191546-150x150.jpg",150,150,true],"medium":["https:\/\/infoecos.com.ar\/wp-content\/uploads\/IMG_20200323_191546-460x345.jpg",460,345,true],"medium_large":["https:\/\/infoecos.com.ar\/wp-content\/uploads\/IMG_20200323_191546-768x576.jpg",640,480,true],"large":["https:\/\/infoecos.com.ar\/wp-content\/uploads\/IMG_20200323_191546-920x690.jpg",640,480,true],"1536x1536":["https:\/\/infoecos.com.ar\/wp-content\/uploads\/IMG_20200323_191546-1536x1152.jpg",1536,1152,true],"2048x2048":["https:\/\/infoecos.com.ar\/wp-content\/uploads\/IMG_20200323_191546.jpg",1600,1200,false],"covernews-slider-full":["https:\/\/infoecos.com.ar\/wp-content\/uploads\/IMG_20200323_191546-1536x1020.jpg",1077,715,true],"covernews-slider-center":["https:\/\/infoecos.com.ar\/wp-content\/uploads\/IMG_20200323_191546-936x897.jpg",522,500,true],"covernews-featured":["https:\/\/infoecos.com.ar\/wp-content\/uploads\/IMG_20200323_191546-1024x768.jpg",1024,768,true],"covernews-medium":["https:\/\/infoecos.com.ar\/wp-content\/uploads\/IMG_20200323_191546-720x380.jpg",540,285,true],"covernews-medium-square":["https:\/\/infoecos.com.ar\/wp-content\/uploads\/IMG_20200323_191546-675x450.jpg",375,250,true]},"author_info":{"info":["Jorge Matheus"]},"category_info":"<a href=\"https:\/\/infoecos.com.ar\/index.php\/category\/noticia-secundaria\/\" rel=\"category tag\">Noticia Secundaria<\/a>","tag_info":"Noticia Secundaria","comment_count":"0","_links":{"self":[{"href":"https:\/\/infoecos.com.ar\/index.php\/wp-json\/wp\/v2\/posts\/71063","targetHints":{"allow":["GET"]}}],"collection":[{"href":"https:\/\/infoecos.com.ar\/index.php\/wp-json\/wp\/v2\/posts"}],"about":[{"href":"https:\/\/infoecos.com.ar\/index.php\/wp-json\/wp\/v2\/types\/post"}],"author":[{"embeddable":true,"href":"https:\/\/infoecos.com.ar\/index.php\/wp-json\/wp\/v2\/users\/2"}],"replies":[{"embeddable":true,"href":"https:\/\/infoecos.com.ar\/index.php\/wp-json\/wp\/v2\/comments?post=71063"}],"version-history":[{"count":1,"href":"https:\/\/infoecos.com.ar\/index.php\/wp-json\/wp\/v2\/posts\/71063\/revisions"}],"predecessor-version":[{"id":71065,"href":"https:\/\/infoecos.com.ar\/index.php\/wp-json\/wp\/v2\/posts\/71063\/revisions\/71065"}],"wp:featuredmedia":[{"embeddable":true,"href":"https:\/\/infoecos.com.ar\/index.php\/wp-json\/wp\/v2\/media\/59465"}],"wp:attachment":[{"href":"https:\/\/infoecos.com.ar\/index.php\/wp-json\/wp\/v2\/media?parent=71063"}],"wp:term":[{"taxonomy":"category","embeddable":true,"href":"https:\/\/infoecos.com.ar\/index.php\/wp-json\/wp\/v2\/categories?post=71063"},{"taxonomy":"post_tag","embeddable":true,"href":"https:\/\/infoecos.com.ar\/index.php\/wp-json\/wp\/v2\/tags?post=71063"}],"curies":[{"name":"wp","href":"https:\/\/api.w.org\/{rel}","templated":true}]}}