{"id":71072,"date":"2020-12-08T23:39:26","date_gmt":"2020-12-09T02:39:26","guid":{"rendered":"http:\/\/infoecos.com.ar\/?p=71072"},"modified":"2020-12-10T23:17:30","modified_gmt":"2020-12-11T02:17:30","slug":"miguel-fernandez-valentin-miranda-y-german-lauro-entre-otros-dirigentes-salieron-a-respaldar-las-candidaturas-de-abad-y-revilla-para-conducir-el-radicalismo-bonaerense","status":"publish","type":"post","link":"https:\/\/infoecos.com.ar\/index.php\/miguel-fernandez-valentin-miranda-y-german-lauro-entre-otros-dirigentes-salieron-a-respaldar-las-candidaturas-de-abad-y-revilla-para-conducir-el-radicalismo-bonaerense\/","title":{"rendered":"Fern\u00e1ndez, Miranda y Lauro, entre otros, respaldan candidaturas de Abad y Revilla"},"content":{"rendered":"\n<p class=\"wp-block-paragraph\">El sector denominado Adelante Buenos Aires del radicalismo en la cuarta secci\u00f3n electoral respald\u00f3 contundentemente en una reuni\u00f3n realizada en Jun\u00edn la candidatura de Maximiliano Abad y \u00c9rica Revilla para conducir el comit\u00e9 provincia.<\/p>\n\n\n\n<div class=\"wp-block-image\"><figure class=\"aligncenter size-large\"><img loading=\"lazy\" decoding=\"async\" width=\"877\" height=\"431\" src=\"http:\/\/infoecos.com.ar\/wp-content\/uploads\/2020\/12\/junin-general.jpg\" alt=\"\" class=\"wp-image-71073\" srcset=\"https:\/\/infoecos.com.ar\/wp-content\/uploads\/2020\/12\/junin-general.jpg 877w, https:\/\/infoecos.com.ar\/wp-content\/uploads\/2020\/12\/junin-general-460x226.jpg 460w, https:\/\/infoecos.com.ar\/wp-content\/uploads\/2020\/12\/junin-general-768x377.jpg 768w\" sizes=\"auto, (max-width: 877px) 100vw, 877px\" \/><\/figure><\/div>\n\n\n\n<p class=\"wp-block-paragraph\">El encuentro se concret\u00f3 en un hotel de esa ciudad del noroeste de la provincia de Buenos Aires y cont\u00f3 con la asistencia de un n\u00famero muy importante de dirigentes. Entre ellos, el actual titular de la UCR bonaerense, Daniel Salvador.<\/p>\n\n\n\n<p class=\"wp-block-paragraph\">Por Trenque Lauquen asistieron el intendente municipal, Miguel Fern\u00e1ndez, el diputado provincial, Valent\u00edn Miranda, el titular del bloque de concejales de Juntos por el Cambio, Francisco Recoulat, y Germ\u00e1n Lauro, el ex atleta ol\u00edmpico y candidato partidario local en la lista que encabeza Gabriela Aimar. Tambi\u00e9n estuvo presente el presidente de la Juventud Radical de Buenos Aires, Mart\u00edn Borraz\u00e1s.  <\/p>\n\n\n\n<div class=\"wp-block-image\"><figure class=\"aligncenter size-large\"><img loading=\"lazy\" decoding=\"async\" width=\"703\" height=\"426\" src=\"http:\/\/infoecos.com.ar\/wp-content\/uploads\/2020\/12\/junin-Lauro.jpg\" alt=\"\" class=\"wp-image-71074\" srcset=\"https:\/\/infoecos.com.ar\/wp-content\/uploads\/2020\/12\/junin-Lauro.jpg 703w, https:\/\/infoecos.com.ar\/wp-content\/uploads\/2020\/12\/junin-Lauro-460x279.jpg 460w\" sizes=\"auto, (max-width: 703px) 100vw, 703px\" \/><\/figure><\/div>\n\n\n\n<p class=\"wp-block-paragraph\">Abad y Revilla tambi\u00e9n recibieron el apoyo de otros jefes comunales de la Cuarta Secci\u00f3n como V\u00edctor Aiola, de Chacabuco; Salvador Serenal, de Lincoln; Calixto Tellechea, de Florentino Ameghino; y de los senadores provinciales Agust\u00edn M\u00e1spoli y Leandro Blanco, junto a concejales y dirigentes partidarios de todos los distritos de la secci\u00f3n.<\/p>\n\n\n\n<p class=\"wp-block-paragraph\">El principal orador, se\u00f1ala una informaci\u00f3n oficial, fue Maximiliano Abad quien rescat\u00f3 la contundencia de la convocatoria, llam\u00f3 a seguir escuchando a los militantes en cada rinc\u00f3n de la provincia y convoc\u00f3 a todos a seguir trabajando con energ\u00eda por un radicalismo que represente las demandas sociales y pueda sacar a la provincia del estancamiento.<\/p>\n\n\n\n<p class=\"wp-block-paragraph\">De la comitiva local tuvieron oportunidad de dirigirse a los presentes, Fern\u00e1ndez como jefe comunal y presidente del Foro de Intendentes Radicales de la provincia, y Lauro como candidato partidario.<\/p>\n\n\n\n<div class=\"wp-block-image\"><figure class=\"aligncenter size-large\"><img loading=\"lazy\" decoding=\"async\" width=\"698\" height=\"489\" src=\"http:\/\/infoecos.com.ar\/wp-content\/uploads\/2020\/12\/junin-Fernandez.jpg\" alt=\"\" class=\"wp-image-71075\" srcset=\"https:\/\/infoecos.com.ar\/wp-content\/uploads\/2020\/12\/junin-Fernandez.jpg 698w, https:\/\/infoecos.com.ar\/wp-content\/uploads\/2020\/12\/junin-Fernandez-460x322.jpg 460w\" sizes=\"auto, (max-width: 698px) 100vw, 698px\" \/><\/figure><\/div>\n\n\n\n<p class=\"wp-block-paragraph\">El jefe comunal trenquelauquense rescat\u00f3 la fuerza de la nueva dirigencia radical, puntualiz\u00f3 sobre el desaf\u00edo de liderar Juntos por el Cambio con hombres, mujeres, ideas y propuestas y alent\u00f3 a los presentes a seguir comprometi\u00e9ndose con sus comunidades. En tanto, Lauro, quien fue recibido con alegr\u00eda y entre aplausos por los dirigentes seccionales y provinciales, habl\u00f3 en tono distendido sobre esta nueva etapa en su vida a la que llega gracias a la renovaci\u00f3n partidaria en el distrito y a la conformaci\u00f3n de una lista plural y con vocaci\u00f3n de aportar soluciones a los temas actuales y del futuro.<\/p>\n\n\n\n<p class=\"wp-block-paragraph\">Por su parte el diputado provincial, Valent\u00edn Miranda, subray\u00f3 el crecimiento de los j\u00f3venes dentro del radicalismo, el protagonismo que lograron a partir de la renovaci\u00f3n iniciada por Daniel Salvador, y entusiasm\u00f3 a los dirigentes a seguir construyendo con creatividad, vigor y dedicaci\u00f3n un radicalismo bonaerense que sea protagonista y busque consensos para acercar la agenda de los gobiernos a las necesidades de la poblaci\u00f3n, tal como se demostr\u00f3 este a\u00f1o en la Legislatura.<\/p>\n\n\n\n<p class=\"wp-block-paragraph\">El encuentro form\u00f3 parte de una serie de reuniones partidarias que est\u00e1n realizando los candidatos Abad y Revilla por todo el territorio bonaerense con miras a las elecciones internas del radicalismo fijadas para el pr\u00f3ximo 21 de marzo.<\/p>\n","protected":false},"excerpt":{"rendered":"<p>El encuentro se concret\u00f3 en un hotel de esa ciudad del noroeste de la provincia de Buenos Aires <\/p>\n","protected":false},"author":2,"featured_media":71073,"comment_status":"closed","ping_status":"open","sticky":false,"template":"","format":"standard","meta":{"footnotes":""},"categories":[40],"tags":[155],"class_list":["post-71072","post","type-post","status-publish","format-standard","has-post-thumbnail","hentry","category-inferior1","tag-politica"],"featured_image_urls":{"full":["https:\/\/infoecos.com.ar\/wp-content\/uploads\/2020\/12\/junin-general.jpg",877,431,false],"thumbnail":["https:\/\/infoecos.com.ar\/wp-content\/uploads\/2020\/12\/junin-general-150x150.jpg",150,150,true],"medium":["https:\/\/infoecos.com.ar\/wp-content\/uploads\/2020\/12\/junin-general-460x226.jpg",460,226,true],"medium_large":["https:\/\/infoecos.com.ar\/wp-content\/uploads\/2020\/12\/junin-general-768x377.jpg",640,314,true],"large":["https:\/\/infoecos.com.ar\/wp-content\/uploads\/2020\/12\/junin-general.jpg",640,315,false],"1536x1536":["https:\/\/infoecos.com.ar\/wp-content\/uploads\/2020\/12\/junin-general.jpg",877,431,false],"2048x2048":["https:\/\/infoecos.com.ar\/wp-content\/uploads\/2020\/12\/junin-general.jpg",877,431,false],"covernews-slider-full":["https:\/\/infoecos.com.ar\/wp-content\/uploads\/2020\/12\/junin-general.jpg",877,431,false],"covernews-slider-center":["https:\/\/infoecos.com.ar\/wp-content\/uploads\/2020\/12\/junin-general.jpg",800,393,false],"covernews-featured":["https:\/\/infoecos.com.ar\/wp-content\/uploads\/2020\/12\/junin-general.jpg",877,431,false],"covernews-medium":["https:\/\/infoecos.com.ar\/wp-content\/uploads\/2020\/12\/junin-general-720x380.jpg",540,285,true],"covernews-medium-square":["https:\/\/infoecos.com.ar\/wp-content\/uploads\/2020\/12\/junin-general-675x431.jpg",392,250,true]},"author_info":{"info":["Jorge Matheus"]},"category_info":"<a href=\"https:\/\/infoecos.com.ar\/index.php\/category\/inferior1\/\" rel=\"category tag\">Bloque inferior - 1<\/a>","tag_info":"Bloque inferior - 1","comment_count":"0","_links":{"self":[{"href":"https:\/\/infoecos.com.ar\/index.php\/wp-json\/wp\/v2\/posts\/71072","targetHints":{"allow":["GET"]}}],"collection":[{"href":"https:\/\/infoecos.com.ar\/index.php\/wp-json\/wp\/v2\/posts"}],"about":[{"href":"https:\/\/infoecos.com.ar\/index.php\/wp-json\/wp\/v2\/types\/post"}],"author":[{"embeddable":true,"href":"https:\/\/infoecos.com.ar\/index.php\/wp-json\/wp\/v2\/users\/2"}],"replies":[{"embeddable":true,"href":"https:\/\/infoecos.com.ar\/index.php\/wp-json\/wp\/v2\/comments?post=71072"}],"version-history":[{"count":3,"href":"https:\/\/infoecos.com.ar\/index.php\/wp-json\/wp\/v2\/posts\/71072\/revisions"}],"predecessor-version":[{"id":71132,"href":"https:\/\/infoecos.com.ar\/index.php\/wp-json\/wp\/v2\/posts\/71072\/revisions\/71132"}],"wp:featuredmedia":[{"embeddable":true,"href":"https:\/\/infoecos.com.ar\/index.php\/wp-json\/wp\/v2\/media\/71073"}],"wp:attachment":[{"href":"https:\/\/infoecos.com.ar\/index.php\/wp-json\/wp\/v2\/media?parent=71072"}],"wp:term":[{"taxonomy":"category","embeddable":true,"href":"https:\/\/infoecos.com.ar\/index.php\/wp-json\/wp\/v2\/categories?post=71072"},{"taxonomy":"post_tag","embeddable":true,"href":"https:\/\/infoecos.com.ar\/index.php\/wp-json\/wp\/v2\/tags?post=71072"}],"curies":[{"name":"wp","href":"https:\/\/api.w.org\/{rel}","templated":true}]}}