{"id":71099,"date":"2020-12-09T14:44:04","date_gmt":"2020-12-09T17:44:04","guid":{"rendered":"http:\/\/infoecos.com.ar\/?p=71099"},"modified":"2020-12-10T23:12:41","modified_gmt":"2020-12-11T02:12:41","slug":"se-llevo-a-cabo-el-plan-detectar-en-beruti","status":"publish","type":"post","link":"https:\/\/infoecos.com.ar\/index.php\/se-llevo-a-cabo-el-plan-detectar-en-beruti\/","title":{"rendered":"Se llev\u00f3 a cabo el Plan DetectAR en Beruti"},"content":{"rendered":"\n<p>Personal de Salud del Municipio de Trenque Lauquen y de la Provincia de Buenos Aires llevaron a cabo el Plan DetectAr en la localidad de Beruti en busca activa de casos sospechosos de Covid-19 y tambi\u00e9n para difundir medidas de prevenci\u00f3n y promoci\u00f3n de la salud a la poblaci\u00f3n, seguir con el calendario nacional de vacunaci\u00f3n obligatorio y la campa\u00f1a de descacharreo y prevenci\u00f3n del Dengue.<\/p>\n\n\n\n<div class=\"wp-block-image\"><figure class=\"aligncenter size-medium\"><img loading=\"lazy\" decoding=\"async\" width=\"460\" height=\"307\" src=\"http:\/\/infoecos.com.ar\/wp-content\/uploads\/2020\/12\/PLAN-DETECTAR-5-460x307.jpg\" alt=\"\" class=\"wp-image-71100\" srcset=\"https:\/\/infoecos.com.ar\/wp-content\/uploads\/2020\/12\/PLAN-DETECTAR-5-460x307.jpg 460w, https:\/\/infoecos.com.ar\/wp-content\/uploads\/2020\/12\/PLAN-DETECTAR-5-768x512.jpg 768w, https:\/\/infoecos.com.ar\/wp-content\/uploads\/2020\/12\/PLAN-DETECTAR-5-675x450.jpg 675w, https:\/\/infoecos.com.ar\/wp-content\/uploads\/2020\/12\/PLAN-DETECTAR-5.jpg 852w\" sizes=\"(max-width: 460px) 100vw, 460px\" \/><\/figure><\/div>\n\n\n\n<p>Para poder desarrollar la actividad programada fue instalada una carpa en el frente de la Sala Santa Clotilde y para la b\u00fasqueda de casos activos mediante el Plan DetectAR se tomaron 15 manzanas de Beruti, en el sector ubicado detr\u00e1s de la v\u00eda.<\/p>\n\n\n\n<p>La tarea estuvo a cargo de un equipo conformado por personal de la mencionada Unidad Sanitaria y de la Delegaci\u00f3n junto a integrantes de Salud Comunitaria, del \u00e1rea de Vacunaci\u00f3n y de Provincia, m\u00e1s voluntarios que realizaron un recorrido casa por casa (sin ingresar a los domicilios), para poder testear a los vecinos.<\/p>\n\n\n\n<div class=\"wp-block-image\"><figure class=\"aligncenter size-medium\"><img loading=\"lazy\" decoding=\"async\" width=\"460\" height=\"307\" src=\"http:\/\/infoecos.com.ar\/wp-content\/uploads\/2020\/12\/PLAN-DETECTAR-4-460x307.jpg\" alt=\"\" class=\"wp-image-71101\" srcset=\"https:\/\/infoecos.com.ar\/wp-content\/uploads\/2020\/12\/PLAN-DETECTAR-4-460x307.jpg 460w, https:\/\/infoecos.com.ar\/wp-content\/uploads\/2020\/12\/PLAN-DETECTAR-4-768x512.jpg 768w, https:\/\/infoecos.com.ar\/wp-content\/uploads\/2020\/12\/PLAN-DETECTAR-4-675x450.jpg 675w, https:\/\/infoecos.com.ar\/wp-content\/uploads\/2020\/12\/PLAN-DETECTAR-4.jpg 852w\" sizes=\"(max-width: 460px) 100vw, 460px\" \/><\/figure><\/div>\n\n\n\n<p>Adem\u00e1s el operativo incluy\u00f3 a aquellas personas que accedieron en forma voluntaria a hisoparse y se acercaron a la carpa ubicada en la unidad sanitaria.<\/p>\n\n\n\n<p>\u201cComo lo hab\u00edamos programado estamos en Beruti para hacer el Plan DetectAr y quiero agradecer a Provincia, porque lo pedimos y accedieron a hacerlo, y tambi\u00e9n a Pedro Hern\u00e1ndez, de Regi\u00f3n Sanitaria II\u201d, se\u00f1al\u00f3 el subsecretario de Salud, Sergio Valente.<\/p>\n\n\n\n<p>Respecto de la iniciativa, Valente explic\u00f3 que \u201cesto surge en el momento en el que tuvimos 13 casos de Covid positivo, que para una localidad como Beruti -que llega a 1.000 habitantes- es much\u00edsimo\u201d, y se\u00f1al\u00f3 que este operativo no s\u00f3lo contempla la detecci\u00f3n de casos sospechosos de Covid-19 \u201ctambi\u00e9n se hace hincapi\u00e9 en lo que es dengue, en cuanto a la descacharrizaci\u00f3n y aprovechamos a buscar patolog\u00edas preexistentes, es decir que tiene un enfoque epidemiol\u00f3gico que va m\u00e1s all\u00e1 del Covid-19\u201d.<\/p>\n\n\n\n<div class=\"wp-block-image\"><figure class=\"aligncenter size-medium\"><img loading=\"lazy\" decoding=\"async\" width=\"460\" height=\"307\" src=\"http:\/\/infoecos.com.ar\/wp-content\/uploads\/2020\/12\/PLAN-DETECTAR-460x307.jpg\" alt=\"\" class=\"wp-image-71102\" srcset=\"https:\/\/infoecos.com.ar\/wp-content\/uploads\/2020\/12\/PLAN-DETECTAR-460x307.jpg 460w, https:\/\/infoecos.com.ar\/wp-content\/uploads\/2020\/12\/PLAN-DETECTAR-768x512.jpg 768w, https:\/\/infoecos.com.ar\/wp-content\/uploads\/2020\/12\/PLAN-DETECTAR-675x450.jpg 675w, https:\/\/infoecos.com.ar\/wp-content\/uploads\/2020\/12\/PLAN-DETECTAR.jpg 852w\" sizes=\"(max-width: 460px) 100vw, 460px\" \/><\/figure><\/div>\n\n\n\n<p>Tras comentar que junto con la doctora Cristina Mancini, directora del \u00e1rea de Tercera Edad, \u201cse hisop\u00f3 a todo el personal del geri\u00e1trico\u201d, Valente aprovech\u00f3 para agradecer a \u201cProvincia, al personal de Desarrollo Social, con Cristina Ferster, que est\u00e1 presente, y de Salud Comunitaria, con Victoria Dom\u00ednguez, y a los vecinos que con paciencia permanecieron en sus domicilios tal cual lo pedimos\u201d.<\/p>\n\n\n\n<p>Valente insisti\u00f3 en la necesidad de respetar las medidas de seguridad: \u201cDistanciamiento, uso de barbijo, ventilaci\u00f3n y evitar los lugares cerrados y con mucha gente\u201d porque \u201choy dependemos de la conciencia social\u201d.<\/p>\n\n\n\n<p>Tambi\u00e9n pidi\u00f3 a los vecinos \u201cprudencia al circular\u201d para evitar los accidentes porque \u201cnecesitamos tener el hospital libre para atender a la gente con Covid-19\u201d.<\/p>\n\n\n\n<div class=\"wp-block-image\"><figure class=\"aligncenter size-medium\"><img loading=\"lazy\" decoding=\"async\" width=\"460\" height=\"307\" src=\"http:\/\/infoecos.com.ar\/wp-content\/uploads\/2020\/12\/PLAN-DETECTAR-9-460x307.jpg\" alt=\"\" class=\"wp-image-71103\" srcset=\"https:\/\/infoecos.com.ar\/wp-content\/uploads\/2020\/12\/PLAN-DETECTAR-9-460x307.jpg 460w, https:\/\/infoecos.com.ar\/wp-content\/uploads\/2020\/12\/PLAN-DETECTAR-9-768x512.jpg 768w, https:\/\/infoecos.com.ar\/wp-content\/uploads\/2020\/12\/PLAN-DETECTAR-9-675x450.jpg 675w, https:\/\/infoecos.com.ar\/wp-content\/uploads\/2020\/12\/PLAN-DETECTAR-9.jpg 852w\" sizes=\"(max-width: 460px) 100vw, 460px\" \/><\/figure><\/div>\n\n\n\n<p>Por su parte, el director ejecutivo de Regi\u00f3n Sanitaria II, Pedro Hern\u00e1ndez, coment\u00f3 que \u201cel objetivo del Plan DetectAr es la b\u00fasqueda activa de casos sospechosos de coronavirus pero tambi\u00e9n lo utilizamos como una herramienta sanitaria para hacer un abordaje integral relevando otros problemas de salud que ha ocasionado la pandemia como es la merma en las coberturas de vacunaci\u00f3n, pacientes cr\u00f3nicos que no han asistido al sistema de salud y un tema no menor que es la problem\u00e1tica social que acarrea esta pandemia\u201d.<\/p>\n\n\n\n<p>\u201cNos parece importante la presencia del Estado provincial en coordinaci\u00f3n con el Estado municipal yendo a la casa de los vecinos y vecinas, consult\u00e1ndoles c\u00f3mo est\u00e1n atravesando esta pandemia y tomando una pol\u00edtica sanitaria diferente a la que estamos acostumbrados y donde en general esperamos que los enfermos lleguen al hospital y ac\u00e1 los vamos a visitar a sus domicilios y eso tiene que ver con una clara decisi\u00f3n pol\u00edtica de un estado presente acompa\u00f1ando a cada uno de los vecinos y vecinas de la provincia de Buenos Aires\u201d, se\u00f1al\u00f3 Hern\u00e1ndez.<\/p>\n\n\n\n<div class=\"wp-block-image\"><figure class=\"aligncenter size-medium\"><img loading=\"lazy\" decoding=\"async\" width=\"460\" height=\"307\" src=\"http:\/\/infoecos.com.ar\/wp-content\/uploads\/2020\/12\/PLAN-DETECTAR-8-460x307.jpg\" alt=\"\" class=\"wp-image-71104\" srcset=\"https:\/\/infoecos.com.ar\/wp-content\/uploads\/2020\/12\/PLAN-DETECTAR-8-460x307.jpg 460w, https:\/\/infoecos.com.ar\/wp-content\/uploads\/2020\/12\/PLAN-DETECTAR-8-768x512.jpg 768w, https:\/\/infoecos.com.ar\/wp-content\/uploads\/2020\/12\/PLAN-DETECTAR-8-675x450.jpg 675w, https:\/\/infoecos.com.ar\/wp-content\/uploads\/2020\/12\/PLAN-DETECTAR-8.jpg 852w\" sizes=\"(max-width: 460px) 100vw, 460px\" \/><\/figure><\/div>\n\n\n\n<p>El funcionario tambi\u00e9n consider\u00f3 que \u201cnos tenemos que sentir orgullosos y en esto agradezco fuertemente a los trabajadores de la Salud por la gran tarea que han desarrollado durante estos 10 meses de pandemia, creo que no es menor llegar a esta altura del a\u00f1o con la presencia de tantos voluntarios y de trabajadores de salud con predisposici\u00f3n para salir a caminar, con las condiciones clim\u00e1ticas que tenemos hoy para salir a preguntarle a los vecinos c\u00f3mo est\u00e1n atravesando la pandemia y cu\u00e1l es su estado de salud\u201d.<\/p>\n","protected":false},"excerpt":{"rendered":"<p>En busca activa de casos sospechosos de Covid-19 y tambi\u00e9n para difundir medidas de prevenci\u00f3n y promoci\u00f3n de la salud a la poblaci\u00f3n, seguir con el calendario nacional de vacunaci\u00f3n obligatorio y la campa\u00f1a de descacharreo y prevenci\u00f3n del Dengue<\/p>\n","protected":false},"author":2,"featured_media":71105,"comment_status":"closed","ping_status":"open","sticky":false,"template":"","format":"standard","meta":{"footnotes":""},"categories":[1341],"tags":[2399],"class_list":["post-71099","post","type-post","status-publish","format-standard","has-post-thumbnail","hentry","category-c1nota7","tag-oficial-trenque-lauquen"],"yoast_head":"<!-- This site is optimized with the Yoast SEO plugin v23.4 - https:\/\/yoast.com\/wordpress\/plugins\/seo\/ -->\n<title>Se llev\u00f3 a cabo el Plan DetectAR en Beruti - Infoecos<\/title>\n<meta name=\"robots\" content=\"index, follow, max-snippet:-1, max-image-preview:large, max-video-preview:-1\" \/>\n<link rel=\"canonical\" href=\"https:\/\/infoecos.com.ar\/index.php\/se-llevo-a-cabo-el-plan-detectar-en-beruti\/\" \/>\n<meta property=\"og:locale\" content=\"es_ES\" \/>\n<meta property=\"og:type\" content=\"article\" \/>\n<meta property=\"og:title\" content=\"Se llev\u00f3 a cabo el Plan DetectAR en Beruti - Infoecos\" \/>\n<meta property=\"og:description\" content=\"En busca activa de casos sospechosos de Covid-19 y tambi\u00e9n para difundir medidas de prevenci\u00f3n y promoci\u00f3n de la salud a la poblaci\u00f3n, seguir con el calendario nacional de vacunaci\u00f3n obligatorio y la campa\u00f1a de descacharreo y prevenci\u00f3n del Dengue\" \/>\n<meta property=\"og:url\" content=\"https:\/\/infoecos.com.ar\/index.php\/se-llevo-a-cabo-el-plan-detectar-en-beruti\/\" \/>\n<meta property=\"og:site_name\" content=\"Infoecos\" \/>\n<meta property=\"article:publisher\" content=\"https:\/\/www.facebook.com\/profile.php?id=100063200290284\" \/>\n<meta property=\"article:published_time\" content=\"2020-12-09T17:44:04+00:00\" \/>\n<meta property=\"article:modified_time\" content=\"2020-12-11T02:12:41+00:00\" \/>\n<meta property=\"og:image\" content=\"https:\/\/infoecos.com.ar\/wp-content\/uploads\/2020\/12\/PLAN-DETECTAR-6.jpg\" \/>\n\t<meta property=\"og:image:width\" content=\"852\" \/>\n\t<meta property=\"og:image:height\" content=\"568\" \/>\n\t<meta property=\"og:image:type\" content=\"image\/jpeg\" \/>\n<meta name=\"author\" content=\"Jorge Matheus\" \/>\n<meta name=\"twitter:card\" content=\"summary_large_image\" \/>\n<meta name=\"twitter:creator\" content=\"@infoecos\" \/>\n<meta name=\"twitter:site\" content=\"@infoecos\" \/>\n<meta name=\"twitter:label1\" content=\"Escrito por\" \/>\n\t<meta name=\"twitter:data1\" content=\"Jorge Matheus\" \/>\n\t<meta name=\"twitter:label2\" content=\"Tiempo de lectura\" \/>\n\t<meta name=\"twitter:data2\" content=\"4 minutos\" \/>\n<script type=\"application\/ld+json\" class=\"yoast-schema-graph\">{\"@context\":\"https:\/\/schema.org\",\"@graph\":[{\"@type\":\"Article\",\"@id\":\"https:\/\/infoecos.com.ar\/index.php\/se-llevo-a-cabo-el-plan-detectar-en-beruti\/#article\",\"isPartOf\":{\"@id\":\"https:\/\/infoecos.com.ar\/index.php\/se-llevo-a-cabo-el-plan-detectar-en-beruti\/\"},\"author\":{\"name\":\"Jorge Matheus\",\"@id\":\"https:\/\/infoecos.com.ar\/#\/schema\/person\/8f5ace5ce73b4b4aac4b7245aee6f191\"},\"headline\":\"Se llev\u00f3 a cabo el Plan DetectAR en Beruti\",\"datePublished\":\"2020-12-09T17:44:04+00:00\",\"dateModified\":\"2020-12-11T02:12:41+00:00\",\"mainEntityOfPage\":{\"@id\":\"https:\/\/infoecos.com.ar\/index.php\/se-llevo-a-cabo-el-plan-detectar-en-beruti\/\"},\"wordCount\":752,\"publisher\":{\"@id\":\"https:\/\/infoecos.com.ar\/#organization\"},\"image\":{\"@id\":\"https:\/\/infoecos.com.ar\/index.php\/se-llevo-a-cabo-el-plan-detectar-en-beruti\/#primaryimage\"},\"thumbnailUrl\":\"https:\/\/infoecos.com.ar\/wp-content\/uploads\/2020\/12\/PLAN-DETECTAR-6.jpg\",\"keywords\":[\"OFICIAL TRENQUE LAUQUEN\"],\"articleSection\":[\"C1 nota 7\"],\"inLanguage\":\"es\"},{\"@type\":\"WebPage\",\"@id\":\"https:\/\/infoecos.com.ar\/index.php\/se-llevo-a-cabo-el-plan-detectar-en-beruti\/\",\"url\":\"https:\/\/infoecos.com.ar\/index.php\/se-llevo-a-cabo-el-plan-detectar-en-beruti\/\",\"name\":\"Se llev\u00f3 a cabo el Plan DetectAR en Beruti - Infoecos\",\"isPartOf\":{\"@id\":\"https:\/\/infoecos.com.ar\/#website\"},\"primaryImageOfPage\":{\"@id\":\"https:\/\/infoecos.com.ar\/index.php\/se-llevo-a-cabo-el-plan-detectar-en-beruti\/#primaryimage\"},\"image\":{\"@id\":\"https:\/\/infoecos.com.ar\/index.php\/se-llevo-a-cabo-el-plan-detectar-en-beruti\/#primaryimage\"},\"thumbnailUrl\":\"https:\/\/infoecos.com.ar\/wp-content\/uploads\/2020\/12\/PLAN-DETECTAR-6.jpg\",\"datePublished\":\"2020-12-09T17:44:04+00:00\",\"dateModified\":\"2020-12-11T02:12:41+00:00\",\"breadcrumb\":{\"@id\":\"https:\/\/infoecos.com.ar\/index.php\/se-llevo-a-cabo-el-plan-detectar-en-beruti\/#breadcrumb\"},\"inLanguage\":\"es\",\"potentialAction\":[{\"@type\":\"ReadAction\",\"target\":[\"https:\/\/infoecos.com.ar\/index.php\/se-llevo-a-cabo-el-plan-detectar-en-beruti\/\"]}]},{\"@type\":\"ImageObject\",\"inLanguage\":\"es\",\"@id\":\"https:\/\/infoecos.com.ar\/index.php\/se-llevo-a-cabo-el-plan-detectar-en-beruti\/#primaryimage\",\"url\":\"https:\/\/infoecos.com.ar\/wp-content\/uploads\/2020\/12\/PLAN-DETECTAR-6.jpg\",\"contentUrl\":\"https:\/\/infoecos.com.ar\/wp-content\/uploads\/2020\/12\/PLAN-DETECTAR-6.jpg\",\"width\":852,\"height\":568},{\"@type\":\"BreadcrumbList\",\"@id\":\"https:\/\/infoecos.com.ar\/index.php\/se-llevo-a-cabo-el-plan-detectar-en-beruti\/#breadcrumb\",\"itemListElement\":[{\"@type\":\"ListItem\",\"position\":1,\"name\":\"Portada\",\"item\":\"https:\/\/infoecos.com.ar\/\"},{\"@type\":\"ListItem\",\"position\":2,\"name\":\"Se llev\u00f3 a cabo el Plan DetectAR en Beruti\"}]},{\"@type\":\"WebSite\",\"@id\":\"https:\/\/infoecos.com.ar\/#website\",\"url\":\"https:\/\/infoecos.com.ar\/\",\"name\":\"Infoecos\",\"description\":\"Noticias de trenque lauquen y la zona\",\"publisher\":{\"@id\":\"https:\/\/infoecos.com.ar\/#organization\"},\"alternateName\":\"Noticias\",\"potentialAction\":[{\"@type\":\"SearchAction\",\"target\":{\"@type\":\"EntryPoint\",\"urlTemplate\":\"https:\/\/infoecos.com.ar\/?s={search_term_string}\"},\"query-input\":{\"@type\":\"PropertyValueSpecification\",\"valueRequired\":true,\"valueName\":\"search_term_string\"}}],\"inLanguage\":\"es\"},{\"@type\":\"Organization\",\"@id\":\"https:\/\/infoecos.com.ar\/#organization\",\"name\":\"Infoecos\",\"alternateName\":\"Noticias\",\"url\":\"https:\/\/infoecos.com.ar\/\",\"logo\":{\"@type\":\"ImageObject\",\"inLanguage\":\"es\",\"@id\":\"https:\/\/infoecos.com.ar\/#\/schema\/logo\/image\/\",\"url\":\"https:\/\/infoecos.com.ar\/wp-content\/uploads\/2024\/03\/cropped-logo.png\",\"contentUrl\":\"https:\/\/infoecos.com.ar\/wp-content\/uploads\/2024\/03\/cropped-logo.png\",\"width\":374,\"height\":90,\"caption\":\"Infoecos\"},\"image\":{\"@id\":\"https:\/\/infoecos.com.ar\/#\/schema\/logo\/image\/\"},\"sameAs\":[\"https:\/\/www.facebook.com\/profile.php?id=100063200290284\",\"https:\/\/x.com\/infoecos\"]},{\"@type\":\"Person\",\"@id\":\"https:\/\/infoecos.com.ar\/#\/schema\/person\/8f5ace5ce73b4b4aac4b7245aee6f191\",\"name\":\"Jorge Matheus\",\"url\":\"https:\/\/infoecos.com.ar\/index.php\/author\/jomatheus\/\"}]}<\/script>\n<!-- \/ Yoast SEO plugin. -->","yoast_head_json":{"title":"Se llev\u00f3 a cabo el Plan DetectAR en Beruti - Infoecos","robots":{"index":"index","follow":"follow","max-snippet":"max-snippet:-1","max-image-preview":"max-image-preview:large","max-video-preview":"max-video-preview:-1"},"canonical":"https:\/\/infoecos.com.ar\/index.php\/se-llevo-a-cabo-el-plan-detectar-en-beruti\/","og_locale":"es_ES","og_type":"article","og_title":"Se llev\u00f3 a cabo el Plan DetectAR en Beruti - Infoecos","og_description":"En busca activa de casos sospechosos de Covid-19 y tambi\u00e9n para difundir medidas de prevenci\u00f3n y promoci\u00f3n de la salud a la poblaci\u00f3n, seguir con el calendario nacional de vacunaci\u00f3n obligatorio y la campa\u00f1a de descacharreo y prevenci\u00f3n del Dengue","og_url":"https:\/\/infoecos.com.ar\/index.php\/se-llevo-a-cabo-el-plan-detectar-en-beruti\/","og_site_name":"Infoecos","article_publisher":"https:\/\/www.facebook.com\/profile.php?id=100063200290284","article_published_time":"2020-12-09T17:44:04+00:00","article_modified_time":"2020-12-11T02:12:41+00:00","og_image":[{"width":852,"height":568,"url":"https:\/\/infoecos.com.ar\/wp-content\/uploads\/2020\/12\/PLAN-DETECTAR-6.jpg","type":"image\/jpeg"}],"author":"Jorge Matheus","twitter_card":"summary_large_image","twitter_creator":"@infoecos","twitter_site":"@infoecos","twitter_misc":{"Escrito por":"Jorge Matheus","Tiempo de lectura":"4 minutos"},"schema":{"@context":"https:\/\/schema.org","@graph":[{"@type":"Article","@id":"https:\/\/infoecos.com.ar\/index.php\/se-llevo-a-cabo-el-plan-detectar-en-beruti\/#article","isPartOf":{"@id":"https:\/\/infoecos.com.ar\/index.php\/se-llevo-a-cabo-el-plan-detectar-en-beruti\/"},"author":{"name":"Jorge Matheus","@id":"https:\/\/infoecos.com.ar\/#\/schema\/person\/8f5ace5ce73b4b4aac4b7245aee6f191"},"headline":"Se llev\u00f3 a cabo el Plan DetectAR en Beruti","datePublished":"2020-12-09T17:44:04+00:00","dateModified":"2020-12-11T02:12:41+00:00","mainEntityOfPage":{"@id":"https:\/\/infoecos.com.ar\/index.php\/se-llevo-a-cabo-el-plan-detectar-en-beruti\/"},"wordCount":752,"publisher":{"@id":"https:\/\/infoecos.com.ar\/#organization"},"image":{"@id":"https:\/\/infoecos.com.ar\/index.php\/se-llevo-a-cabo-el-plan-detectar-en-beruti\/#primaryimage"},"thumbnailUrl":"https:\/\/infoecos.com.ar\/wp-content\/uploads\/2020\/12\/PLAN-DETECTAR-6.jpg","keywords":["OFICIAL TRENQUE LAUQUEN"],"articleSection":["C1 nota 7"],"inLanguage":"es"},{"@type":"WebPage","@id":"https:\/\/infoecos.com.ar\/index.php\/se-llevo-a-cabo-el-plan-detectar-en-beruti\/","url":"https:\/\/infoecos.com.ar\/index.php\/se-llevo-a-cabo-el-plan-detectar-en-beruti\/","name":"Se llev\u00f3 a cabo el Plan DetectAR en Beruti - Infoecos","isPartOf":{"@id":"https:\/\/infoecos.com.ar\/#website"},"primaryImageOfPage":{"@id":"https:\/\/infoecos.com.ar\/index.php\/se-llevo-a-cabo-el-plan-detectar-en-beruti\/#primaryimage"},"image":{"@id":"https:\/\/infoecos.com.ar\/index.php\/se-llevo-a-cabo-el-plan-detectar-en-beruti\/#primaryimage"},"thumbnailUrl":"https:\/\/infoecos.com.ar\/wp-content\/uploads\/2020\/12\/PLAN-DETECTAR-6.jpg","datePublished":"2020-12-09T17:44:04+00:00","dateModified":"2020-12-11T02:12:41+00:00","breadcrumb":{"@id":"https:\/\/infoecos.com.ar\/index.php\/se-llevo-a-cabo-el-plan-detectar-en-beruti\/#breadcrumb"},"inLanguage":"es","potentialAction":[{"@type":"ReadAction","target":["https:\/\/infoecos.com.ar\/index.php\/se-llevo-a-cabo-el-plan-detectar-en-beruti\/"]}]},{"@type":"ImageObject","inLanguage":"es","@id":"https:\/\/infoecos.com.ar\/index.php\/se-llevo-a-cabo-el-plan-detectar-en-beruti\/#primaryimage","url":"https:\/\/infoecos.com.ar\/wp-content\/uploads\/2020\/12\/PLAN-DETECTAR-6.jpg","contentUrl":"https:\/\/infoecos.com.ar\/wp-content\/uploads\/2020\/12\/PLAN-DETECTAR-6.jpg","width":852,"height":568},{"@type":"BreadcrumbList","@id":"https:\/\/infoecos.com.ar\/index.php\/se-llevo-a-cabo-el-plan-detectar-en-beruti\/#breadcrumb","itemListElement":[{"@type":"ListItem","position":1,"name":"Portada","item":"https:\/\/infoecos.com.ar\/"},{"@type":"ListItem","position":2,"name":"Se llev\u00f3 a cabo el Plan DetectAR en Beruti"}]},{"@type":"WebSite","@id":"https:\/\/infoecos.com.ar\/#website","url":"https:\/\/infoecos.com.ar\/","name":"Infoecos","description":"Noticias de trenque lauquen y la zona","publisher":{"@id":"https:\/\/infoecos.com.ar\/#organization"},"alternateName":"Noticias","potentialAction":[{"@type":"SearchAction","target":{"@type":"EntryPoint","urlTemplate":"https:\/\/infoecos.com.ar\/?s={search_term_string}"},"query-input":{"@type":"PropertyValueSpecification","valueRequired":true,"valueName":"search_term_string"}}],"inLanguage":"es"},{"@type":"Organization","@id":"https:\/\/infoecos.com.ar\/#organization","name":"Infoecos","alternateName":"Noticias","url":"https:\/\/infoecos.com.ar\/","logo":{"@type":"ImageObject","inLanguage":"es","@id":"https:\/\/infoecos.com.ar\/#\/schema\/logo\/image\/","url":"https:\/\/infoecos.com.ar\/wp-content\/uploads\/2024\/03\/cropped-logo.png","contentUrl":"https:\/\/infoecos.com.ar\/wp-content\/uploads\/2024\/03\/cropped-logo.png","width":374,"height":90,"caption":"Infoecos"},"image":{"@id":"https:\/\/infoecos.com.ar\/#\/schema\/logo\/image\/"},"sameAs":["https:\/\/www.facebook.com\/profile.php?id=100063200290284","https:\/\/x.com\/infoecos"]},{"@type":"Person","@id":"https:\/\/infoecos.com.ar\/#\/schema\/person\/8f5ace5ce73b4b4aac4b7245aee6f191","name":"Jorge Matheus","url":"https:\/\/infoecos.com.ar\/index.php\/author\/jomatheus\/"}]}},"featured_image_urls":{"full":["https:\/\/infoecos.com.ar\/wp-content\/uploads\/2020\/12\/PLAN-DETECTAR-6.jpg",852,568,false],"thumbnail":["https:\/\/infoecos.com.ar\/wp-content\/uploads\/2020\/12\/PLAN-DETECTAR-6-150x150.jpg",150,150,true],"medium":["https:\/\/infoecos.com.ar\/wp-content\/uploads\/2020\/12\/PLAN-DETECTAR-6-460x307.jpg",460,307,true],"medium_large":["https:\/\/infoecos.com.ar\/wp-content\/uploads\/2020\/12\/PLAN-DETECTAR-6-768x512.jpg",640,427,true],"large":["https:\/\/infoecos.com.ar\/wp-content\/uploads\/2020\/12\/PLAN-DETECTAR-6.jpg",640,427,false],"1536x1536":["https:\/\/infoecos.com.ar\/wp-content\/uploads\/2020\/12\/PLAN-DETECTAR-6.jpg",852,568,false],"2048x2048":["https:\/\/infoecos.com.ar\/wp-content\/uploads\/2020\/12\/PLAN-DETECTAR-6.jpg",852,568,false],"covernews-slider-full":["https:\/\/infoecos.com.ar\/wp-content\/uploads\/2020\/12\/PLAN-DETECTAR-6.jpg",852,568,false],"covernews-slider-center":["https:\/\/infoecos.com.ar\/wp-content\/uploads\/2020\/12\/PLAN-DETECTAR-6.jpg",750,500,false],"covernews-featured":["https:\/\/infoecos.com.ar\/wp-content\/uploads\/2020\/12\/PLAN-DETECTAR-6.jpg",852,568,false],"covernews-medium":["https:\/\/infoecos.com.ar\/wp-content\/uploads\/2020\/12\/PLAN-DETECTAR-6-720x380.jpg",540,285,true],"covernews-medium-square":["https:\/\/infoecos.com.ar\/wp-content\/uploads\/2020\/12\/PLAN-DETECTAR-6-675x450.jpg",375,250,true]},"author_info":{"info":["Jorge Matheus"]},"category_info":"<a href=\"https:\/\/infoecos.com.ar\/index.php\/category\/c1nota7\/\" rel=\"category tag\">C1 nota 7<\/a>","tag_info":"C1 nota 7","comment_count":"0","_links":{"self":[{"href":"https:\/\/infoecos.com.ar\/index.php\/wp-json\/wp\/v2\/posts\/71099"}],"collection":[{"href":"https:\/\/infoecos.com.ar\/index.php\/wp-json\/wp\/v2\/posts"}],"about":[{"href":"https:\/\/infoecos.com.ar\/index.php\/wp-json\/wp\/v2\/types\/post"}],"author":[{"embeddable":true,"href":"https:\/\/infoecos.com.ar\/index.php\/wp-json\/wp\/v2\/users\/2"}],"replies":[{"embeddable":true,"href":"https:\/\/infoecos.com.ar\/index.php\/wp-json\/wp\/v2\/comments?post=71099"}],"version-history":[{"count":1,"href":"https:\/\/infoecos.com.ar\/index.php\/wp-json\/wp\/v2\/posts\/71099\/revisions"}],"predecessor-version":[{"id":71106,"href":"https:\/\/infoecos.com.ar\/index.php\/wp-json\/wp\/v2\/posts\/71099\/revisions\/71106"}],"wp:featuredmedia":[{"embeddable":true,"href":"https:\/\/infoecos.com.ar\/index.php\/wp-json\/wp\/v2\/media\/71105"}],"wp:attachment":[{"href":"https:\/\/infoecos.com.ar\/index.php\/wp-json\/wp\/v2\/media?parent=71099"}],"wp:term":[{"taxonomy":"category","embeddable":true,"href":"https:\/\/infoecos.com.ar\/index.php\/wp-json\/wp\/v2\/categories?post=71099"},{"taxonomy":"post_tag","embeddable":true,"href":"https:\/\/infoecos.com.ar\/index.php\/wp-json\/wp\/v2\/tags?post=71099"}],"curies":[{"name":"wp","href":"https:\/\/api.w.org\/{rel}","templated":true}]}}