{"id":71107,"date":"2020-12-09T14:48:24","date_gmt":"2020-12-09T17:48:24","guid":{"rendered":"http:\/\/infoecos.com.ar\/?p=71107"},"modified":"2020-12-09T14:48:26","modified_gmt":"2020-12-09T17:48:26","slug":"cierre-del-ciclo-lectivo-de-la-escuela-municipal-en-beruti-y-girodias","status":"publish","type":"post","link":"https:\/\/infoecos.com.ar\/index.php\/cierre-del-ciclo-lectivo-de-la-escuela-municipal-en-beruti-y-girodias\/","title":{"rendered":"Cierre del ciclo lectivo de la Escuela Municipal en Beruti y Girod\u00edas"},"content":{"rendered":"\n<p>La direcci\u00f3n de Educaci\u00f3n del Municipio de Trenque Lauquen inform\u00f3 que este jueves y viernes se llevar\u00e1n adelante los actos de cierre del ciclo lectivo 2020 de la Escuela Municipal en sus sedes de Beruti y Girod\u00edas.<\/p>\n\n\n\n<p>A diferencia de a\u00f1os anteriores, en esta oportunidad los actos se realizar\u00e1n siguiendo las medidas de seguridad que marca el protocolo vigente por la situaci\u00f3n sanitaria provocada por la pandemia de Covid-19.<\/p>\n\n\n\n<div class=\"wp-block-image\"><figure class=\"aligncenter size-medium\"><img loading=\"lazy\" decoding=\"async\" width=\"460\" height=\"353\" src=\"http:\/\/infoecos.com.ar\/wp-content\/uploads\/2020\/12\/Escuela-Municipal-460x353.jpeg\" alt=\"\" class=\"wp-image-71108\" srcset=\"https:\/\/infoecos.com.ar\/wp-content\/uploads\/2020\/12\/Escuela-Municipal-460x353.jpeg 460w, https:\/\/infoecos.com.ar\/wp-content\/uploads\/2020\/12\/Escuela-Municipal-920x707.jpeg 920w, https:\/\/infoecos.com.ar\/wp-content\/uploads\/2020\/12\/Escuela-Municipal-768x590.jpeg 768w, https:\/\/infoecos.com.ar\/wp-content\/uploads\/2020\/12\/Escuela-Municipal-1024x787.jpeg 1024w, https:\/\/infoecos.com.ar\/wp-content\/uploads\/2020\/12\/Escuela-Municipal.jpeg 1178w\" sizes=\"(max-width: 460px) 100vw, 460px\" \/><\/figure><\/div>\n\n\n\n<p>El primer acto tendr\u00e1 lugar en Beruti, el jueves a partir de las 19.30 en la sede de la Escuela Municipal ubicada en el Centro Cultural de La Estaci\u00f3n y al d\u00eda siguiente, ser\u00e1 el turno de Girod\u00edas, tambi\u00e9n a las 19.30 en la sede de la instituci\u00f3n.<\/p>\n\n\n\n<p>\u201cEsta semana se inician los actos de cierre de las distintas sedes de la Escuela Municipal, con la particularidad este a\u00f1o que se realizar\u00e1n bajo estrictas normas de protocolo por la pandemia de Covid-19\u201d, confirm\u00f3 la directora de Educaci\u00f3n, Patricia Mu\u00f1agorri.<\/p>\n\n\n\n<p>La funcionaria inform\u00f3 tambi\u00e9n que por la situaci\u00f3n sanitaria la muestra anual de trabajos de los cursos y talleres se realizar\u00e1 de manera virtual a trav\u00e9s de dos herramientas: en el sitio: <a href=\"http:\/\/educacionbialtorca.com\">http:\/\/educacionbialtorca.com<\/a> y la semana pr\u00f3xima con un video institucional que se difundir\u00e1 a trav\u00e9s de la p\u00e1gina Web del Municipio.<\/p>\n","protected":false},"excerpt":{"rendered":"<p>\u201cEsta semana se inician los actos de cierre de las distintas sedes de la Escuela Municipal, con la particularidad este a\u00f1o que se realizar\u00e1n bajo estrictas normas de protocolo por la pandemia de Covid-19\u201d, confirm\u00f3 la directora de Educaci\u00f3n, Patricia Mu\u00f1agorri<\/p>\n","protected":false},"author":2,"featured_media":71108,"comment_status":"closed","ping_status":"open","sticky":false,"template":"","format":"standard","meta":{"footnotes":""},"categories":[47],"tags":[2399],"class_list":["post-71107","post","type-post","status-publish","format-standard","has-post-thumbnail","hentry","category-c3nota2","tag-oficial-trenque-lauquen"],"yoast_head":"<!-- This site is optimized with the Yoast SEO plugin v23.4 - https:\/\/yoast.com\/wordpress\/plugins\/seo\/ -->\n<title>Cierre del ciclo lectivo de la Escuela Municipal en Beruti y Girod\u00edas - Infoecos<\/title>\n<meta name=\"robots\" content=\"index, follow, max-snippet:-1, max-image-preview:large, max-video-preview:-1\" \/>\n<link rel=\"canonical\" href=\"https:\/\/infoecos.com.ar\/index.php\/cierre-del-ciclo-lectivo-de-la-escuela-municipal-en-beruti-y-girodias\/\" \/>\n<meta property=\"og:locale\" content=\"es_ES\" \/>\n<meta property=\"og:type\" content=\"article\" \/>\n<meta property=\"og:title\" content=\"Cierre del ciclo lectivo de la Escuela Municipal en Beruti y Girod\u00edas - Infoecos\" \/>\n<meta property=\"og:description\" content=\"\u201cEsta semana se inician los actos de cierre de las distintas sedes de la Escuela Municipal, con la particularidad este a\u00f1o que se realizar\u00e1n bajo estrictas normas de protocolo por la pandemia de Covid-19\u201d, confirm\u00f3 la directora de Educaci\u00f3n, Patricia Mu\u00f1agorri\" \/>\n<meta property=\"og:url\" content=\"https:\/\/infoecos.com.ar\/index.php\/cierre-del-ciclo-lectivo-de-la-escuela-municipal-en-beruti-y-girodias\/\" \/>\n<meta property=\"og:site_name\" content=\"Infoecos\" \/>\n<meta property=\"article:publisher\" content=\"https:\/\/www.facebook.com\/profile.php?id=100063200290284\" \/>\n<meta property=\"article:published_time\" content=\"2020-12-09T17:48:24+00:00\" \/>\n<meta property=\"article:modified_time\" content=\"2020-12-09T17:48:26+00:00\" \/>\n<meta property=\"og:image\" content=\"https:\/\/infoecos.com.ar\/wp-content\/uploads\/2020\/12\/Escuela-Municipal.jpeg\" \/>\n\t<meta property=\"og:image:width\" content=\"1178\" \/>\n\t<meta property=\"og:image:height\" content=\"905\" \/>\n\t<meta property=\"og:image:type\" content=\"image\/jpeg\" \/>\n<meta name=\"author\" content=\"Jorge Matheus\" \/>\n<meta name=\"twitter:card\" content=\"summary_large_image\" \/>\n<meta name=\"twitter:creator\" content=\"@infoecos\" \/>\n<meta name=\"twitter:site\" content=\"@infoecos\" \/>\n<meta name=\"twitter:label1\" content=\"Escrito por\" \/>\n\t<meta name=\"twitter:data1\" content=\"Jorge Matheus\" \/>\n\t<meta name=\"twitter:label2\" content=\"Tiempo de lectura\" \/>\n\t<meta name=\"twitter:data2\" content=\"1 minuto\" \/>\n<script type=\"application\/ld+json\" class=\"yoast-schema-graph\">{\"@context\":\"https:\/\/schema.org\",\"@graph\":[{\"@type\":\"Article\",\"@id\":\"https:\/\/infoecos.com.ar\/index.php\/cierre-del-ciclo-lectivo-de-la-escuela-municipal-en-beruti-y-girodias\/#article\",\"isPartOf\":{\"@id\":\"https:\/\/infoecos.com.ar\/index.php\/cierre-del-ciclo-lectivo-de-la-escuela-municipal-en-beruti-y-girodias\/\"},\"author\":{\"name\":\"Jorge Matheus\",\"@id\":\"https:\/\/infoecos.com.ar\/#\/schema\/person\/8f5ace5ce73b4b4aac4b7245aee6f191\"},\"headline\":\"Cierre del ciclo lectivo de la Escuela Municipal en Beruti y Girod\u00edas\",\"datePublished\":\"2020-12-09T17:48:24+00:00\",\"dateModified\":\"2020-12-09T17:48:26+00:00\",\"mainEntityOfPage\":{\"@id\":\"https:\/\/infoecos.com.ar\/index.php\/cierre-del-ciclo-lectivo-de-la-escuela-municipal-en-beruti-y-girodias\/\"},\"wordCount\":244,\"publisher\":{\"@id\":\"https:\/\/infoecos.com.ar\/#organization\"},\"image\":{\"@id\":\"https:\/\/infoecos.com.ar\/index.php\/cierre-del-ciclo-lectivo-de-la-escuela-municipal-en-beruti-y-girodias\/#primaryimage\"},\"thumbnailUrl\":\"https:\/\/infoecos.com.ar\/wp-content\/uploads\/2020\/12\/Escuela-Municipal.jpeg\",\"keywords\":[\"OFICIAL TRENQUE LAUQUEN\"],\"articleSection\":[\"C3 N2\"],\"inLanguage\":\"es\"},{\"@type\":\"WebPage\",\"@id\":\"https:\/\/infoecos.com.ar\/index.php\/cierre-del-ciclo-lectivo-de-la-escuela-municipal-en-beruti-y-girodias\/\",\"url\":\"https:\/\/infoecos.com.ar\/index.php\/cierre-del-ciclo-lectivo-de-la-escuela-municipal-en-beruti-y-girodias\/\",\"name\":\"Cierre del ciclo lectivo de la Escuela Municipal en Beruti y Girod\u00edas - Infoecos\",\"isPartOf\":{\"@id\":\"https:\/\/infoecos.com.ar\/#website\"},\"primaryImageOfPage\":{\"@id\":\"https:\/\/infoecos.com.ar\/index.php\/cierre-del-ciclo-lectivo-de-la-escuela-municipal-en-beruti-y-girodias\/#primaryimage\"},\"image\":{\"@id\":\"https:\/\/infoecos.com.ar\/index.php\/cierre-del-ciclo-lectivo-de-la-escuela-municipal-en-beruti-y-girodias\/#primaryimage\"},\"thumbnailUrl\":\"https:\/\/infoecos.com.ar\/wp-content\/uploads\/2020\/12\/Escuela-Municipal.jpeg\",\"datePublished\":\"2020-12-09T17:48:24+00:00\",\"dateModified\":\"2020-12-09T17:48:26+00:00\",\"breadcrumb\":{\"@id\":\"https:\/\/infoecos.com.ar\/index.php\/cierre-del-ciclo-lectivo-de-la-escuela-municipal-en-beruti-y-girodias\/#breadcrumb\"},\"inLanguage\":\"es\",\"potentialAction\":[{\"@type\":\"ReadAction\",\"target\":[\"https:\/\/infoecos.com.ar\/index.php\/cierre-del-ciclo-lectivo-de-la-escuela-municipal-en-beruti-y-girodias\/\"]}]},{\"@type\":\"ImageObject\",\"inLanguage\":\"es\",\"@id\":\"https:\/\/infoecos.com.ar\/index.php\/cierre-del-ciclo-lectivo-de-la-escuela-municipal-en-beruti-y-girodias\/#primaryimage\",\"url\":\"https:\/\/infoecos.com.ar\/wp-content\/uploads\/2020\/12\/Escuela-Municipal.jpeg\",\"contentUrl\":\"https:\/\/infoecos.com.ar\/wp-content\/uploads\/2020\/12\/Escuela-Municipal.jpeg\",\"width\":1178,\"height\":905},{\"@type\":\"BreadcrumbList\",\"@id\":\"https:\/\/infoecos.com.ar\/index.php\/cierre-del-ciclo-lectivo-de-la-escuela-municipal-en-beruti-y-girodias\/#breadcrumb\",\"itemListElement\":[{\"@type\":\"ListItem\",\"position\":1,\"name\":\"Portada\",\"item\":\"https:\/\/infoecos.com.ar\/\"},{\"@type\":\"ListItem\",\"position\":2,\"name\":\"Cierre del ciclo lectivo de la Escuela Municipal en Beruti y Girod\u00edas\"}]},{\"@type\":\"WebSite\",\"@id\":\"https:\/\/infoecos.com.ar\/#website\",\"url\":\"https:\/\/infoecos.com.ar\/\",\"name\":\"Infoecos\",\"description\":\"Noticias de trenque lauquen y la zona\",\"publisher\":{\"@id\":\"https:\/\/infoecos.com.ar\/#organization\"},\"alternateName\":\"Noticias\",\"potentialAction\":[{\"@type\":\"SearchAction\",\"target\":{\"@type\":\"EntryPoint\",\"urlTemplate\":\"https:\/\/infoecos.com.ar\/?s={search_term_string}\"},\"query-input\":{\"@type\":\"PropertyValueSpecification\",\"valueRequired\":true,\"valueName\":\"search_term_string\"}}],\"inLanguage\":\"es\"},{\"@type\":\"Organization\",\"@id\":\"https:\/\/infoecos.com.ar\/#organization\",\"name\":\"Infoecos\",\"alternateName\":\"Noticias\",\"url\":\"https:\/\/infoecos.com.ar\/\",\"logo\":{\"@type\":\"ImageObject\",\"inLanguage\":\"es\",\"@id\":\"https:\/\/infoecos.com.ar\/#\/schema\/logo\/image\/\",\"url\":\"https:\/\/infoecos.com.ar\/wp-content\/uploads\/2024\/03\/cropped-logo.png\",\"contentUrl\":\"https:\/\/infoecos.com.ar\/wp-content\/uploads\/2024\/03\/cropped-logo.png\",\"width\":374,\"height\":90,\"caption\":\"Infoecos\"},\"image\":{\"@id\":\"https:\/\/infoecos.com.ar\/#\/schema\/logo\/image\/\"},\"sameAs\":[\"https:\/\/www.facebook.com\/profile.php?id=100063200290284\",\"https:\/\/x.com\/infoecos\"]},{\"@type\":\"Person\",\"@id\":\"https:\/\/infoecos.com.ar\/#\/schema\/person\/8f5ace5ce73b4b4aac4b7245aee6f191\",\"name\":\"Jorge Matheus\",\"url\":\"https:\/\/infoecos.com.ar\/index.php\/author\/jomatheus\/\"}]}<\/script>\n<!-- \/ Yoast SEO plugin. -->","yoast_head_json":{"title":"Cierre del ciclo lectivo de la Escuela Municipal en Beruti y Girod\u00edas - Infoecos","robots":{"index":"index","follow":"follow","max-snippet":"max-snippet:-1","max-image-preview":"max-image-preview:large","max-video-preview":"max-video-preview:-1"},"canonical":"https:\/\/infoecos.com.ar\/index.php\/cierre-del-ciclo-lectivo-de-la-escuela-municipal-en-beruti-y-girodias\/","og_locale":"es_ES","og_type":"article","og_title":"Cierre del ciclo lectivo de la Escuela Municipal en Beruti y Girod\u00edas - Infoecos","og_description":"\u201cEsta semana se inician los actos de cierre de las distintas sedes de la Escuela Municipal, con la particularidad este a\u00f1o que se realizar\u00e1n bajo estrictas normas de protocolo por la pandemia de Covid-19\u201d, confirm\u00f3 la directora de Educaci\u00f3n, Patricia Mu\u00f1agorri","og_url":"https:\/\/infoecos.com.ar\/index.php\/cierre-del-ciclo-lectivo-de-la-escuela-municipal-en-beruti-y-girodias\/","og_site_name":"Infoecos","article_publisher":"https:\/\/www.facebook.com\/profile.php?id=100063200290284","article_published_time":"2020-12-09T17:48:24+00:00","article_modified_time":"2020-12-09T17:48:26+00:00","og_image":[{"width":1178,"height":905,"url":"https:\/\/infoecos.com.ar\/wp-content\/uploads\/2020\/12\/Escuela-Municipal.jpeg","type":"image\/jpeg"}],"author":"Jorge Matheus","twitter_card":"summary_large_image","twitter_creator":"@infoecos","twitter_site":"@infoecos","twitter_misc":{"Escrito por":"Jorge Matheus","Tiempo de lectura":"1 minuto"},"schema":{"@context":"https:\/\/schema.org","@graph":[{"@type":"Article","@id":"https:\/\/infoecos.com.ar\/index.php\/cierre-del-ciclo-lectivo-de-la-escuela-municipal-en-beruti-y-girodias\/#article","isPartOf":{"@id":"https:\/\/infoecos.com.ar\/index.php\/cierre-del-ciclo-lectivo-de-la-escuela-municipal-en-beruti-y-girodias\/"},"author":{"name":"Jorge Matheus","@id":"https:\/\/infoecos.com.ar\/#\/schema\/person\/8f5ace5ce73b4b4aac4b7245aee6f191"},"headline":"Cierre del ciclo lectivo de la Escuela Municipal en Beruti y Girod\u00edas","datePublished":"2020-12-09T17:48:24+00:00","dateModified":"2020-12-09T17:48:26+00:00","mainEntityOfPage":{"@id":"https:\/\/infoecos.com.ar\/index.php\/cierre-del-ciclo-lectivo-de-la-escuela-municipal-en-beruti-y-girodias\/"},"wordCount":244,"publisher":{"@id":"https:\/\/infoecos.com.ar\/#organization"},"image":{"@id":"https:\/\/infoecos.com.ar\/index.php\/cierre-del-ciclo-lectivo-de-la-escuela-municipal-en-beruti-y-girodias\/#primaryimage"},"thumbnailUrl":"https:\/\/infoecos.com.ar\/wp-content\/uploads\/2020\/12\/Escuela-Municipal.jpeg","keywords":["OFICIAL TRENQUE LAUQUEN"],"articleSection":["C3 N2"],"inLanguage":"es"},{"@type":"WebPage","@id":"https:\/\/infoecos.com.ar\/index.php\/cierre-del-ciclo-lectivo-de-la-escuela-municipal-en-beruti-y-girodias\/","url":"https:\/\/infoecos.com.ar\/index.php\/cierre-del-ciclo-lectivo-de-la-escuela-municipal-en-beruti-y-girodias\/","name":"Cierre del ciclo lectivo de la Escuela Municipal en Beruti y Girod\u00edas - Infoecos","isPartOf":{"@id":"https:\/\/infoecos.com.ar\/#website"},"primaryImageOfPage":{"@id":"https:\/\/infoecos.com.ar\/index.php\/cierre-del-ciclo-lectivo-de-la-escuela-municipal-en-beruti-y-girodias\/#primaryimage"},"image":{"@id":"https:\/\/infoecos.com.ar\/index.php\/cierre-del-ciclo-lectivo-de-la-escuela-municipal-en-beruti-y-girodias\/#primaryimage"},"thumbnailUrl":"https:\/\/infoecos.com.ar\/wp-content\/uploads\/2020\/12\/Escuela-Municipal.jpeg","datePublished":"2020-12-09T17:48:24+00:00","dateModified":"2020-12-09T17:48:26+00:00","breadcrumb":{"@id":"https:\/\/infoecos.com.ar\/index.php\/cierre-del-ciclo-lectivo-de-la-escuela-municipal-en-beruti-y-girodias\/#breadcrumb"},"inLanguage":"es","potentialAction":[{"@type":"ReadAction","target":["https:\/\/infoecos.com.ar\/index.php\/cierre-del-ciclo-lectivo-de-la-escuela-municipal-en-beruti-y-girodias\/"]}]},{"@type":"ImageObject","inLanguage":"es","@id":"https:\/\/infoecos.com.ar\/index.php\/cierre-del-ciclo-lectivo-de-la-escuela-municipal-en-beruti-y-girodias\/#primaryimage","url":"https:\/\/infoecos.com.ar\/wp-content\/uploads\/2020\/12\/Escuela-Municipal.jpeg","contentUrl":"https:\/\/infoecos.com.ar\/wp-content\/uploads\/2020\/12\/Escuela-Municipal.jpeg","width":1178,"height":905},{"@type":"BreadcrumbList","@id":"https:\/\/infoecos.com.ar\/index.php\/cierre-del-ciclo-lectivo-de-la-escuela-municipal-en-beruti-y-girodias\/#breadcrumb","itemListElement":[{"@type":"ListItem","position":1,"name":"Portada","item":"https:\/\/infoecos.com.ar\/"},{"@type":"ListItem","position":2,"name":"Cierre del ciclo lectivo de la Escuela Municipal en Beruti y Girod\u00edas"}]},{"@type":"WebSite","@id":"https:\/\/infoecos.com.ar\/#website","url":"https:\/\/infoecos.com.ar\/","name":"Infoecos","description":"Noticias de trenque lauquen y la zona","publisher":{"@id":"https:\/\/infoecos.com.ar\/#organization"},"alternateName":"Noticias","potentialAction":[{"@type":"SearchAction","target":{"@type":"EntryPoint","urlTemplate":"https:\/\/infoecos.com.ar\/?s={search_term_string}"},"query-input":{"@type":"PropertyValueSpecification","valueRequired":true,"valueName":"search_term_string"}}],"inLanguage":"es"},{"@type":"Organization","@id":"https:\/\/infoecos.com.ar\/#organization","name":"Infoecos","alternateName":"Noticias","url":"https:\/\/infoecos.com.ar\/","logo":{"@type":"ImageObject","inLanguage":"es","@id":"https:\/\/infoecos.com.ar\/#\/schema\/logo\/image\/","url":"https:\/\/infoecos.com.ar\/wp-content\/uploads\/2024\/03\/cropped-logo.png","contentUrl":"https:\/\/infoecos.com.ar\/wp-content\/uploads\/2024\/03\/cropped-logo.png","width":374,"height":90,"caption":"Infoecos"},"image":{"@id":"https:\/\/infoecos.com.ar\/#\/schema\/logo\/image\/"},"sameAs":["https:\/\/www.facebook.com\/profile.php?id=100063200290284","https:\/\/x.com\/infoecos"]},{"@type":"Person","@id":"https:\/\/infoecos.com.ar\/#\/schema\/person\/8f5ace5ce73b4b4aac4b7245aee6f191","name":"Jorge Matheus","url":"https:\/\/infoecos.com.ar\/index.php\/author\/jomatheus\/"}]}},"featured_image_urls":{"full":["https:\/\/infoecos.com.ar\/wp-content\/uploads\/2020\/12\/Escuela-Municipal.jpeg",1178,905,false],"thumbnail":["https:\/\/infoecos.com.ar\/wp-content\/uploads\/2020\/12\/Escuela-Municipal-150x150.jpeg",150,150,true],"medium":["https:\/\/infoecos.com.ar\/wp-content\/uploads\/2020\/12\/Escuela-Municipal-460x353.jpeg",460,353,true],"medium_large":["https:\/\/infoecos.com.ar\/wp-content\/uploads\/2020\/12\/Escuela-Municipal-768x590.jpeg",640,492,true],"large":["https:\/\/infoecos.com.ar\/wp-content\/uploads\/2020\/12\/Escuela-Municipal-920x707.jpeg",640,492,true],"1536x1536":["https:\/\/infoecos.com.ar\/wp-content\/uploads\/2020\/12\/Escuela-Municipal.jpeg",1178,905,false],"2048x2048":["https:\/\/infoecos.com.ar\/wp-content\/uploads\/2020\/12\/Escuela-Municipal.jpeg",1178,905,false],"covernews-slider-full":["https:\/\/infoecos.com.ar\/wp-content\/uploads\/2020\/12\/Escuela-Municipal.jpeg",931,715,false],"covernews-slider-center":["https:\/\/infoecos.com.ar\/wp-content\/uploads\/2020\/12\/Escuela-Municipal-936x897.jpeg",522,500,true],"covernews-featured":["https:\/\/infoecos.com.ar\/wp-content\/uploads\/2020\/12\/Escuela-Municipal-1024x787.jpeg",1024,787,true],"covernews-medium":["https:\/\/infoecos.com.ar\/wp-content\/uploads\/2020\/12\/Escuela-Municipal-720x380.jpeg",540,285,true],"covernews-medium-square":["https:\/\/infoecos.com.ar\/wp-content\/uploads\/2020\/12\/Escuela-Municipal-675x450.jpeg",375,250,true]},"author_info":{"info":["Jorge Matheus"]},"category_info":"<a href=\"https:\/\/infoecos.com.ar\/index.php\/category\/c3nota2\/\" rel=\"category tag\">C3 N2<\/a>","tag_info":"C3 N2","comment_count":"0","_links":{"self":[{"href":"https:\/\/infoecos.com.ar\/index.php\/wp-json\/wp\/v2\/posts\/71107"}],"collection":[{"href":"https:\/\/infoecos.com.ar\/index.php\/wp-json\/wp\/v2\/posts"}],"about":[{"href":"https:\/\/infoecos.com.ar\/index.php\/wp-json\/wp\/v2\/types\/post"}],"author":[{"embeddable":true,"href":"https:\/\/infoecos.com.ar\/index.php\/wp-json\/wp\/v2\/users\/2"}],"replies":[{"embeddable":true,"href":"https:\/\/infoecos.com.ar\/index.php\/wp-json\/wp\/v2\/comments?post=71107"}],"version-history":[{"count":1,"href":"https:\/\/infoecos.com.ar\/index.php\/wp-json\/wp\/v2\/posts\/71107\/revisions"}],"predecessor-version":[{"id":71109,"href":"https:\/\/infoecos.com.ar\/index.php\/wp-json\/wp\/v2\/posts\/71107\/revisions\/71109"}],"wp:featuredmedia":[{"embeddable":true,"href":"https:\/\/infoecos.com.ar\/index.php\/wp-json\/wp\/v2\/media\/71108"}],"wp:attachment":[{"href":"https:\/\/infoecos.com.ar\/index.php\/wp-json\/wp\/v2\/media?parent=71107"}],"wp:term":[{"taxonomy":"category","embeddable":true,"href":"https:\/\/infoecos.com.ar\/index.php\/wp-json\/wp\/v2\/categories?post=71107"},{"taxonomy":"post_tag","embeddable":true,"href":"https:\/\/infoecos.com.ar\/index.php\/wp-json\/wp\/v2\/tags?post=71107"}],"curies":[{"name":"wp","href":"https:\/\/api.w.org\/{rel}","templated":true}]}}