{"id":71118,"date":"2020-12-09T20:30:34","date_gmt":"2020-12-09T23:30:34","guid":{"rendered":"http:\/\/infoecos.com.ar\/?p=71118"},"modified":"2020-12-09T20:30:43","modified_gmt":"2020-12-09T23:30:43","slug":"desde-este-miercoles-todos-los-accesos-a-carlos-casares-estan-abiertos","status":"publish","type":"post","link":"https:\/\/infoecos.com.ar\/index.php\/desde-este-miercoles-todos-los-accesos-a-carlos-casares-estan-abiertos\/","title":{"rendered":"Desde este mi\u00e9rcoles todos los accesos a Carlos Casares est\u00e1n abiertos"},"content":{"rendered":"\n<p class=\"wp-block-paragraph\">El intendente municipal de Carlos Casares, Walter Torchio, anunci\u00f3 este mi\u00e9rcoles que ya no hay accesos cerrados en la ciudad capital del distrito.<\/p>\n\n\n\n<p class=\"wp-block-paragraph\">El mandatario comunal inform\u00f3, adem\u00e1s, que hay 38 casos activos. 640 recuperados, dos casos positivos por nexo cl\u00ednico epidemiol\u00f3gico, 189 casos recuperados por nexo cl\u00ednico epidemiol\u00f3gico, 1.129 hisopados negativos y 25 fallecidos.<\/p>\n\n\n\n<p class=\"wp-block-paragraph\">\u00abDesde la municipalidad vamos a cambiar el eje de lo que venimos haciendo hasta ahora\u201d, manifest\u00f3.<\/p>\n\n\n\n<p class=\"wp-block-paragraph\">\u00abEl municipio est\u00e1 cambiando el sistema de tanto control hacia el vecino para enfocarse en la etapa de vacunaci\u00f3n. Seg\u00fan las conversaciones con Provincia, mediados\/fines de enero se comenzar\u00eda a hacerlo y para eso, ya se est\u00e1n gestionando los tr\u00e1mites para capacitar al personal que aplicar\u00e1n las dos dosis; hay instituciones donde se llevar\u00e1 a cabo\u00bb, se\u00f1al\u00f3.<\/p>\n\n\n\n<div class=\"wp-block-image\"><figure class=\"aligncenter size-medium\"><img decoding=\"async\" src=\"http:\/\/infoecos.com.ar\/wp-content\/uploads\/18557219_1977760109123820_8081032809758665368_n-460x345.jpg\" alt=\"\" class=\"wp-image-52565\"\/><figcaption>Carlos Casares &#8211; Municipio<\/figcaption><\/figure><\/div>\n","protected":false},"excerpt":{"rendered":"<p>El mandatario comunal inform\u00f3, adem\u00e1s, que hay 38 casos activos. 640 recuperados, dos casos positivos por nexo cl\u00ednico epidemiol\u00f3gico, 189 casos recuperados por nexo cl\u00ednico epidemiol\u00f3gico, 1.129 hisopados negativos y 25 fallecidos<\/p>\n","protected":false},"author":2,"featured_media":70838,"comment_status":"closed","ping_status":"open","sticky":false,"template":"","format":"standard","meta":{"footnotes":""},"categories":[1613],"tags":[2404],"class_list":["post-71118","post","type-post","status-publish","format-standard","has-post-thumbnail","hentry","category-noticia-secundaria","tag-transito-permitido"],"featured_image_urls":{"full":["https:\/\/infoecos.com.ar\/wp-content\/uploads\/2020\/12\/Foto-2.jpeg",1024,682,false],"thumbnail":["https:\/\/infoecos.com.ar\/wp-content\/uploads\/2020\/12\/Foto-2-150x150.jpeg",150,150,true],"medium":["https:\/\/infoecos.com.ar\/wp-content\/uploads\/2020\/12\/Foto-2-460x306.jpeg",460,306,true],"medium_large":["https:\/\/infoecos.com.ar\/wp-content\/uploads\/2020\/12\/Foto-2-768x512.jpeg",640,427,true],"large":["https:\/\/infoecos.com.ar\/wp-content\/uploads\/2020\/12\/Foto-2-920x613.jpeg",640,426,true],"1536x1536":["https:\/\/infoecos.com.ar\/wp-content\/uploads\/2020\/12\/Foto-2.jpeg",1024,682,false],"2048x2048":["https:\/\/infoecos.com.ar\/wp-content\/uploads\/2020\/12\/Foto-2.jpeg",1024,682,false],"covernews-slider-full":["https:\/\/infoecos.com.ar\/wp-content\/uploads\/2020\/12\/Foto-2.jpeg",1024,682,false],"covernews-slider-center":["https:\/\/infoecos.com.ar\/wp-content\/uploads\/2020\/12\/Foto-2-936x682.jpeg",686,500,true],"covernews-featured":["https:\/\/infoecos.com.ar\/wp-content\/uploads\/2020\/12\/Foto-2.jpeg",1024,682,false],"covernews-medium":["https:\/\/infoecos.com.ar\/wp-content\/uploads\/2020\/12\/Foto-2-720x380.jpeg",540,285,true],"covernews-medium-square":["https:\/\/infoecos.com.ar\/wp-content\/uploads\/2020\/12\/Foto-2-675x450.jpeg",375,250,true]},"author_info":{"info":["Jorge Matheus"]},"category_info":"<a href=\"https:\/\/infoecos.com.ar\/index.php\/category\/noticia-secundaria\/\" rel=\"category tag\">Noticia Secundaria<\/a>","tag_info":"Noticia Secundaria","comment_count":"0","_links":{"self":[{"href":"https:\/\/infoecos.com.ar\/index.php\/wp-json\/wp\/v2\/posts\/71118","targetHints":{"allow":["GET"]}}],"collection":[{"href":"https:\/\/infoecos.com.ar\/index.php\/wp-json\/wp\/v2\/posts"}],"about":[{"href":"https:\/\/infoecos.com.ar\/index.php\/wp-json\/wp\/v2\/types\/post"}],"author":[{"embeddable":true,"href":"https:\/\/infoecos.com.ar\/index.php\/wp-json\/wp\/v2\/users\/2"}],"replies":[{"embeddable":true,"href":"https:\/\/infoecos.com.ar\/index.php\/wp-json\/wp\/v2\/comments?post=71118"}],"version-history":[{"count":1,"href":"https:\/\/infoecos.com.ar\/index.php\/wp-json\/wp\/v2\/posts\/71118\/revisions"}],"predecessor-version":[{"id":71119,"href":"https:\/\/infoecos.com.ar\/index.php\/wp-json\/wp\/v2\/posts\/71118\/revisions\/71119"}],"wp:featuredmedia":[{"embeddable":true,"href":"https:\/\/infoecos.com.ar\/index.php\/wp-json\/wp\/v2\/media\/70838"}],"wp:attachment":[{"href":"https:\/\/infoecos.com.ar\/index.php\/wp-json\/wp\/v2\/media?parent=71118"}],"wp:term":[{"taxonomy":"category","embeddable":true,"href":"https:\/\/infoecos.com.ar\/index.php\/wp-json\/wp\/v2\/categories?post=71118"},{"taxonomy":"post_tag","embeddable":true,"href":"https:\/\/infoecos.com.ar\/index.php\/wp-json\/wp\/v2\/tags?post=71118"}],"curies":[{"name":"wp","href":"https:\/\/api.w.org\/{rel}","templated":true}]}}