{"id":71120,"date":"2020-12-09T20:35:41","date_gmt":"2020-12-09T23:35:41","guid":{"rendered":"http:\/\/infoecos.com.ar\/?p=71120"},"modified":"2020-12-10T23:10:56","modified_gmt":"2020-12-11T02:10:56","slug":"recomendaciones-del-viceministro-de-salud-de-la-provincia-de-buenos-aires","status":"publish","type":"post","link":"https:\/\/infoecos.com.ar\/index.php\/recomendaciones-del-viceministro-de-salud-de-la-provincia-de-buenos-aires\/","title":{"rendered":"Recomendaciones del viceministro de Salud de la provincia de Buenos Aires"},"content":{"rendered":"\n<p class=\"wp-block-paragraph\">El viceministro de Salud de la provincia de Buenos Aires, Nicol\u00e1s Kreplak, se\u00f1al\u00f3 que \u00abhace ya 15 semanas venimos con un descenso de casos. Estamos bien, nos acompa\u00f1a la temperatura c\u00e1lida y necesitamos que se mantengan los cuidados. No alcanza para relajarnos porque vemos que hay rebrotes en otros pa\u00edses\u00bb.<\/p>\n\n\n\n<div class=\"wp-block-image\"><figure class=\"aligncenter size-medium\"><img loading=\"lazy\" decoding=\"async\" width=\"460\" height=\"306\" src=\"http:\/\/infoecos.com.ar\/wp-content\/uploads\/kreplak-460x306.jpg\" alt=\"\" class=\"wp-image-63330\" srcset=\"https:\/\/infoecos.com.ar\/wp-content\/uploads\/kreplak-460x306.jpg 460w, https:\/\/infoecos.com.ar\/wp-content\/uploads\/kreplak-920x613.jpg 920w, https:\/\/infoecos.com.ar\/wp-content\/uploads\/kreplak-768x511.jpg 768w, https:\/\/infoecos.com.ar\/wp-content\/uploads\/kreplak-675x450.jpg 675w, https:\/\/infoecos.com.ar\/wp-content\/uploads\/kreplak.jpg 1000w\" sizes=\"auto, (max-width: 460px) 100vw, 460px\" \/><\/figure><\/div>\n\n\n\n<p class=\"wp-block-paragraph\">En declaraciones a Radio Provincia asegur\u00f3 que \u201ctenemos que trabajar mucho para evitar el rebrote, no juntarnos con grupos que no tengamos contacto estrecho y tambi\u00e9n evitar las reuniones en lugares cerrados\u201d.&nbsp;<\/p>\n\n\n\n<p class=\"wp-block-paragraph\">Kreplak indic\u00f3 que \u201ccon la campa\u00f1a de vacunaci\u00f3n vamos a poder evitar una segunda ola y esperamos poder contener la enfermedad para el a\u00f1o que viene\u00bb.<\/p>\n\n\n\n<p class=\"wp-block-paragraph\">En tanto, con respecto al fin de semana largo dijo que \u00abse pusieron postas en todos los distritos de la Provincia y vimos que en la mayor\u00eda de los casos hubo bastante responsabilidad. As\u00ed que la semana pr\u00f3xima vamos a estar viendo si esto fue as\u00ed, cuando tengamos los resultados de los controles\u00bb.<\/p>\n\n\n\n<p class=\"wp-block-paragraph\">Finalmente, se refiri\u00f3 a las fiestas navide\u00f1as y recomend\u00f3 \u201ctener cuidado con los vasos, tratar de evitar abrazos y besos al menos por un tiempo m\u00e1s. Y de reunirse que siempre sea al aire libre\u201d.<\/p>\n","protected":false},"excerpt":{"rendered":"<p>En declaraciones a Radio Provincia asegur\u00f3 que \u201ctenemos que trabajar mucho para evitar el rebrote, no juntarnos con grupos que no tengamos contacto estrecho y tambi\u00e9n evitar las reuniones en lugares cerrados\u201d<\/p>\n","protected":false},"author":2,"featured_media":70244,"comment_status":"closed","ping_status":"open","sticky":false,"template":"","format":"standard","meta":{"footnotes":""},"categories":[1325],"tags":[1785],"class_list":["post-71120","post","type-post","status-publish","format-standard","has-post-thumbnail","hentry","category-c1nota6","tag-coronavirus"],"featured_image_urls":{"full":["https:\/\/infoecos.com.ar\/wp-content\/uploads\/2020\/11\/2020_10_03_CB_Conferencia-de-prensa-Salud_SGE_1429-scaled.jpg",2560,1704,false],"thumbnail":["https:\/\/infoecos.com.ar\/wp-content\/uploads\/2020\/11\/2020_10_03_CB_Conferencia-de-prensa-Salud_SGE_1429-150x150.jpg",150,150,true],"medium":["https:\/\/infoecos.com.ar\/wp-content\/uploads\/2020\/11\/2020_10_03_CB_Conferencia-de-prensa-Salud_SGE_1429-460x306.jpg",460,306,true],"medium_large":["https:\/\/infoecos.com.ar\/wp-content\/uploads\/2020\/11\/2020_10_03_CB_Conferencia-de-prensa-Salud_SGE_1429-768x511.jpg",640,426,true],"large":["https:\/\/infoecos.com.ar\/wp-content\/uploads\/2020\/11\/2020_10_03_CB_Conferencia-de-prensa-Salud_SGE_1429-920x612.jpg",640,426,true],"1536x1536":["https:\/\/infoecos.com.ar\/wp-content\/uploads\/2020\/11\/2020_10_03_CB_Conferencia-de-prensa-Salud_SGE_1429-1536x1022.jpg",1536,1022,true],"2048x2048":["https:\/\/infoecos.com.ar\/wp-content\/uploads\/2020\/11\/2020_10_03_CB_Conferencia-de-prensa-Salud_SGE_1429-2048x1363.jpg",2048,1363,true],"covernews-slider-full":["https:\/\/infoecos.com.ar\/wp-content\/uploads\/2020\/11\/2020_10_03_CB_Conferencia-de-prensa-Salud_SGE_1429-1536x1020.jpg",1077,715,true],"covernews-slider-center":["https:\/\/infoecos.com.ar\/wp-content\/uploads\/2020\/11\/2020_10_03_CB_Conferencia-de-prensa-Salud_SGE_1429-936x897.jpg",522,500,true],"covernews-featured":["https:\/\/infoecos.com.ar\/wp-content\/uploads\/2020\/11\/2020_10_03_CB_Conferencia-de-prensa-Salud_SGE_1429-1024x682.jpg",1024,682,true],"covernews-medium":["https:\/\/infoecos.com.ar\/wp-content\/uploads\/2020\/11\/2020_10_03_CB_Conferencia-de-prensa-Salud_SGE_1429-720x380.jpg",540,285,true],"covernews-medium-square":["https:\/\/infoecos.com.ar\/wp-content\/uploads\/2020\/11\/2020_10_03_CB_Conferencia-de-prensa-Salud_SGE_1429-675x450.jpg",375,250,true]},"author_info":{"info":["Jorge Matheus"]},"category_info":"<a href=\"https:\/\/infoecos.com.ar\/index.php\/category\/c1nota6\/\" rel=\"category tag\">C1 nota 6<\/a>","tag_info":"C1 nota 6","comment_count":"0","_links":{"self":[{"href":"https:\/\/infoecos.com.ar\/index.php\/wp-json\/wp\/v2\/posts\/71120","targetHints":{"allow":["GET"]}}],"collection":[{"href":"https:\/\/infoecos.com.ar\/index.php\/wp-json\/wp\/v2\/posts"}],"about":[{"href":"https:\/\/infoecos.com.ar\/index.php\/wp-json\/wp\/v2\/types\/post"}],"author":[{"embeddable":true,"href":"https:\/\/infoecos.com.ar\/index.php\/wp-json\/wp\/v2\/users\/2"}],"replies":[{"embeddable":true,"href":"https:\/\/infoecos.com.ar\/index.php\/wp-json\/wp\/v2\/comments?post=71120"}],"version-history":[{"count":2,"href":"https:\/\/infoecos.com.ar\/index.php\/wp-json\/wp\/v2\/posts\/71120\/revisions"}],"predecessor-version":[{"id":71194,"href":"https:\/\/infoecos.com.ar\/index.php\/wp-json\/wp\/v2\/posts\/71120\/revisions\/71194"}],"wp:featuredmedia":[{"embeddable":true,"href":"https:\/\/infoecos.com.ar\/index.php\/wp-json\/wp\/v2\/media\/70244"}],"wp:attachment":[{"href":"https:\/\/infoecos.com.ar\/index.php\/wp-json\/wp\/v2\/media?parent=71120"}],"wp:term":[{"taxonomy":"category","embeddable":true,"href":"https:\/\/infoecos.com.ar\/index.php\/wp-json\/wp\/v2\/categories?post=71120"},{"taxonomy":"post_tag","embeddable":true,"href":"https:\/\/infoecos.com.ar\/index.php\/wp-json\/wp\/v2\/tags?post=71120"}],"curies":[{"name":"wp","href":"https:\/\/api.w.org\/{rel}","templated":true}]}}