{"id":71130,"date":"2020-12-10T00:04:40","date_gmt":"2020-12-10T03:04:40","guid":{"rendered":"http:\/\/infoecos.com.ar\/?p=71130"},"modified":"2020-12-10T23:09:20","modified_gmt":"2020-12-11T02:09:20","slug":"el-gobierno-bonaerense-y-los-judiciales-volveran-a-reunirse-despues-del-15-de-diciembre","status":"publish","type":"post","link":"https:\/\/infoecos.com.ar\/index.php\/el-gobierno-bonaerense-y-los-judiciales-volveran-a-reunirse-despues-del-15-de-diciembre\/","title":{"rendered":"El gobierno bonaerense y los judiciales volver\u00e1n a reunirse despu\u00e9s del 15 de diciembre"},"content":{"rendered":"\n<p class=\"wp-block-paragraph\">El gobierno de la provincia de Buenos Aires y el gremio de los judiciales se reunieron este mi\u00e9rcoles. Se acord\u00f3 realizar un nuevo encuentro con posterioridad al 15 de diciembre para tratar de llegar a un acuerdo en materia salarial. En la fecha mencionada el INDEC dar\u00e1 a conocer el \u00edndice de inflaci\u00f3n. <\/p>\n\n\n\n<div class=\"wp-block-image\"><figure class=\"aligncenter size-medium\"><img decoding=\"async\" src=\"http:\/\/infoecos.com.ar\/wp-content\/uploads\/unnamed-1-174-460x219.jpg\" alt=\"\" class=\"wp-image-55263\"\/><figcaption>Asociaci\u00f3n Judicial Bonaerense<\/figcaption><\/figure><\/div>\n\n\n\n<p class=\"wp-block-paragraph\">Desde la AJB se reclam\u00f3, se\u00f1ala el gremio en un comunicado de prensa, que \u00abla propuesta a realizarse debe garantizar que los salarios no queden por debajo de la inflaci\u00f3n acumulada en 2020 y establecer un marco de acuerdo para la recuperaci\u00f3n del poder adquisitivo perdido en 2018 y 2019, per\u00edodos respecto de los cuales la negociaci\u00f3n paritaria se encuentra abierta atento que al d\u00eda de la fecha no se ha arribado a una soluci\u00f3n consensuada entre las y los trabajadores judiciales y el Estado provincial\u00bb.<\/p>\n\n\n\n<p class=\"wp-block-paragraph\">Se exigi\u00f3 tambi\u00e9n \u00abla eliminaci\u00f3n del proyecto de ley de presupuesto 2021 la habilitaci\u00f3n al Poder Ejecutivo a disponer de los recursos del IOMA no ejecutados durante el ejercicio\u00bb.<\/p>\n\n\n\n<p class=\"wp-block-paragraph\">\u00abAnte la ausencia de una fecha cierta para la continuidad de las negociaciones y atento al escaso tiempo disponible durante el mes de diciembre para arribar a un acuerdo paritario, la AJB resuelve declarar el estado de alerta y convocar a asambleas en las diecinueve departamentales a realizarse durante los pr\u00f3ximos d\u00edas, a fin de debatir colectivamente los pasos a seguir\u00bb, sostuvieron.<\/p>\n","protected":false},"excerpt":{"rendered":"<p>El gobierno de la provincia de Buenos Aires y el gremio de los judiciales se reunieron este mi\u00e9rcoles<\/p>\n","protected":false},"author":2,"featured_media":55263,"comment_status":"closed","ping_status":"open","sticky":false,"template":"","format":"standard","meta":{"footnotes":""},"categories":[198],"tags":[2405],"class_list":["post-71130","post","type-post","status-publish","format-standard","has-post-thumbnail","hentry","category-c1nota5","tag-aun-no-hay-acuerdo-salarial"],"featured_image_urls":{"full":"","thumbnail":"","medium":"","medium_large":"","large":"","1536x1536":"","2048x2048":"","covernews-slider-full":"","covernews-slider-center":"","covernews-featured":"","covernews-medium":"","covernews-medium-square":""},"author_info":{"info":["Jorge Matheus"]},"category_info":"<a href=\"https:\/\/infoecos.com.ar\/index.php\/category\/c1nota5\/\" rel=\"category tag\">C1 nota 5<\/a>","tag_info":"C1 nota 5","comment_count":"0","_links":{"self":[{"href":"https:\/\/infoecos.com.ar\/index.php\/wp-json\/wp\/v2\/posts\/71130","targetHints":{"allow":["GET"]}}],"collection":[{"href":"https:\/\/infoecos.com.ar\/index.php\/wp-json\/wp\/v2\/posts"}],"about":[{"href":"https:\/\/infoecos.com.ar\/index.php\/wp-json\/wp\/v2\/types\/post"}],"author":[{"embeddable":true,"href":"https:\/\/infoecos.com.ar\/index.php\/wp-json\/wp\/v2\/users\/2"}],"replies":[{"embeddable":true,"href":"https:\/\/infoecos.com.ar\/index.php\/wp-json\/wp\/v2\/comments?post=71130"}],"version-history":[{"count":1,"href":"https:\/\/infoecos.com.ar\/index.php\/wp-json\/wp\/v2\/posts\/71130\/revisions"}],"predecessor-version":[{"id":71131,"href":"https:\/\/infoecos.com.ar\/index.php\/wp-json\/wp\/v2\/posts\/71130\/revisions\/71131"}],"wp:attachment":[{"href":"https:\/\/infoecos.com.ar\/index.php\/wp-json\/wp\/v2\/media?parent=71130"}],"wp:term":[{"taxonomy":"category","embeddable":true,"href":"https:\/\/infoecos.com.ar\/index.php\/wp-json\/wp\/v2\/categories?post=71130"},{"taxonomy":"post_tag","embeddable":true,"href":"https:\/\/infoecos.com.ar\/index.php\/wp-json\/wp\/v2\/tags?post=71130"}],"curies":[{"name":"wp","href":"https:\/\/api.w.org\/{rel}","templated":true}]}}