{"id":71157,"date":"2020-12-10T15:51:25","date_gmt":"2020-12-10T18:51:25","guid":{"rendered":"http:\/\/infoecos.com.ar\/?p=71157"},"modified":"2020-12-12T13:30:12","modified_gmt":"2020-12-12T16:30:12","slug":"energiaquecura-accion-solidaria-de-eden-en-el-hospital-de-tres-lomas","status":"publish","type":"post","link":"https:\/\/infoecos.com.ar\/index.php\/energiaquecura-accion-solidaria-de-eden-en-el-hospital-de-tres-lomas\/","title":{"rendered":"#Energ\u00edaquecura acci\u00f3n solidaria de EDEN en el Hospital de Tres Lomas"},"content":{"rendered":"\n<p>EDEN &nbsp;(Empresa&nbsp;Distribuidora de Energ\u00eda Norte S.A.), de la mano de <strong><em>ArteCura<\/em><\/strong><em>, <\/em>desarroll\u00f3 la acci\u00f3n solidaria <strong>#Energ\u00edaQueCura<\/strong> en el Hospital Municipal \u201cDr. Domingo Girotti\u201d de Tres Lomas, entregando cuadros pintados por los hijos de los empleados de la empresa.<\/p>\n\n\n\n<div class=\"wp-block-image\"><figure class=\"aligncenter size-medium\"><img loading=\"lazy\" decoding=\"async\" width=\"460\" height=\"307\" src=\"http:\/\/infoecos.com.ar\/wp-content\/uploads\/2020\/12\/Accion-Solidaria-EDEN-Tres-Lomas-460x307.jpeg\" alt=\"\" class=\"wp-image-71158\" srcset=\"https:\/\/infoecos.com.ar\/wp-content\/uploads\/2020\/12\/Accion-Solidaria-EDEN-Tres-Lomas-460x307.jpeg 460w, https:\/\/infoecos.com.ar\/wp-content\/uploads\/2020\/12\/Accion-Solidaria-EDEN-Tres-Lomas-920x614.jpeg 920w, https:\/\/infoecos.com.ar\/wp-content\/uploads\/2020\/12\/Accion-Solidaria-EDEN-Tres-Lomas-768x512.jpeg 768w, https:\/\/infoecos.com.ar\/wp-content\/uploads\/2020\/12\/Accion-Solidaria-EDEN-Tres-Lomas-1024x683.jpeg 1024w, https:\/\/infoecos.com.ar\/wp-content\/uploads\/2020\/12\/Accion-Solidaria-EDEN-Tres-Lomas-675x450.jpeg 675w, https:\/\/infoecos.com.ar\/wp-content\/uploads\/2020\/12\/Accion-Solidaria-EDEN-Tres-Lomas.jpeg 1280w\" sizes=\"(max-width: 460px) 100vw, 460px\" \/><\/figure><\/div>\n\n\n\n<p>Mediante una acci\u00f3n de voluntariado, los hijos de los empleados de EDEN, junto a sus familias, pintaron cuadros predise\u00f1ados por ArteCura para llevar color y alegr\u00eda a los pacientes y equipos de salud.<\/p>\n\n\n\n<p>\u201c<em>Estar cerca de la comunidad, no s\u00f3lo trabajando en el servicio, sino tambi\u00e9n acompa\u00f1ando su crecimiento, es clave para nosotros\u201d, <\/em>dijo<em> <\/em>Javier Gabilondo, Jefe de la Sucursal EDEN y agreg\u00f3, <em>\u201cquiero agradecer y reconocer a nuestros empleados y sus familias por comprometerse con esta tarea solidaria\u201d.<\/em><\/p>\n\n\n\n<p>Las piezas fueron entregadas en el Hospital con la presencia del Director de la instituci\u00f3n, Dr. Nicol\u00e1s Sa\u00f1udo, la Jefa de Personal, Valeria Clamades, la Administradora del Hospital, No\u00e9 \u00c1lvarez, el administrativo, Marcelo Dolhagaray y representantes de EDEN.&nbsp;<\/p>\n\n\n\n<div class=\"wp-block-image\"><figure class=\"aligncenter size-medium\"><img loading=\"lazy\" decoding=\"async\" width=\"460\" height=\"307\" src=\"http:\/\/infoecos.com.ar\/wp-content\/uploads\/2020\/12\/Accion-Solidaria-EDEN-Tres-Lomas-2-460x307.jpeg\" alt=\"\" class=\"wp-image-71159\" srcset=\"https:\/\/infoecos.com.ar\/wp-content\/uploads\/2020\/12\/Accion-Solidaria-EDEN-Tres-Lomas-2-460x307.jpeg 460w, https:\/\/infoecos.com.ar\/wp-content\/uploads\/2020\/12\/Accion-Solidaria-EDEN-Tres-Lomas-2-920x614.jpeg 920w, https:\/\/infoecos.com.ar\/wp-content\/uploads\/2020\/12\/Accion-Solidaria-EDEN-Tres-Lomas-2-768x512.jpeg 768w, https:\/\/infoecos.com.ar\/wp-content\/uploads\/2020\/12\/Accion-Solidaria-EDEN-Tres-Lomas-2-1024x683.jpeg 1024w, https:\/\/infoecos.com.ar\/wp-content\/uploads\/2020\/12\/Accion-Solidaria-EDEN-Tres-Lomas-2-675x450.jpeg 675w, https:\/\/infoecos.com.ar\/wp-content\/uploads\/2020\/12\/Accion-Solidaria-EDEN-Tres-Lomas-2.jpeg 1280w\" sizes=\"(max-width: 460px) 100vw, 460px\" \/><\/figure><\/div>\n\n\n\n<p><em>\u201cAgradecemos a las Autoridades del Hospital que, abri\u00e9ndonos las puertas, nos permitieron realizar esta acci\u00f3n que de alguna forma tambi\u00e9n intenta reconocer el gran trabajo que realizan todos los d\u00edas\u201d, <\/em>expres\u00f3 Gabilondo.&nbsp;<\/p>\n","protected":false},"excerpt":{"rendered":"<p>Mediante una acci\u00f3n de voluntariado, los hijos de los empleados de EDEN, junto a sus familias, pintaron cuadros predise\u00f1ados por ArteCura para llevar color y alegr\u00eda a los pacientes y equipos de salud<\/p>\n","protected":false},"author":2,"featured_media":71159,"comment_status":"closed","ping_status":"open","sticky":false,"template":"","format":"standard","meta":{"footnotes":""},"categories":[50],"tags":[1600],"class_list":["post-71157","post","type-post","status-publish","format-standard","has-post-thumbnail","hentry","category-c1nota4","tag-social-empresaria"],"yoast_head":"<!-- This site is optimized with the Yoast SEO plugin v23.4 - https:\/\/yoast.com\/wordpress\/plugins\/seo\/ -->\n<title>#Energ\u00edaquecura acci\u00f3n solidaria de EDEN en el Hospital de Tres Lomas - Infoecos<\/title>\n<meta name=\"robots\" content=\"index, follow, max-snippet:-1, max-image-preview:large, max-video-preview:-1\" \/>\n<link rel=\"canonical\" href=\"https:\/\/infoecos.com.ar\/index.php\/energiaquecura-accion-solidaria-de-eden-en-el-hospital-de-tres-lomas\/\" \/>\n<meta property=\"og:locale\" content=\"es_ES\" \/>\n<meta property=\"og:type\" content=\"article\" \/>\n<meta property=\"og:title\" content=\"#Energ\u00edaquecura acci\u00f3n solidaria de EDEN en el Hospital de Tres Lomas - Infoecos\" \/>\n<meta property=\"og:description\" content=\"Mediante una acci\u00f3n de voluntariado, los hijos de los empleados de EDEN, junto a sus familias, pintaron cuadros predise\u00f1ados por ArteCura para llevar color y alegr\u00eda a los pacientes y equipos de salud\" \/>\n<meta property=\"og:url\" content=\"https:\/\/infoecos.com.ar\/index.php\/energiaquecura-accion-solidaria-de-eden-en-el-hospital-de-tres-lomas\/\" \/>\n<meta property=\"og:site_name\" content=\"Infoecos\" \/>\n<meta property=\"article:publisher\" content=\"https:\/\/www.facebook.com\/profile.php?id=100063200290284\" \/>\n<meta property=\"article:published_time\" content=\"2020-12-10T18:51:25+00:00\" \/>\n<meta property=\"article:modified_time\" content=\"2020-12-12T16:30:12+00:00\" \/>\n<meta property=\"og:image\" content=\"https:\/\/infoecos.com.ar\/wp-content\/uploads\/2020\/12\/Accion-Solidaria-EDEN-Tres-Lomas-2.jpeg\" \/>\n\t<meta property=\"og:image:width\" content=\"1280\" \/>\n\t<meta property=\"og:image:height\" content=\"854\" \/>\n\t<meta property=\"og:image:type\" content=\"image\/jpeg\" \/>\n<meta name=\"author\" content=\"Jorge Matheus\" \/>\n<meta name=\"twitter:card\" content=\"summary_large_image\" \/>\n<meta name=\"twitter:creator\" content=\"@infoecos\" \/>\n<meta name=\"twitter:site\" content=\"@infoecos\" \/>\n<meta name=\"twitter:label1\" content=\"Escrito por\" \/>\n\t<meta name=\"twitter:data1\" content=\"Jorge Matheus\" \/>\n\t<meta name=\"twitter:label2\" content=\"Tiempo de lectura\" \/>\n\t<meta name=\"twitter:data2\" content=\"1 minuto\" \/>\n<script type=\"application\/ld+json\" class=\"yoast-schema-graph\">{\"@context\":\"https:\/\/schema.org\",\"@graph\":[{\"@type\":\"Article\",\"@id\":\"https:\/\/infoecos.com.ar\/index.php\/energiaquecura-accion-solidaria-de-eden-en-el-hospital-de-tres-lomas\/#article\",\"isPartOf\":{\"@id\":\"https:\/\/infoecos.com.ar\/index.php\/energiaquecura-accion-solidaria-de-eden-en-el-hospital-de-tres-lomas\/\"},\"author\":{\"name\":\"Jorge Matheus\",\"@id\":\"https:\/\/infoecos.com.ar\/#\/schema\/person\/8f5ace5ce73b4b4aac4b7245aee6f191\"},\"headline\":\"#Energ\u00edaquecura acci\u00f3n solidaria de EDEN en el Hospital de Tres Lomas\",\"datePublished\":\"2020-12-10T18:51:25+00:00\",\"dateModified\":\"2020-12-12T16:30:12+00:00\",\"mainEntityOfPage\":{\"@id\":\"https:\/\/infoecos.com.ar\/index.php\/energiaquecura-accion-solidaria-de-eden-en-el-hospital-de-tres-lomas\/\"},\"wordCount\":222,\"publisher\":{\"@id\":\"https:\/\/infoecos.com.ar\/#organization\"},\"image\":{\"@id\":\"https:\/\/infoecos.com.ar\/index.php\/energiaquecura-accion-solidaria-de-eden-en-el-hospital-de-tres-lomas\/#primaryimage\"},\"thumbnailUrl\":\"https:\/\/infoecos.com.ar\/wp-content\/uploads\/2020\/12\/Accion-Solidaria-EDEN-Tres-Lomas-2.jpeg\",\"keywords\":[\"SOCIAL EMPRESARIA\"],\"articleSection\":[\"C1 N4\"],\"inLanguage\":\"es\"},{\"@type\":\"WebPage\",\"@id\":\"https:\/\/infoecos.com.ar\/index.php\/energiaquecura-accion-solidaria-de-eden-en-el-hospital-de-tres-lomas\/\",\"url\":\"https:\/\/infoecos.com.ar\/index.php\/energiaquecura-accion-solidaria-de-eden-en-el-hospital-de-tres-lomas\/\",\"name\":\"#Energ\u00edaquecura acci\u00f3n solidaria de EDEN en el Hospital de Tres Lomas - Infoecos\",\"isPartOf\":{\"@id\":\"https:\/\/infoecos.com.ar\/#website\"},\"primaryImageOfPage\":{\"@id\":\"https:\/\/infoecos.com.ar\/index.php\/energiaquecura-accion-solidaria-de-eden-en-el-hospital-de-tres-lomas\/#primaryimage\"},\"image\":{\"@id\":\"https:\/\/infoecos.com.ar\/index.php\/energiaquecura-accion-solidaria-de-eden-en-el-hospital-de-tres-lomas\/#primaryimage\"},\"thumbnailUrl\":\"https:\/\/infoecos.com.ar\/wp-content\/uploads\/2020\/12\/Accion-Solidaria-EDEN-Tres-Lomas-2.jpeg\",\"datePublished\":\"2020-12-10T18:51:25+00:00\",\"dateModified\":\"2020-12-12T16:30:12+00:00\",\"breadcrumb\":{\"@id\":\"https:\/\/infoecos.com.ar\/index.php\/energiaquecura-accion-solidaria-de-eden-en-el-hospital-de-tres-lomas\/#breadcrumb\"},\"inLanguage\":\"es\",\"potentialAction\":[{\"@type\":\"ReadAction\",\"target\":[\"https:\/\/infoecos.com.ar\/index.php\/energiaquecura-accion-solidaria-de-eden-en-el-hospital-de-tres-lomas\/\"]}]},{\"@type\":\"ImageObject\",\"inLanguage\":\"es\",\"@id\":\"https:\/\/infoecos.com.ar\/index.php\/energiaquecura-accion-solidaria-de-eden-en-el-hospital-de-tres-lomas\/#primaryimage\",\"url\":\"https:\/\/infoecos.com.ar\/wp-content\/uploads\/2020\/12\/Accion-Solidaria-EDEN-Tres-Lomas-2.jpeg\",\"contentUrl\":\"https:\/\/infoecos.com.ar\/wp-content\/uploads\/2020\/12\/Accion-Solidaria-EDEN-Tres-Lomas-2.jpeg\",\"width\":1280,\"height\":854},{\"@type\":\"BreadcrumbList\",\"@id\":\"https:\/\/infoecos.com.ar\/index.php\/energiaquecura-accion-solidaria-de-eden-en-el-hospital-de-tres-lomas\/#breadcrumb\",\"itemListElement\":[{\"@type\":\"ListItem\",\"position\":1,\"name\":\"Portada\",\"item\":\"https:\/\/infoecos.com.ar\/\"},{\"@type\":\"ListItem\",\"position\":2,\"name\":\"#Energ\u00edaquecura acci\u00f3n solidaria de EDEN en el Hospital de Tres Lomas\"}]},{\"@type\":\"WebSite\",\"@id\":\"https:\/\/infoecos.com.ar\/#website\",\"url\":\"https:\/\/infoecos.com.ar\/\",\"name\":\"Infoecos\",\"description\":\"Noticias de trenque lauquen y la zona\",\"publisher\":{\"@id\":\"https:\/\/infoecos.com.ar\/#organization\"},\"alternateName\":\"Noticias\",\"potentialAction\":[{\"@type\":\"SearchAction\",\"target\":{\"@type\":\"EntryPoint\",\"urlTemplate\":\"https:\/\/infoecos.com.ar\/?s={search_term_string}\"},\"query-input\":{\"@type\":\"PropertyValueSpecification\",\"valueRequired\":true,\"valueName\":\"search_term_string\"}}],\"inLanguage\":\"es\"},{\"@type\":\"Organization\",\"@id\":\"https:\/\/infoecos.com.ar\/#organization\",\"name\":\"Infoecos\",\"alternateName\":\"Noticias\",\"url\":\"https:\/\/infoecos.com.ar\/\",\"logo\":{\"@type\":\"ImageObject\",\"inLanguage\":\"es\",\"@id\":\"https:\/\/infoecos.com.ar\/#\/schema\/logo\/image\/\",\"url\":\"https:\/\/infoecos.com.ar\/wp-content\/uploads\/2024\/03\/cropped-logo.png\",\"contentUrl\":\"https:\/\/infoecos.com.ar\/wp-content\/uploads\/2024\/03\/cropped-logo.png\",\"width\":374,\"height\":90,\"caption\":\"Infoecos\"},\"image\":{\"@id\":\"https:\/\/infoecos.com.ar\/#\/schema\/logo\/image\/\"},\"sameAs\":[\"https:\/\/www.facebook.com\/profile.php?id=100063200290284\",\"https:\/\/x.com\/infoecos\"]},{\"@type\":\"Person\",\"@id\":\"https:\/\/infoecos.com.ar\/#\/schema\/person\/8f5ace5ce73b4b4aac4b7245aee6f191\",\"name\":\"Jorge Matheus\",\"url\":\"https:\/\/infoecos.com.ar\/index.php\/author\/jomatheus\/\"}]}<\/script>\n<!-- \/ Yoast SEO plugin. -->","yoast_head_json":{"title":"#Energ\u00edaquecura acci\u00f3n solidaria de EDEN en el Hospital de Tres Lomas - Infoecos","robots":{"index":"index","follow":"follow","max-snippet":"max-snippet:-1","max-image-preview":"max-image-preview:large","max-video-preview":"max-video-preview:-1"},"canonical":"https:\/\/infoecos.com.ar\/index.php\/energiaquecura-accion-solidaria-de-eden-en-el-hospital-de-tres-lomas\/","og_locale":"es_ES","og_type":"article","og_title":"#Energ\u00edaquecura acci\u00f3n solidaria de EDEN en el Hospital de Tres Lomas - Infoecos","og_description":"Mediante una acci\u00f3n de voluntariado, los hijos de los empleados de EDEN, junto a sus familias, pintaron cuadros predise\u00f1ados por ArteCura para llevar color y alegr\u00eda a los pacientes y equipos de salud","og_url":"https:\/\/infoecos.com.ar\/index.php\/energiaquecura-accion-solidaria-de-eden-en-el-hospital-de-tres-lomas\/","og_site_name":"Infoecos","article_publisher":"https:\/\/www.facebook.com\/profile.php?id=100063200290284","article_published_time":"2020-12-10T18:51:25+00:00","article_modified_time":"2020-12-12T16:30:12+00:00","og_image":[{"width":1280,"height":854,"url":"https:\/\/infoecos.com.ar\/wp-content\/uploads\/2020\/12\/Accion-Solidaria-EDEN-Tres-Lomas-2.jpeg","type":"image\/jpeg"}],"author":"Jorge Matheus","twitter_card":"summary_large_image","twitter_creator":"@infoecos","twitter_site":"@infoecos","twitter_misc":{"Escrito por":"Jorge Matheus","Tiempo de lectura":"1 minuto"},"schema":{"@context":"https:\/\/schema.org","@graph":[{"@type":"Article","@id":"https:\/\/infoecos.com.ar\/index.php\/energiaquecura-accion-solidaria-de-eden-en-el-hospital-de-tres-lomas\/#article","isPartOf":{"@id":"https:\/\/infoecos.com.ar\/index.php\/energiaquecura-accion-solidaria-de-eden-en-el-hospital-de-tres-lomas\/"},"author":{"name":"Jorge Matheus","@id":"https:\/\/infoecos.com.ar\/#\/schema\/person\/8f5ace5ce73b4b4aac4b7245aee6f191"},"headline":"#Energ\u00edaquecura acci\u00f3n solidaria de EDEN en el Hospital de Tres Lomas","datePublished":"2020-12-10T18:51:25+00:00","dateModified":"2020-12-12T16:30:12+00:00","mainEntityOfPage":{"@id":"https:\/\/infoecos.com.ar\/index.php\/energiaquecura-accion-solidaria-de-eden-en-el-hospital-de-tres-lomas\/"},"wordCount":222,"publisher":{"@id":"https:\/\/infoecos.com.ar\/#organization"},"image":{"@id":"https:\/\/infoecos.com.ar\/index.php\/energiaquecura-accion-solidaria-de-eden-en-el-hospital-de-tres-lomas\/#primaryimage"},"thumbnailUrl":"https:\/\/infoecos.com.ar\/wp-content\/uploads\/2020\/12\/Accion-Solidaria-EDEN-Tres-Lomas-2.jpeg","keywords":["SOCIAL EMPRESARIA"],"articleSection":["C1 N4"],"inLanguage":"es"},{"@type":"WebPage","@id":"https:\/\/infoecos.com.ar\/index.php\/energiaquecura-accion-solidaria-de-eden-en-el-hospital-de-tres-lomas\/","url":"https:\/\/infoecos.com.ar\/index.php\/energiaquecura-accion-solidaria-de-eden-en-el-hospital-de-tres-lomas\/","name":"#Energ\u00edaquecura acci\u00f3n solidaria de EDEN en el Hospital de Tres Lomas - Infoecos","isPartOf":{"@id":"https:\/\/infoecos.com.ar\/#website"},"primaryImageOfPage":{"@id":"https:\/\/infoecos.com.ar\/index.php\/energiaquecura-accion-solidaria-de-eden-en-el-hospital-de-tres-lomas\/#primaryimage"},"image":{"@id":"https:\/\/infoecos.com.ar\/index.php\/energiaquecura-accion-solidaria-de-eden-en-el-hospital-de-tres-lomas\/#primaryimage"},"thumbnailUrl":"https:\/\/infoecos.com.ar\/wp-content\/uploads\/2020\/12\/Accion-Solidaria-EDEN-Tres-Lomas-2.jpeg","datePublished":"2020-12-10T18:51:25+00:00","dateModified":"2020-12-12T16:30:12+00:00","breadcrumb":{"@id":"https:\/\/infoecos.com.ar\/index.php\/energiaquecura-accion-solidaria-de-eden-en-el-hospital-de-tres-lomas\/#breadcrumb"},"inLanguage":"es","potentialAction":[{"@type":"ReadAction","target":["https:\/\/infoecos.com.ar\/index.php\/energiaquecura-accion-solidaria-de-eden-en-el-hospital-de-tres-lomas\/"]}]},{"@type":"ImageObject","inLanguage":"es","@id":"https:\/\/infoecos.com.ar\/index.php\/energiaquecura-accion-solidaria-de-eden-en-el-hospital-de-tres-lomas\/#primaryimage","url":"https:\/\/infoecos.com.ar\/wp-content\/uploads\/2020\/12\/Accion-Solidaria-EDEN-Tres-Lomas-2.jpeg","contentUrl":"https:\/\/infoecos.com.ar\/wp-content\/uploads\/2020\/12\/Accion-Solidaria-EDEN-Tres-Lomas-2.jpeg","width":1280,"height":854},{"@type":"BreadcrumbList","@id":"https:\/\/infoecos.com.ar\/index.php\/energiaquecura-accion-solidaria-de-eden-en-el-hospital-de-tres-lomas\/#breadcrumb","itemListElement":[{"@type":"ListItem","position":1,"name":"Portada","item":"https:\/\/infoecos.com.ar\/"},{"@type":"ListItem","position":2,"name":"#Energ\u00edaquecura acci\u00f3n solidaria de EDEN en el Hospital de Tres Lomas"}]},{"@type":"WebSite","@id":"https:\/\/infoecos.com.ar\/#website","url":"https:\/\/infoecos.com.ar\/","name":"Infoecos","description":"Noticias de trenque lauquen y la zona","publisher":{"@id":"https:\/\/infoecos.com.ar\/#organization"},"alternateName":"Noticias","potentialAction":[{"@type":"SearchAction","target":{"@type":"EntryPoint","urlTemplate":"https:\/\/infoecos.com.ar\/?s={search_term_string}"},"query-input":{"@type":"PropertyValueSpecification","valueRequired":true,"valueName":"search_term_string"}}],"inLanguage":"es"},{"@type":"Organization","@id":"https:\/\/infoecos.com.ar\/#organization","name":"Infoecos","alternateName":"Noticias","url":"https:\/\/infoecos.com.ar\/","logo":{"@type":"ImageObject","inLanguage":"es","@id":"https:\/\/infoecos.com.ar\/#\/schema\/logo\/image\/","url":"https:\/\/infoecos.com.ar\/wp-content\/uploads\/2024\/03\/cropped-logo.png","contentUrl":"https:\/\/infoecos.com.ar\/wp-content\/uploads\/2024\/03\/cropped-logo.png","width":374,"height":90,"caption":"Infoecos"},"image":{"@id":"https:\/\/infoecos.com.ar\/#\/schema\/logo\/image\/"},"sameAs":["https:\/\/www.facebook.com\/profile.php?id=100063200290284","https:\/\/x.com\/infoecos"]},{"@type":"Person","@id":"https:\/\/infoecos.com.ar\/#\/schema\/person\/8f5ace5ce73b4b4aac4b7245aee6f191","name":"Jorge Matheus","url":"https:\/\/infoecos.com.ar\/index.php\/author\/jomatheus\/"}]}},"featured_image_urls":{"full":["https:\/\/infoecos.com.ar\/wp-content\/uploads\/2020\/12\/Accion-Solidaria-EDEN-Tres-Lomas-2.jpeg",1280,854,false],"thumbnail":["https:\/\/infoecos.com.ar\/wp-content\/uploads\/2020\/12\/Accion-Solidaria-EDEN-Tres-Lomas-2-150x150.jpeg",150,150,true],"medium":["https:\/\/infoecos.com.ar\/wp-content\/uploads\/2020\/12\/Accion-Solidaria-EDEN-Tres-Lomas-2-460x307.jpeg",460,307,true],"medium_large":["https:\/\/infoecos.com.ar\/wp-content\/uploads\/2020\/12\/Accion-Solidaria-EDEN-Tres-Lomas-2-768x512.jpeg",640,427,true],"large":["https:\/\/infoecos.com.ar\/wp-content\/uploads\/2020\/12\/Accion-Solidaria-EDEN-Tres-Lomas-2-920x614.jpeg",640,427,true],"1536x1536":["https:\/\/infoecos.com.ar\/wp-content\/uploads\/2020\/12\/Accion-Solidaria-EDEN-Tres-Lomas-2.jpeg",1280,854,false],"2048x2048":["https:\/\/infoecos.com.ar\/wp-content\/uploads\/2020\/12\/Accion-Solidaria-EDEN-Tres-Lomas-2.jpeg",1280,854,false],"covernews-slider-full":["https:\/\/infoecos.com.ar\/wp-content\/uploads\/2020\/12\/Accion-Solidaria-EDEN-Tres-Lomas-2.jpeg",1072,715,false],"covernews-slider-center":["https:\/\/infoecos.com.ar\/wp-content\/uploads\/2020\/12\/Accion-Solidaria-EDEN-Tres-Lomas-2-936x854.jpeg",548,500,true],"covernews-featured":["https:\/\/infoecos.com.ar\/wp-content\/uploads\/2020\/12\/Accion-Solidaria-EDEN-Tres-Lomas-2-1024x683.jpeg",1024,683,true],"covernews-medium":["https:\/\/infoecos.com.ar\/wp-content\/uploads\/2020\/12\/Accion-Solidaria-EDEN-Tres-Lomas-2-720x380.jpeg",540,285,true],"covernews-medium-square":["https:\/\/infoecos.com.ar\/wp-content\/uploads\/2020\/12\/Accion-Solidaria-EDEN-Tres-Lomas-2-675x450.jpeg",375,250,true]},"author_info":{"info":["Jorge Matheus"]},"category_info":"<a href=\"https:\/\/infoecos.com.ar\/index.php\/category\/c1nota4\/\" rel=\"category tag\">C1 N4<\/a>","tag_info":"C1 N4","comment_count":"0","_links":{"self":[{"href":"https:\/\/infoecos.com.ar\/index.php\/wp-json\/wp\/v2\/posts\/71157"}],"collection":[{"href":"https:\/\/infoecos.com.ar\/index.php\/wp-json\/wp\/v2\/posts"}],"about":[{"href":"https:\/\/infoecos.com.ar\/index.php\/wp-json\/wp\/v2\/types\/post"}],"author":[{"embeddable":true,"href":"https:\/\/infoecos.com.ar\/index.php\/wp-json\/wp\/v2\/users\/2"}],"replies":[{"embeddable":true,"href":"https:\/\/infoecos.com.ar\/index.php\/wp-json\/wp\/v2\/comments?post=71157"}],"version-history":[{"count":2,"href":"https:\/\/infoecos.com.ar\/index.php\/wp-json\/wp\/v2\/posts\/71157\/revisions"}],"predecessor-version":[{"id":71246,"href":"https:\/\/infoecos.com.ar\/index.php\/wp-json\/wp\/v2\/posts\/71157\/revisions\/71246"}],"wp:featuredmedia":[{"embeddable":true,"href":"https:\/\/infoecos.com.ar\/index.php\/wp-json\/wp\/v2\/media\/71159"}],"wp:attachment":[{"href":"https:\/\/infoecos.com.ar\/index.php\/wp-json\/wp\/v2\/media?parent=71157"}],"wp:term":[{"taxonomy":"category","embeddable":true,"href":"https:\/\/infoecos.com.ar\/index.php\/wp-json\/wp\/v2\/categories?post=71157"},{"taxonomy":"post_tag","embeddable":true,"href":"https:\/\/infoecos.com.ar\/index.php\/wp-json\/wp\/v2\/tags?post=71157"}],"curies":[{"name":"wp","href":"https:\/\/api.w.org\/{rel}","templated":true}]}}