{"id":71164,"date":"2020-12-10T16:08:42","date_gmt":"2020-12-10T19:08:42","guid":{"rendered":"http:\/\/infoecos.com.ar\/?p=71164"},"modified":"2020-12-10T16:08:45","modified_gmt":"2020-12-10T19:08:45","slug":"9-de-julio-es-el-distrito-de-la-region-con-mas-casos-activos-de-coronavirus-257","status":"publish","type":"post","link":"https:\/\/infoecos.com.ar\/index.php\/9-de-julio-es-el-distrito-de-la-region-con-mas-casos-activos-de-coronavirus-257\/","title":{"rendered":"9 de Julio es el distrito de la regi\u00f3n con m\u00e1s casos activos de coronavirus: 257"},"content":{"rendered":"\n<p class=\"wp-block-paragraph\">9 de Julio es el distrito de esta regi\u00f3n de la provincia de Buenos Aires con m\u00e1s cantidad de casos activos de coronavirus.<\/p>\n\n\n\n<p class=\"wp-block-paragraph\">Este jueves se confirmaron trece nuevos pacientes de los cuales siete fueron por hisopados y seis casos que se diagnostican por Criterio Cl\u00ednico Epidemiol\u00f3gico. Adem\u00e1s, se recibieron 2 hisopados negativos.<\/p>\n\n\n\n<div class=\"wp-block-image\"><figure class=\"aligncenter size-medium\"><img loading=\"lazy\" decoding=\"async\" width=\"460\" height=\"460\" src=\"http:\/\/infoecos.com.ar\/wp-content\/uploads\/2020\/12\/coronavirus9dejulio-460x460.jpeg\" alt=\"\" class=\"wp-image-71165\" srcset=\"https:\/\/infoecos.com.ar\/wp-content\/uploads\/2020\/12\/coronavirus9dejulio-460x460.jpeg 460w, https:\/\/infoecos.com.ar\/wp-content\/uploads\/2020\/12\/coronavirus9dejulio-920x920.jpeg 920w, https:\/\/infoecos.com.ar\/wp-content\/uploads\/2020\/12\/coronavirus9dejulio-150x150.jpeg 150w, https:\/\/infoecos.com.ar\/wp-content\/uploads\/2020\/12\/coronavirus9dejulio-768x768.jpeg 768w, https:\/\/infoecos.com.ar\/wp-content\/uploads\/2020\/12\/coronavirus9dejulio-1024x1024.jpeg 1024w, https:\/\/infoecos.com.ar\/wp-content\/uploads\/2020\/12\/coronavirus9dejulio.jpeg 1280w\" sizes=\"auto, (max-width: 460px) 100vw, 460px\" \/><\/figure><\/div>\n\n\n\n<p class=\"wp-block-paragraph\">Recibieron el alta trece pacientes, y de los doscientos cincuenta y siete <strong>(257) <\/strong>que cursan la enfermedad Covid-19, dieciocho se encuentran internados y el resto de los casos activos, un total de 239, se encuentran cursando la enfermedad en forma ambulatoria.<\/p>\n\n\n\n<p class=\"wp-block-paragraph\">Actualmente existen cincuenta casos sospechosos o en estudio de los cuales cinco permanecen internados y los cuarenta y cinco (45) restantes son pacientes ambulatorios que cumplen aislamiento domiciliario.<br>Los pacientes cumplen criterios cl\u00ednicos para ingreso a protocolo y se han enviado las muestras al centro de referencia.<\/p>\n\n\n\n<p class=\"wp-block-paragraph\">Al mismo tiempo, se encuentran en aislamiento preventivo y seguimiento diario un total de 724 personas.<\/p>\n\n\n\n<p class=\"wp-block-paragraph\">Los casos confirmados desde el comienzo de la pandemia son mil cuatrocientos cuarenta (1440) de los cuales doscientos cincuenta y siete (257) est\u00e1n activos, cincuenta y nueve (59) fallecieron y mil ciento veinticuatro (1124) ya se encuentran recuperados, en tanto se han descartado mil doscientos sesenta (1260).<\/p>\n","protected":false},"excerpt":{"rendered":"<p>Los casos confirmados desde el comienzo de la pandemia son mil cuatrocientos cuarenta (1440) de los cuales doscientos cincuenta y siete (257) est\u00e1n activos, cincuenta y nueve (59) fallecieron y mil ciento veinticuatro (1124) ya se encuentran recuperados<\/p>\n","protected":false},"author":2,"featured_media":66944,"comment_status":"closed","ping_status":"open","sticky":false,"template":"","format":"standard","meta":{"footnotes":""},"categories":[45],"tags":[156],"class_list":["post-71164","post","type-post","status-publish","format-standard","has-post-thumbnail","hentry","category-c1nota2","tag-salud"],"featured_image_urls":{"full":["https:\/\/infoecos.com.ar\/wp-content\/uploads\/2020\/09\/1.jpeg",974,584,false],"thumbnail":["https:\/\/infoecos.com.ar\/wp-content\/uploads\/2020\/09\/1-150x150.jpeg",150,150,true],"medium":["https:\/\/infoecos.com.ar\/wp-content\/uploads\/2020\/09\/1-460x276.jpeg",460,276,true],"medium_large":["https:\/\/infoecos.com.ar\/wp-content\/uploads\/2020\/09\/1-768x460.jpeg",640,383,true],"large":["https:\/\/infoecos.com.ar\/wp-content\/uploads\/2020\/09\/1-920x552.jpeg",640,384,true],"1536x1536":["https:\/\/infoecos.com.ar\/wp-content\/uploads\/2020\/09\/1.jpeg",974,584,false],"2048x2048":["https:\/\/infoecos.com.ar\/wp-content\/uploads\/2020\/09\/1.jpeg",974,584,false],"covernews-slider-full":["https:\/\/infoecos.com.ar\/wp-content\/uploads\/2020\/09\/1.jpeg",974,584,false],"covernews-slider-center":["https:\/\/infoecos.com.ar\/wp-content\/uploads\/2020\/09\/1-936x584.jpeg",800,500,true],"covernews-featured":["https:\/\/infoecos.com.ar\/wp-content\/uploads\/2020\/09\/1.jpeg",974,584,false],"covernews-medium":["https:\/\/infoecos.com.ar\/wp-content\/uploads\/2020\/09\/1-720x380.jpeg",540,285,true],"covernews-medium-square":["https:\/\/infoecos.com.ar\/wp-content\/uploads\/2020\/09\/1-675x450.jpeg",375,250,true]},"author_info":{"info":["Jorge Matheus"]},"category_info":"<a href=\"https:\/\/infoecos.com.ar\/index.php\/category\/c1nota2\/\" rel=\"category tag\">C1 N2<\/a>","tag_info":"C1 N2","comment_count":"0","_links":{"self":[{"href":"https:\/\/infoecos.com.ar\/index.php\/wp-json\/wp\/v2\/posts\/71164","targetHints":{"allow":["GET"]}}],"collection":[{"href":"https:\/\/infoecos.com.ar\/index.php\/wp-json\/wp\/v2\/posts"}],"about":[{"href":"https:\/\/infoecos.com.ar\/index.php\/wp-json\/wp\/v2\/types\/post"}],"author":[{"embeddable":true,"href":"https:\/\/infoecos.com.ar\/index.php\/wp-json\/wp\/v2\/users\/2"}],"replies":[{"embeddable":true,"href":"https:\/\/infoecos.com.ar\/index.php\/wp-json\/wp\/v2\/comments?post=71164"}],"version-history":[{"count":1,"href":"https:\/\/infoecos.com.ar\/index.php\/wp-json\/wp\/v2\/posts\/71164\/revisions"}],"predecessor-version":[{"id":71166,"href":"https:\/\/infoecos.com.ar\/index.php\/wp-json\/wp\/v2\/posts\/71164\/revisions\/71166"}],"wp:featuredmedia":[{"embeddable":true,"href":"https:\/\/infoecos.com.ar\/index.php\/wp-json\/wp\/v2\/media\/66944"}],"wp:attachment":[{"href":"https:\/\/infoecos.com.ar\/index.php\/wp-json\/wp\/v2\/media?parent=71164"}],"wp:term":[{"taxonomy":"category","embeddable":true,"href":"https:\/\/infoecos.com.ar\/index.php\/wp-json\/wp\/v2\/categories?post=71164"},{"taxonomy":"post_tag","embeddable":true,"href":"https:\/\/infoecos.com.ar\/index.php\/wp-json\/wp\/v2\/tags?post=71164"}],"curies":[{"name":"wp","href":"https:\/\/api.w.org\/{rel}","templated":true}]}}