{"id":71168,"date":"2020-12-10T17:42:27","date_gmt":"2020-12-10T20:42:27","guid":{"rendered":"http:\/\/infoecos.com.ar\/?p=71168"},"modified":"2020-12-10T17:46:30","modified_gmt":"2020-12-10T20:46:30","slug":"se-incendio-y-quedo-totalmente-destruido-el-edificio-de-la-sucursal-pehuajo-de-diarco","status":"publish","type":"post","link":"https:\/\/infoecos.com.ar\/index.php\/se-incendio-y-quedo-totalmente-destruido-el-edificio-de-la-sucursal-pehuajo-de-diarco\/","title":{"rendered":"Se incendi\u00f3 y qued\u00f3 totalmente destruido el edificio de la sucursal Pehuaj\u00f3 de Diarco"},"content":{"rendered":"\n<p class=\"wp-block-paragraph\">Se incendi\u00f3 el edificio que ocupa la sucursal Pehuaj\u00f3 del supermercado Diarco.<\/p>\n\n\n\n<p class=\"wp-block-paragraph\">Las p\u00e9rdidas son totales. El fuego se inici\u00f3 en una zona de malezas detr\u00e1s del inmueble, donde adem\u00e1s hab\u00eda acumulados muchos palets.<\/p>\n\n\n\n<p class=\"wp-block-paragraph\">El local se encuentra ubicado a la vera del acceso Kirchner. No hubo que lamentar desgracias personales.<\/p>\n\n\n\n<p class=\"wp-block-paragraph\">Trabajaron en el lugar cuatro dotaciones de Bomberos Voluntarios, equipos municipales y colaboradores. <\/p>\n\n\n\n<p class=\"wp-block-paragraph\">El incendio se desat\u00f3 cuando no hab\u00eda personal dentro del lugar, pasadas las 13.30, cuando la temperatura hab\u00eda alcanzado una marca alt\u00edsima y el viento soplaba con mucha intensidad. <\/p>\n\n\n\n<figure class=\"wp-block-embed-youtube wp-block-embed is-type-video is-provider-youtube wp-embed-aspect-4-3 wp-has-aspect-ratio\"><div class=\"wp-block-embed__wrapper\">\n<iframe loading=\"lazy\" title=\"INCENDIO DIARCO\" width=\"640\" height=\"480\" src=\"https:\/\/www.youtube.com\/embed\/SrfkliwEwmY?feature=oembed\" frameborder=\"0\" allow=\"accelerometer; autoplay; clipboard-write; encrypted-media; gyroscope; picture-in-picture; web-share\" referrerpolicy=\"strict-origin-when-cross-origin\" allowfullscreen><\/iframe>\n<\/div><\/figure>\n","protected":false},"excerpt":{"rendered":"<p>Las p\u00e9rdidas son totales. El fuego se inici\u00f3 en una zona de malezas detr\u00e1s del inmueble, donde adem\u00e1s hab\u00eda acumulados muchos palets<\/p>\n","protected":false},"author":2,"featured_media":71169,"comment_status":"closed","ping_status":"open","sticky":false,"template":"","format":"standard","meta":{"footnotes":""},"categories":[1612],"tags":[2406],"class_list":["post-71168","post","type-post","status-publish","format-standard","has-post-thumbnail","hentry","category-noticia-principal","tag-grave"],"featured_image_urls":{"full":["https:\/\/infoecos.com.ar\/wp-content\/uploads\/2020\/12\/128866588_3901863436532122_7157026088117497895_n.jpg",768,432,false],"thumbnail":["https:\/\/infoecos.com.ar\/wp-content\/uploads\/2020\/12\/128866588_3901863436532122_7157026088117497895_n-150x150.jpg",150,150,true],"medium":["https:\/\/infoecos.com.ar\/wp-content\/uploads\/2020\/12\/128866588_3901863436532122_7157026088117497895_n-460x259.jpg",460,259,true],"medium_large":["https:\/\/infoecos.com.ar\/wp-content\/uploads\/2020\/12\/128866588_3901863436532122_7157026088117497895_n.jpg",640,360,false],"large":["https:\/\/infoecos.com.ar\/wp-content\/uploads\/2020\/12\/128866588_3901863436532122_7157026088117497895_n.jpg",640,360,false],"1536x1536":["https:\/\/infoecos.com.ar\/wp-content\/uploads\/2020\/12\/128866588_3901863436532122_7157026088117497895_n.jpg",768,432,false],"2048x2048":["https:\/\/infoecos.com.ar\/wp-content\/uploads\/2020\/12\/128866588_3901863436532122_7157026088117497895_n.jpg",768,432,false],"covernews-slider-full":["https:\/\/infoecos.com.ar\/wp-content\/uploads\/2020\/12\/128866588_3901863436532122_7157026088117497895_n.jpg",768,432,false],"covernews-slider-center":["https:\/\/infoecos.com.ar\/wp-content\/uploads\/2020\/12\/128866588_3901863436532122_7157026088117497895_n.jpg",768,432,false],"covernews-featured":["https:\/\/infoecos.com.ar\/wp-content\/uploads\/2020\/12\/128866588_3901863436532122_7157026088117497895_n.jpg",768,432,false],"covernews-medium":["https:\/\/infoecos.com.ar\/wp-content\/uploads\/2020\/12\/128866588_3901863436532122_7157026088117497895_n-720x380.jpg",540,285,true],"covernews-medium-square":["https:\/\/infoecos.com.ar\/wp-content\/uploads\/2020\/12\/128866588_3901863436532122_7157026088117497895_n-675x432.jpg",391,250,true]},"author_info":{"info":["Jorge Matheus"]},"category_info":"<a href=\"https:\/\/infoecos.com.ar\/index.php\/category\/noticia-principal\/\" rel=\"category tag\">Noticia Principal<\/a>","tag_info":"Noticia Principal","comment_count":"0","_links":{"self":[{"href":"https:\/\/infoecos.com.ar\/index.php\/wp-json\/wp\/v2\/posts\/71168","targetHints":{"allow":["GET"]}}],"collection":[{"href":"https:\/\/infoecos.com.ar\/index.php\/wp-json\/wp\/v2\/posts"}],"about":[{"href":"https:\/\/infoecos.com.ar\/index.php\/wp-json\/wp\/v2\/types\/post"}],"author":[{"embeddable":true,"href":"https:\/\/infoecos.com.ar\/index.php\/wp-json\/wp\/v2\/users\/2"}],"replies":[{"embeddable":true,"href":"https:\/\/infoecos.com.ar\/index.php\/wp-json\/wp\/v2\/comments?post=71168"}],"version-history":[{"count":3,"href":"https:\/\/infoecos.com.ar\/index.php\/wp-json\/wp\/v2\/posts\/71168\/revisions"}],"predecessor-version":[{"id":71172,"href":"https:\/\/infoecos.com.ar\/index.php\/wp-json\/wp\/v2\/posts\/71168\/revisions\/71172"}],"wp:featuredmedia":[{"embeddable":true,"href":"https:\/\/infoecos.com.ar\/index.php\/wp-json\/wp\/v2\/media\/71169"}],"wp:attachment":[{"href":"https:\/\/infoecos.com.ar\/index.php\/wp-json\/wp\/v2\/media?parent=71168"}],"wp:term":[{"taxonomy":"category","embeddable":true,"href":"https:\/\/infoecos.com.ar\/index.php\/wp-json\/wp\/v2\/categories?post=71168"},{"taxonomy":"post_tag","embeddable":true,"href":"https:\/\/infoecos.com.ar\/index.php\/wp-json\/wp\/v2\/tags?post=71168"}],"curies":[{"name":"wp","href":"https:\/\/api.w.org\/{rel}","templated":true}]}}