{"id":71189,"date":"2020-12-10T23:02:47","date_gmt":"2020-12-11T02:02:47","guid":{"rendered":"http:\/\/infoecos.com.ar\/?p=71189"},"modified":"2020-12-10T23:02:51","modified_gmt":"2020-12-11T02:02:51","slug":"primera-competencia-de-la-prueba-aguas-abiertas-en-la-laguna-cuero-de-zorro","status":"publish","type":"post","link":"https:\/\/infoecos.com.ar\/index.php\/primera-competencia-de-la-prueba-aguas-abiertas-en-la-laguna-cuero-de-zorro\/","title":{"rendered":"Primera competencia de la prueba \u00abAguas Abiertas\u00bb en la laguna Cuero de Zorro"},"content":{"rendered":"\n<p>El domingo 27 en horas de la tarde se realizar\u00e1 la primera competencia de la prueba \u201cAguas Abiertas\u201d en la laguna Cuero de Zorro, sobre las distancias 500 metros (participativa), 1.000 metros (intermedia) y 3.000 metros (competitiva), adelant\u00f3 el director de Deportes del Municipio, Sergio Barbas.<\/p>\n\n\n\n<p>\u201cLas expectativas son buenas y es el puntapi\u00e9 inicial para las actividades de verano\u201d, precis\u00f3 Barbas para agregar que \u201cel a\u00f1o pasado tambi\u00e9n lo hicimos y con muy buenos resultados, as\u00ed que estamos muy enfocados en tener un buen evento que tendr\u00e1 caracter\u00edsticas diferentes a los anteriores porque tendremos que agruparlos y trabajar con protocolo por la situaci\u00f3n sanitaria (provocada por la pandemia de Covid-19)\u201d.<\/p>\n\n\n\n<p>En este sentido se\u00f1al\u00f3 que \u201cesperamos que nos acompa\u00f1e el tiempo y que las expectativas sanitarias sean las mejores para poder llevarlo a cabo\u201d.<\/p>\n\n\n\n<p>Acerca de los participantes Barbas aclar\u00f3 que \u201cpor el momento estamos haciendo la inscripci\u00f3n para los locales, despu\u00e9s veremos los permisos provinciales y si nos habilitan a que pueda participar gente de la zona\u201d.<\/p>\n\n\n\n<p>\u201cLa prueba se desarrollar\u00e1 en Cuero de Zorro con el control y la colaboraci\u00f3n de la gente de Jugo de Canoa, la muy buena predisposici\u00f3n de la gente que tiene a cargo las instalaciones del complejo y todo el personal de&nbsp; Deportes, entre ellos tres guardavidas y todos los profesores que vamos a estar en la organizaci\u00f3n\u201d, sostuvo Barbas.<\/p>\n\n\n\n<p>Los interesados en participar pueden consultar o inscribirse en la oficina de Deportes ubicada en Oro 170, hasta el viernes de 7 a 13.<\/p>\n","protected":false},"excerpt":{"rendered":"<p>Sobre las distancias 500 metros (participativa), 1.000 metros (intermedia) y 3.000 metros (competitiva)<\/p>\n","protected":false},"author":2,"featured_media":71190,"comment_status":"closed","ping_status":"open","sticky":false,"template":"","format":"standard","meta":{"footnotes":""},"categories":[51],"tags":[2399],"class_list":["post-71189","post","type-post","status-publish","format-standard","has-post-thumbnail","hentry","category-c2nota4","tag-oficial-trenque-lauquen"],"yoast_head":"<!-- This site is optimized with the Yoast SEO plugin v23.4 - https:\/\/yoast.com\/wordpress\/plugins\/seo\/ -->\n<title>Primera competencia de la prueba &quot;Aguas Abiertas&quot; en la laguna Cuero de Zorro - Infoecos<\/title>\n<meta name=\"robots\" content=\"index, follow, max-snippet:-1, max-image-preview:large, max-video-preview:-1\" \/>\n<link rel=\"canonical\" href=\"https:\/\/infoecos.com.ar\/index.php\/primera-competencia-de-la-prueba-aguas-abiertas-en-la-laguna-cuero-de-zorro\/\" \/>\n<meta property=\"og:locale\" content=\"es_ES\" \/>\n<meta property=\"og:type\" content=\"article\" \/>\n<meta property=\"og:title\" content=\"Primera competencia de la prueba &quot;Aguas Abiertas&quot; en la laguna Cuero de Zorro - Infoecos\" \/>\n<meta property=\"og:description\" content=\"Sobre las distancias 500 metros (participativa), 1.000 metros (intermedia) y 3.000 metros (competitiva)\" \/>\n<meta property=\"og:url\" content=\"https:\/\/infoecos.com.ar\/index.php\/primera-competencia-de-la-prueba-aguas-abiertas-en-la-laguna-cuero-de-zorro\/\" \/>\n<meta property=\"og:site_name\" content=\"Infoecos\" \/>\n<meta property=\"article:publisher\" content=\"https:\/\/www.facebook.com\/profile.php?id=100063200290284\" \/>\n<meta property=\"article:published_time\" content=\"2020-12-11T02:02:47+00:00\" \/>\n<meta property=\"article:modified_time\" content=\"2020-12-11T02:02:51+00:00\" \/>\n<meta property=\"og:image\" content=\"https:\/\/infoecos.com.ar\/wp-content\/uploads\/2020\/12\/Aguas-Abiertas.jpg\" \/>\n\t<meta property=\"og:image:width\" content=\"834\" \/>\n\t<meta property=\"og:image:height\" content=\"568\" \/>\n\t<meta property=\"og:image:type\" content=\"image\/jpeg\" \/>\n<meta name=\"author\" content=\"Jorge Matheus\" \/>\n<meta name=\"twitter:card\" content=\"summary_large_image\" \/>\n<meta name=\"twitter:creator\" content=\"@infoecos\" \/>\n<meta name=\"twitter:site\" content=\"@infoecos\" \/>\n<meta name=\"twitter:label1\" content=\"Escrito por\" \/>\n\t<meta name=\"twitter:data1\" content=\"Jorge Matheus\" \/>\n\t<meta name=\"twitter:label2\" content=\"Tiempo de lectura\" \/>\n\t<meta name=\"twitter:data2\" content=\"1 minuto\" \/>\n<script type=\"application\/ld+json\" class=\"yoast-schema-graph\">{\"@context\":\"https:\/\/schema.org\",\"@graph\":[{\"@type\":\"Article\",\"@id\":\"https:\/\/infoecos.com.ar\/index.php\/primera-competencia-de-la-prueba-aguas-abiertas-en-la-laguna-cuero-de-zorro\/#article\",\"isPartOf\":{\"@id\":\"https:\/\/infoecos.com.ar\/index.php\/primera-competencia-de-la-prueba-aguas-abiertas-en-la-laguna-cuero-de-zorro\/\"},\"author\":{\"name\":\"Jorge Matheus\",\"@id\":\"https:\/\/infoecos.com.ar\/#\/schema\/person\/8f5ace5ce73b4b4aac4b7245aee6f191\"},\"headline\":\"Primera competencia de la prueba \u00abAguas Abiertas\u00bb en la laguna Cuero de Zorro\",\"datePublished\":\"2020-12-11T02:02:47+00:00\",\"dateModified\":\"2020-12-11T02:02:51+00:00\",\"mainEntityOfPage\":{\"@id\":\"https:\/\/infoecos.com.ar\/index.php\/primera-competencia-de-la-prueba-aguas-abiertas-en-la-laguna-cuero-de-zorro\/\"},\"wordCount\":270,\"publisher\":{\"@id\":\"https:\/\/infoecos.com.ar\/#organization\"},\"image\":{\"@id\":\"https:\/\/infoecos.com.ar\/index.php\/primera-competencia-de-la-prueba-aguas-abiertas-en-la-laguna-cuero-de-zorro\/#primaryimage\"},\"thumbnailUrl\":\"https:\/\/infoecos.com.ar\/wp-content\/uploads\/2020\/12\/Aguas-Abiertas.jpg\",\"keywords\":[\"OFICIAL TRENQUE LAUQUEN\"],\"articleSection\":[\"C2 N4\"],\"inLanguage\":\"es\"},{\"@type\":\"WebPage\",\"@id\":\"https:\/\/infoecos.com.ar\/index.php\/primera-competencia-de-la-prueba-aguas-abiertas-en-la-laguna-cuero-de-zorro\/\",\"url\":\"https:\/\/infoecos.com.ar\/index.php\/primera-competencia-de-la-prueba-aguas-abiertas-en-la-laguna-cuero-de-zorro\/\",\"name\":\"Primera competencia de la prueba \\\"Aguas Abiertas\\\" en la laguna Cuero de Zorro - Infoecos\",\"isPartOf\":{\"@id\":\"https:\/\/infoecos.com.ar\/#website\"},\"primaryImageOfPage\":{\"@id\":\"https:\/\/infoecos.com.ar\/index.php\/primera-competencia-de-la-prueba-aguas-abiertas-en-la-laguna-cuero-de-zorro\/#primaryimage\"},\"image\":{\"@id\":\"https:\/\/infoecos.com.ar\/index.php\/primera-competencia-de-la-prueba-aguas-abiertas-en-la-laguna-cuero-de-zorro\/#primaryimage\"},\"thumbnailUrl\":\"https:\/\/infoecos.com.ar\/wp-content\/uploads\/2020\/12\/Aguas-Abiertas.jpg\",\"datePublished\":\"2020-12-11T02:02:47+00:00\",\"dateModified\":\"2020-12-11T02:02:51+00:00\",\"breadcrumb\":{\"@id\":\"https:\/\/infoecos.com.ar\/index.php\/primera-competencia-de-la-prueba-aguas-abiertas-en-la-laguna-cuero-de-zorro\/#breadcrumb\"},\"inLanguage\":\"es\",\"potentialAction\":[{\"@type\":\"ReadAction\",\"target\":[\"https:\/\/infoecos.com.ar\/index.php\/primera-competencia-de-la-prueba-aguas-abiertas-en-la-laguna-cuero-de-zorro\/\"]}]},{\"@type\":\"ImageObject\",\"inLanguage\":\"es\",\"@id\":\"https:\/\/infoecos.com.ar\/index.php\/primera-competencia-de-la-prueba-aguas-abiertas-en-la-laguna-cuero-de-zorro\/#primaryimage\",\"url\":\"https:\/\/infoecos.com.ar\/wp-content\/uploads\/2020\/12\/Aguas-Abiertas.jpg\",\"contentUrl\":\"https:\/\/infoecos.com.ar\/wp-content\/uploads\/2020\/12\/Aguas-Abiertas.jpg\",\"width\":834,\"height\":568},{\"@type\":\"BreadcrumbList\",\"@id\":\"https:\/\/infoecos.com.ar\/index.php\/primera-competencia-de-la-prueba-aguas-abiertas-en-la-laguna-cuero-de-zorro\/#breadcrumb\",\"itemListElement\":[{\"@type\":\"ListItem\",\"position\":1,\"name\":\"Portada\",\"item\":\"https:\/\/infoecos.com.ar\/\"},{\"@type\":\"ListItem\",\"position\":2,\"name\":\"Primera competencia de la prueba \u00abAguas Abiertas\u00bb en la laguna Cuero de Zorro\"}]},{\"@type\":\"WebSite\",\"@id\":\"https:\/\/infoecos.com.ar\/#website\",\"url\":\"https:\/\/infoecos.com.ar\/\",\"name\":\"Infoecos\",\"description\":\"Noticias de trenque lauquen y la zona\",\"publisher\":{\"@id\":\"https:\/\/infoecos.com.ar\/#organization\"},\"alternateName\":\"Noticias\",\"potentialAction\":[{\"@type\":\"SearchAction\",\"target\":{\"@type\":\"EntryPoint\",\"urlTemplate\":\"https:\/\/infoecos.com.ar\/?s={search_term_string}\"},\"query-input\":{\"@type\":\"PropertyValueSpecification\",\"valueRequired\":true,\"valueName\":\"search_term_string\"}}],\"inLanguage\":\"es\"},{\"@type\":\"Organization\",\"@id\":\"https:\/\/infoecos.com.ar\/#organization\",\"name\":\"Infoecos\",\"alternateName\":\"Noticias\",\"url\":\"https:\/\/infoecos.com.ar\/\",\"logo\":{\"@type\":\"ImageObject\",\"inLanguage\":\"es\",\"@id\":\"https:\/\/infoecos.com.ar\/#\/schema\/logo\/image\/\",\"url\":\"https:\/\/infoecos.com.ar\/wp-content\/uploads\/2024\/03\/cropped-logo.png\",\"contentUrl\":\"https:\/\/infoecos.com.ar\/wp-content\/uploads\/2024\/03\/cropped-logo.png\",\"width\":374,\"height\":90,\"caption\":\"Infoecos\"},\"image\":{\"@id\":\"https:\/\/infoecos.com.ar\/#\/schema\/logo\/image\/\"},\"sameAs\":[\"https:\/\/www.facebook.com\/profile.php?id=100063200290284\",\"https:\/\/x.com\/infoecos\"]},{\"@type\":\"Person\",\"@id\":\"https:\/\/infoecos.com.ar\/#\/schema\/person\/8f5ace5ce73b4b4aac4b7245aee6f191\",\"name\":\"Jorge Matheus\",\"url\":\"https:\/\/infoecos.com.ar\/index.php\/author\/jomatheus\/\"}]}<\/script>\n<!-- \/ Yoast SEO plugin. -->","yoast_head_json":{"title":"Primera competencia de la prueba \"Aguas Abiertas\" en la laguna Cuero de Zorro - Infoecos","robots":{"index":"index","follow":"follow","max-snippet":"max-snippet:-1","max-image-preview":"max-image-preview:large","max-video-preview":"max-video-preview:-1"},"canonical":"https:\/\/infoecos.com.ar\/index.php\/primera-competencia-de-la-prueba-aguas-abiertas-en-la-laguna-cuero-de-zorro\/","og_locale":"es_ES","og_type":"article","og_title":"Primera competencia de la prueba \"Aguas Abiertas\" en la laguna Cuero de Zorro - Infoecos","og_description":"Sobre las distancias 500 metros (participativa), 1.000 metros (intermedia) y 3.000 metros (competitiva)","og_url":"https:\/\/infoecos.com.ar\/index.php\/primera-competencia-de-la-prueba-aguas-abiertas-en-la-laguna-cuero-de-zorro\/","og_site_name":"Infoecos","article_publisher":"https:\/\/www.facebook.com\/profile.php?id=100063200290284","article_published_time":"2020-12-11T02:02:47+00:00","article_modified_time":"2020-12-11T02:02:51+00:00","og_image":[{"width":834,"height":568,"url":"https:\/\/infoecos.com.ar\/wp-content\/uploads\/2020\/12\/Aguas-Abiertas.jpg","type":"image\/jpeg"}],"author":"Jorge Matheus","twitter_card":"summary_large_image","twitter_creator":"@infoecos","twitter_site":"@infoecos","twitter_misc":{"Escrito por":"Jorge Matheus","Tiempo de lectura":"1 minuto"},"schema":{"@context":"https:\/\/schema.org","@graph":[{"@type":"Article","@id":"https:\/\/infoecos.com.ar\/index.php\/primera-competencia-de-la-prueba-aguas-abiertas-en-la-laguna-cuero-de-zorro\/#article","isPartOf":{"@id":"https:\/\/infoecos.com.ar\/index.php\/primera-competencia-de-la-prueba-aguas-abiertas-en-la-laguna-cuero-de-zorro\/"},"author":{"name":"Jorge Matheus","@id":"https:\/\/infoecos.com.ar\/#\/schema\/person\/8f5ace5ce73b4b4aac4b7245aee6f191"},"headline":"Primera competencia de la prueba \u00abAguas Abiertas\u00bb en la laguna Cuero de Zorro","datePublished":"2020-12-11T02:02:47+00:00","dateModified":"2020-12-11T02:02:51+00:00","mainEntityOfPage":{"@id":"https:\/\/infoecos.com.ar\/index.php\/primera-competencia-de-la-prueba-aguas-abiertas-en-la-laguna-cuero-de-zorro\/"},"wordCount":270,"publisher":{"@id":"https:\/\/infoecos.com.ar\/#organization"},"image":{"@id":"https:\/\/infoecos.com.ar\/index.php\/primera-competencia-de-la-prueba-aguas-abiertas-en-la-laguna-cuero-de-zorro\/#primaryimage"},"thumbnailUrl":"https:\/\/infoecos.com.ar\/wp-content\/uploads\/2020\/12\/Aguas-Abiertas.jpg","keywords":["OFICIAL TRENQUE LAUQUEN"],"articleSection":["C2 N4"],"inLanguage":"es"},{"@type":"WebPage","@id":"https:\/\/infoecos.com.ar\/index.php\/primera-competencia-de-la-prueba-aguas-abiertas-en-la-laguna-cuero-de-zorro\/","url":"https:\/\/infoecos.com.ar\/index.php\/primera-competencia-de-la-prueba-aguas-abiertas-en-la-laguna-cuero-de-zorro\/","name":"Primera competencia de la prueba \"Aguas Abiertas\" en la laguna Cuero de Zorro - Infoecos","isPartOf":{"@id":"https:\/\/infoecos.com.ar\/#website"},"primaryImageOfPage":{"@id":"https:\/\/infoecos.com.ar\/index.php\/primera-competencia-de-la-prueba-aguas-abiertas-en-la-laguna-cuero-de-zorro\/#primaryimage"},"image":{"@id":"https:\/\/infoecos.com.ar\/index.php\/primera-competencia-de-la-prueba-aguas-abiertas-en-la-laguna-cuero-de-zorro\/#primaryimage"},"thumbnailUrl":"https:\/\/infoecos.com.ar\/wp-content\/uploads\/2020\/12\/Aguas-Abiertas.jpg","datePublished":"2020-12-11T02:02:47+00:00","dateModified":"2020-12-11T02:02:51+00:00","breadcrumb":{"@id":"https:\/\/infoecos.com.ar\/index.php\/primera-competencia-de-la-prueba-aguas-abiertas-en-la-laguna-cuero-de-zorro\/#breadcrumb"},"inLanguage":"es","potentialAction":[{"@type":"ReadAction","target":["https:\/\/infoecos.com.ar\/index.php\/primera-competencia-de-la-prueba-aguas-abiertas-en-la-laguna-cuero-de-zorro\/"]}]},{"@type":"ImageObject","inLanguage":"es","@id":"https:\/\/infoecos.com.ar\/index.php\/primera-competencia-de-la-prueba-aguas-abiertas-en-la-laguna-cuero-de-zorro\/#primaryimage","url":"https:\/\/infoecos.com.ar\/wp-content\/uploads\/2020\/12\/Aguas-Abiertas.jpg","contentUrl":"https:\/\/infoecos.com.ar\/wp-content\/uploads\/2020\/12\/Aguas-Abiertas.jpg","width":834,"height":568},{"@type":"BreadcrumbList","@id":"https:\/\/infoecos.com.ar\/index.php\/primera-competencia-de-la-prueba-aguas-abiertas-en-la-laguna-cuero-de-zorro\/#breadcrumb","itemListElement":[{"@type":"ListItem","position":1,"name":"Portada","item":"https:\/\/infoecos.com.ar\/"},{"@type":"ListItem","position":2,"name":"Primera competencia de la prueba \u00abAguas Abiertas\u00bb en la laguna Cuero de Zorro"}]},{"@type":"WebSite","@id":"https:\/\/infoecos.com.ar\/#website","url":"https:\/\/infoecos.com.ar\/","name":"Infoecos","description":"Noticias de trenque lauquen y la zona","publisher":{"@id":"https:\/\/infoecos.com.ar\/#organization"},"alternateName":"Noticias","potentialAction":[{"@type":"SearchAction","target":{"@type":"EntryPoint","urlTemplate":"https:\/\/infoecos.com.ar\/?s={search_term_string}"},"query-input":{"@type":"PropertyValueSpecification","valueRequired":true,"valueName":"search_term_string"}}],"inLanguage":"es"},{"@type":"Organization","@id":"https:\/\/infoecos.com.ar\/#organization","name":"Infoecos","alternateName":"Noticias","url":"https:\/\/infoecos.com.ar\/","logo":{"@type":"ImageObject","inLanguage":"es","@id":"https:\/\/infoecos.com.ar\/#\/schema\/logo\/image\/","url":"https:\/\/infoecos.com.ar\/wp-content\/uploads\/2024\/03\/cropped-logo.png","contentUrl":"https:\/\/infoecos.com.ar\/wp-content\/uploads\/2024\/03\/cropped-logo.png","width":374,"height":90,"caption":"Infoecos"},"image":{"@id":"https:\/\/infoecos.com.ar\/#\/schema\/logo\/image\/"},"sameAs":["https:\/\/www.facebook.com\/profile.php?id=100063200290284","https:\/\/x.com\/infoecos"]},{"@type":"Person","@id":"https:\/\/infoecos.com.ar\/#\/schema\/person\/8f5ace5ce73b4b4aac4b7245aee6f191","name":"Jorge Matheus","url":"https:\/\/infoecos.com.ar\/index.php\/author\/jomatheus\/"}]}},"featured_image_urls":{"full":["https:\/\/infoecos.com.ar\/wp-content\/uploads\/2020\/12\/Aguas-Abiertas.jpg",834,568,false],"thumbnail":["https:\/\/infoecos.com.ar\/wp-content\/uploads\/2020\/12\/Aguas-Abiertas-150x150.jpg",150,150,true],"medium":["https:\/\/infoecos.com.ar\/wp-content\/uploads\/2020\/12\/Aguas-Abiertas-460x313.jpg",460,313,true],"medium_large":["https:\/\/infoecos.com.ar\/wp-content\/uploads\/2020\/12\/Aguas-Abiertas-768x523.jpg",640,436,true],"large":["https:\/\/infoecos.com.ar\/wp-content\/uploads\/2020\/12\/Aguas-Abiertas.jpg",640,436,false],"1536x1536":["https:\/\/infoecos.com.ar\/wp-content\/uploads\/2020\/12\/Aguas-Abiertas.jpg",834,568,false],"2048x2048":["https:\/\/infoecos.com.ar\/wp-content\/uploads\/2020\/12\/Aguas-Abiertas.jpg",834,568,false],"covernews-slider-full":["https:\/\/infoecos.com.ar\/wp-content\/uploads\/2020\/12\/Aguas-Abiertas.jpg",834,568,false],"covernews-slider-center":["https:\/\/infoecos.com.ar\/wp-content\/uploads\/2020\/12\/Aguas-Abiertas.jpg",734,500,false],"covernews-featured":["https:\/\/infoecos.com.ar\/wp-content\/uploads\/2020\/12\/Aguas-Abiertas.jpg",834,568,false],"covernews-medium":["https:\/\/infoecos.com.ar\/wp-content\/uploads\/2020\/12\/Aguas-Abiertas-720x380.jpg",540,285,true],"covernews-medium-square":["https:\/\/infoecos.com.ar\/wp-content\/uploads\/2020\/12\/Aguas-Abiertas-675x450.jpg",375,250,true]},"author_info":{"info":["Jorge Matheus"]},"category_info":"<a href=\"https:\/\/infoecos.com.ar\/index.php\/category\/c2nota4\/\" rel=\"category tag\">C2 N4<\/a>","tag_info":"C2 N4","comment_count":"0","_links":{"self":[{"href":"https:\/\/infoecos.com.ar\/index.php\/wp-json\/wp\/v2\/posts\/71189"}],"collection":[{"href":"https:\/\/infoecos.com.ar\/index.php\/wp-json\/wp\/v2\/posts"}],"about":[{"href":"https:\/\/infoecos.com.ar\/index.php\/wp-json\/wp\/v2\/types\/post"}],"author":[{"embeddable":true,"href":"https:\/\/infoecos.com.ar\/index.php\/wp-json\/wp\/v2\/users\/2"}],"replies":[{"embeddable":true,"href":"https:\/\/infoecos.com.ar\/index.php\/wp-json\/wp\/v2\/comments?post=71189"}],"version-history":[{"count":1,"href":"https:\/\/infoecos.com.ar\/index.php\/wp-json\/wp\/v2\/posts\/71189\/revisions"}],"predecessor-version":[{"id":71191,"href":"https:\/\/infoecos.com.ar\/index.php\/wp-json\/wp\/v2\/posts\/71189\/revisions\/71191"}],"wp:featuredmedia":[{"embeddable":true,"href":"https:\/\/infoecos.com.ar\/index.php\/wp-json\/wp\/v2\/media\/71190"}],"wp:attachment":[{"href":"https:\/\/infoecos.com.ar\/index.php\/wp-json\/wp\/v2\/media?parent=71189"}],"wp:term":[{"taxonomy":"category","embeddable":true,"href":"https:\/\/infoecos.com.ar\/index.php\/wp-json\/wp\/v2\/categories?post=71189"},{"taxonomy":"post_tag","embeddable":true,"href":"https:\/\/infoecos.com.ar\/index.php\/wp-json\/wp\/v2\/tags?post=71189"}],"curies":[{"name":"wp","href":"https:\/\/api.w.org\/{rel}","templated":true}]}}