{"id":71222,"date":"2020-12-11T13:58:57","date_gmt":"2020-12-11T16:58:57","guid":{"rendered":"http:\/\/infoecos.com.ar\/?p=71222"},"modified":"2020-12-11T13:59:03","modified_gmt":"2020-12-11T16:59:03","slug":"el-lunes-volvera-a-reunirse-el-comite-de-emergencia-en-trenque-lauquen-y-resolveria-mas-flexibilizaciones","status":"publish","type":"post","link":"https:\/\/infoecos.com.ar\/index.php\/el-lunes-volvera-a-reunirse-el-comite-de-emergencia-en-trenque-lauquen-y-resolveria-mas-flexibilizaciones\/","title":{"rendered":"El lunes volver\u00e1 a reunirse el Comit\u00e9 de Emergencia en Trenque Lauquen y resolver\u00eda m\u00e1s flexibilizaciones"},"content":{"rendered":"\n<p class=\"wp-block-paragraph\">El lunes volver\u00e1 a reunirse el Comit\u00e9 de Emergencia del distrito de Trenque Lauquen, a los fines de evaluar el panorama sanitario en el distrito. <\/p>\n\n\n\n<div class=\"wp-block-image\"><figure class=\"aligncenter size-large\"><img loading=\"lazy\" decoding=\"async\" width=\"920\" height=\"690\" src=\"http:\/\/infoecos.com.ar\/wp-content\/uploads\/2020\/09\/119420744_4394889027248746_3941665812917703398_o-920x690.jpg\" alt=\"\" class=\"wp-image-67651\" srcset=\"https:\/\/infoecos.com.ar\/wp-content\/uploads\/2020\/09\/119420744_4394889027248746_3941665812917703398_o-920x690.jpg 920w, https:\/\/infoecos.com.ar\/wp-content\/uploads\/2020\/09\/119420744_4394889027248746_3941665812917703398_o-460x345.jpg 460w, https:\/\/infoecos.com.ar\/wp-content\/uploads\/2020\/09\/119420744_4394889027248746_3941665812917703398_o-768x576.jpg 768w, https:\/\/infoecos.com.ar\/wp-content\/uploads\/2020\/09\/119420744_4394889027248746_3941665812917703398_o-1024x768.jpg 1024w, https:\/\/infoecos.com.ar\/wp-content\/uploads\/2020\/09\/119420744_4394889027248746_3941665812917703398_o.jpg 1280w\" sizes=\"auto, (max-width: 920px) 100vw, 920px\" \/><\/figure><\/div>\n\n\n\n<p class=\"wp-block-paragraph\">La reuni\u00f3n estar\u00e1 destinada, fundamentalmente, a considerar la evoluci\u00f3n que se ha venido registrando en los \u00faltimos d\u00edas y que se refleja en los reportes diarios, como el publicado en Infoecos, donde se verifica una sensible baja en la cantidad de casos activos. Es posible que a partir de esa circunstancia se comuniquen nuevas flexibilizaciones en diferentes actividades.<\/p>\n\n\n\n<p class=\"wp-block-paragraph\">En despachos cercanos al del intendente municipal, doctor Miguel Fern\u00e1ndez, se comentaba sobre el mediod\u00eda del viernes que durante el fin de semana el equipo de salud y otras \u00e1reas trabajar\u00e1n en el an\u00e1lisis de los posibles pasos a dar. <\/p>\n\n\n\n<p class=\"wp-block-paragraph\">Ya se resolvi\u00f3, adem\u00e1s, convocar a una conferencia de prensa para comunicar los alcances del encuentro que concretar\u00e1 el Comit\u00e9 de Emergencia y las medidas que se determinen. A\u00fan se desconoce el d\u00eda y la hora en que habr\u00e1 de concretarse. No se descarta que sea el martes por la ma\u00f1ana. <\/p>\n","protected":false},"excerpt":{"rendered":"<p>La reuni\u00f3n estar\u00e1 destinada, fundamentalmente, a considerar la evoluci\u00f3n que se ha venido registrando en los \u00faltimos d\u00edas y que se refleja en los reportes diarios, como el publicado en Infoecos<\/p>\n","protected":false},"author":2,"featured_media":67225,"comment_status":"closed","ping_status":"open","sticky":false,"template":"","format":"standard","meta":{"footnotes":""},"categories":[29],"tags":[1785],"class_list":["post-71222","post","type-post","status-publish","format-standard","has-post-thumbnail","hentry","category-c2nota1","tag-coronavirus"],"featured_image_urls":{"full":["https:\/\/infoecos.com.ar\/wp-content\/uploads\/2020\/09\/Reunion-Comite-emergencia-1.jpg",1280,720,false],"thumbnail":["https:\/\/infoecos.com.ar\/wp-content\/uploads\/2020\/09\/Reunion-Comite-emergencia-1-150x150.jpg",150,150,true],"medium":["https:\/\/infoecos.com.ar\/wp-content\/uploads\/2020\/09\/Reunion-Comite-emergencia-1-460x259.jpg",460,259,true],"medium_large":["https:\/\/infoecos.com.ar\/wp-content\/uploads\/2020\/09\/Reunion-Comite-emergencia-1-768x432.jpg",640,360,true],"large":["https:\/\/infoecos.com.ar\/wp-content\/uploads\/2020\/09\/Reunion-Comite-emergencia-1-920x518.jpg",640,360,true],"1536x1536":["https:\/\/infoecos.com.ar\/wp-content\/uploads\/2020\/09\/Reunion-Comite-emergencia-1.jpg",1280,720,false],"2048x2048":["https:\/\/infoecos.com.ar\/wp-content\/uploads\/2020\/09\/Reunion-Comite-emergencia-1.jpg",1280,720,false],"covernews-slider-full":["https:\/\/infoecos.com.ar\/wp-content\/uploads\/2020\/09\/Reunion-Comite-emergencia-1.jpg",1115,627,false],"covernews-slider-center":["https:\/\/infoecos.com.ar\/wp-content\/uploads\/2020\/09\/Reunion-Comite-emergencia-1-936x720.jpg",650,500,true],"covernews-featured":["https:\/\/infoecos.com.ar\/wp-content\/uploads\/2020\/09\/Reunion-Comite-emergencia-1-1024x576.jpg",1024,576,true],"covernews-medium":["https:\/\/infoecos.com.ar\/wp-content\/uploads\/2020\/09\/Reunion-Comite-emergencia-1-720x380.jpg",540,285,true],"covernews-medium-square":["https:\/\/infoecos.com.ar\/wp-content\/uploads\/2020\/09\/Reunion-Comite-emergencia-1-675x450.jpg",375,250,true]},"author_info":{"info":["Jorge Matheus"]},"category_info":"<a href=\"https:\/\/infoecos.com.ar\/index.php\/category\/c2nota1\/\" rel=\"category tag\">C2 nota 1<\/a>","tag_info":"C2 nota 1","comment_count":"0","_links":{"self":[{"href":"https:\/\/infoecos.com.ar\/index.php\/wp-json\/wp\/v2\/posts\/71222","targetHints":{"allow":["GET"]}}],"collection":[{"href":"https:\/\/infoecos.com.ar\/index.php\/wp-json\/wp\/v2\/posts"}],"about":[{"href":"https:\/\/infoecos.com.ar\/index.php\/wp-json\/wp\/v2\/types\/post"}],"author":[{"embeddable":true,"href":"https:\/\/infoecos.com.ar\/index.php\/wp-json\/wp\/v2\/users\/2"}],"replies":[{"embeddable":true,"href":"https:\/\/infoecos.com.ar\/index.php\/wp-json\/wp\/v2\/comments?post=71222"}],"version-history":[{"count":2,"href":"https:\/\/infoecos.com.ar\/index.php\/wp-json\/wp\/v2\/posts\/71222\/revisions"}],"predecessor-version":[{"id":71262,"href":"https:\/\/infoecos.com.ar\/index.php\/wp-json\/wp\/v2\/posts\/71222\/revisions\/71262"}],"wp:featuredmedia":[{"embeddable":true,"href":"https:\/\/infoecos.com.ar\/index.php\/wp-json\/wp\/v2\/media\/67225"}],"wp:attachment":[{"href":"https:\/\/infoecos.com.ar\/index.php\/wp-json\/wp\/v2\/media?parent=71222"}],"wp:term":[{"taxonomy":"category","embeddable":true,"href":"https:\/\/infoecos.com.ar\/index.php\/wp-json\/wp\/v2\/categories?post=71222"},{"taxonomy":"post_tag","embeddable":true,"href":"https:\/\/infoecos.com.ar\/index.php\/wp-json\/wp\/v2\/tags?post=71222"}],"curies":[{"name":"wp","href":"https:\/\/api.w.org\/{rel}","templated":true}]}}