{"id":71228,"date":"2020-12-11T18:14:38","date_gmt":"2020-12-11T21:14:38","guid":{"rendered":"http:\/\/infoecos.com.ar\/?p=71228"},"modified":"2020-12-11T18:15:41","modified_gmt":"2020-12-11T21:15:41","slug":"reactivacion-de-lineas-ferroviarias-el-presidente-firmo-acuerdos-con-china-y-se-beneficiaran-buenos-aires-y-la-pampa","status":"publish","type":"post","link":"https:\/\/infoecos.com.ar\/index.php\/reactivacion-de-lineas-ferroviarias-el-presidente-firmo-acuerdos-con-china-y-se-beneficiaran-buenos-aires-y-la-pampa\/","title":{"rendered":"Reactivaci\u00f3n l\u00edneas ferroviarias: el presidente firm\u00f3 acuerdos con China y se beneficiar\u00e1n Buenos Aires y La Pampa"},"content":{"rendered":"\n<p class=\"wp-block-paragraph\">El presidente Alberto Fern\u00e1ndez encabez\u00f3 este viernes, en Casa Rosada, la firma de cuatro acuerdos con China por 4.695 millones de d\u00f3lares, para la reactivaci\u00f3n de tres l\u00edneas ferroviarias de carga y la adquisici\u00f3n de material rodante para transporte ferroviario de pasajeros en 13 provincias.<\/p>\n\n\n\n<div class=\"wp-block-image\"><figure class=\"aligncenter size-medium\"><img loading=\"lazy\" decoding=\"async\" width=\"460\" height=\"307\" src=\"http:\/\/infoecos.com.ar\/wp-content\/uploads\/2020\/12\/MEC8139_1-460x307.jpg\" alt=\"\" class=\"wp-image-71229\" srcset=\"https:\/\/infoecos.com.ar\/wp-content\/uploads\/2020\/12\/MEC8139_1-460x307.jpg 460w, https:\/\/infoecos.com.ar\/wp-content\/uploads\/2020\/12\/MEC8139_1-920x613.jpg 920w, https:\/\/infoecos.com.ar\/wp-content\/uploads\/2020\/12\/MEC8139_1-768x512.jpg 768w, https:\/\/infoecos.com.ar\/wp-content\/uploads\/2020\/12\/MEC8139_1-1536x1024.jpg 1536w, https:\/\/infoecos.com.ar\/wp-content\/uploads\/2020\/12\/MEC8139_1-2048x1365.jpg 2048w, https:\/\/infoecos.com.ar\/wp-content\/uploads\/2020\/12\/MEC8139_1-1024x683.jpg 1024w, https:\/\/infoecos.com.ar\/wp-content\/uploads\/2020\/12\/MEC8139_1-675x450.jpg 675w\" sizes=\"auto, (max-width: 460px) 100vw, 460px\" \/><\/figure><\/div>\n\n\n\n<p class=\"wp-block-paragraph\">Las obras, que generar\u00e1n m\u00e1s de 28 mil puestos de trabajo en todo el pa\u00eds, beneficiar\u00e1n a las provincias de Santa Fe, San Luis, <strong>Buenos Aires<\/strong>, C\u00f3rdoba, Mendoza, Jujuy, Salta, Tucum\u00e1n, Chaco, Corrientes, R\u00edo Negro, <strong>La Pampa<\/strong> y Neuqu\u00e9n.<\/p>\n\n\n\n<p class=\"wp-block-paragraph\">El mandatario, que estuvo acompa\u00f1ado por el ministro de Transporte, Mario Meoni, y el presidente de Trenes Argentinos Operaciones, Mart\u00edn Marinucci; recibi\u00f3 a los representantes de las empresas China Railway Construction Corporation Limited (CRCC), China Machinery Engineering Corporation (CMEC), CRRC Corporation Limited, y Yutong; adem\u00e1s de las autoridades de la Administraci\u00f3n de Infraestructura Ferroviaria (ADIF SE), la Operadora Ferroviaria (SOFSE), y Belgrano Cargas y Log\u00edstica S.A. (BCyL).<\/p>\n\n\n\n<p class=\"wp-block-paragraph\">Los convenios contemplan la rehabilitaci\u00f3n del ferrocarril Belgrano Cargas por una inversi\u00f3n de 816.716.703 d\u00f3lares, de la cual el 65 por ciento ser\u00e1 destinado a obras ferroviarias y el 35 a la adquisici\u00f3n de equipamiento para formaciones y locomotoras. El proyecto, generar\u00e1 6.202 puestos de trabajo e intervendr\u00e1 a lo largo de 911 km de las provincias de Jujuy, Salta, Tucum\u00e1n, C\u00f3rdoba, San Luis, Santa Fe, Buenos Aires y Catamarca.<\/p>\n\n\n\n<div class=\"wp-block-image\"><figure class=\"aligncenter size-medium\"><img loading=\"lazy\" decoding=\"async\" width=\"460\" height=\"307\" src=\"http:\/\/infoecos.com.ar\/wp-content\/uploads\/2020\/12\/MEC8194-460x307.jpg\" alt=\"\" class=\"wp-image-71230\" srcset=\"https:\/\/infoecos.com.ar\/wp-content\/uploads\/2020\/12\/MEC8194-460x307.jpg 460w, https:\/\/infoecos.com.ar\/wp-content\/uploads\/2020\/12\/MEC8194-920x613.jpg 920w, https:\/\/infoecos.com.ar\/wp-content\/uploads\/2020\/12\/MEC8194-768x512.jpg 768w, https:\/\/infoecos.com.ar\/wp-content\/uploads\/2020\/12\/MEC8194-1536x1024.jpg 1536w, https:\/\/infoecos.com.ar\/wp-content\/uploads\/2020\/12\/MEC8194-2048x1365.jpg 2048w, https:\/\/infoecos.com.ar\/wp-content\/uploads\/2020\/12\/MEC8194-1024x683.jpg 1024w, https:\/\/infoecos.com.ar\/wp-content\/uploads\/2020\/12\/MEC8194-675x450.jpg 675w\" sizes=\"auto, (max-width: 460px) 100vw, 460px\" \/><\/figure><\/div>\n\n\n\n<p class=\"wp-block-paragraph\">El mismo fue firmado por ADIF y la empresa CMEC, y tiene el objetivo de aumentar la competitividad de los productos transportados, fortalecer el desarrollo y el acceso de las econom\u00edas regionales a nuevos mercados y promover el comercio internacional en las \u00e1reas abarcadas, con un sistema energ\u00e9tico y ambientalmente sustentable.&nbsp;<\/p>\n\n\n\n<p class=\"wp-block-paragraph\">En segundo lugar, se llevar\u00e1 a cabo la puesta a punto del tren Norpatag\u00f3nico, cuya inversi\u00f3n requerir\u00e1 784.000.000 d\u00f3lares para la recuperaci\u00f3n de la v\u00eda existente Galv\u00e1n, el Empalme Aguar\u00e1, Cipolletti, y Contralmirante Cordero; la construcci\u00f3n del nuevo desv\u00edo en A\u00f1elo; y la colocaci\u00f3n de se\u00f1alamientos, playas ferroviarias y desv\u00edos.<\/p>\n\n\n\n<p class=\"wp-block-paragraph\">Los trabajos, que se enmarcan en el memorando de entendimiento alcanzado entre ADIF y CMEC, beneficiar\u00e1n a las provincias de Buenos Aires, La Pampa, R\u00edo Negro, Neuqu\u00e9n a lo largo de 660 km, y generar\u00e1n 5.420 puestos de trabajo.<\/p>\n\n\n\n<p class=\"wp-block-paragraph\">Por otro lado, se reactivar\u00e1 la l\u00ednea San Mart\u00edn, de Trenes Argentinos Cargas, por una inversi\u00f3n de 2.603.630.876 d\u00f3lares, que se destinar\u00e1 a trabajos de equipamiento, se\u00f1alamiento y obras, bienes y servicios en dos etapas diferenciadas. El proyecto prev\u00e9 la rehabilitaci\u00f3n de corredores ferroviarios, y la adquisici\u00f3n de infraestructura para garantizar el correcto se\u00f1alamiento en cada lugar.<\/p>\n\n\n\n<div class=\"wp-block-image\"><figure class=\"aligncenter size-medium\"><img loading=\"lazy\" decoding=\"async\" width=\"460\" height=\"307\" src=\"http:\/\/infoecos.com.ar\/wp-content\/uploads\/2020\/12\/MEC8258-460x307.jpg\" alt=\"\" class=\"wp-image-71231\" srcset=\"https:\/\/infoecos.com.ar\/wp-content\/uploads\/2020\/12\/MEC8258-460x307.jpg 460w, https:\/\/infoecos.com.ar\/wp-content\/uploads\/2020\/12\/MEC8258-920x613.jpg 920w, https:\/\/infoecos.com.ar\/wp-content\/uploads\/2020\/12\/MEC8258-768x512.jpg 768w, https:\/\/infoecos.com.ar\/wp-content\/uploads\/2020\/12\/MEC8258-1536x1024.jpg 1536w, https:\/\/infoecos.com.ar\/wp-content\/uploads\/2020\/12\/MEC8258-2048x1365.jpg 2048w, https:\/\/infoecos.com.ar\/wp-content\/uploads\/2020\/12\/MEC8258-1024x683.jpg 1024w, https:\/\/infoecos.com.ar\/wp-content\/uploads\/2020\/12\/MEC8258-675x450.jpg 675w\" sizes=\"auto, (max-width: 460px) 100vw, 460px\" \/><\/figure><\/div>\n\n\n\n<p class=\"wp-block-paragraph\">El acuerdo entre ADIF y la china, CRCC, beneficiar\u00e1 a las provincias de Buenos Aires, Santa Fe, San Luis, C\u00f3rdoba y Mendoza, a lo largo de 1.813 km de extensi\u00f3n. Los trabajos adem\u00e1s generar\u00e1n un total de 16.830 empleos directos.<\/p>\n\n\n\n<p class=\"wp-block-paragraph\">Por \u00faltimo, el convenio entre SOFSE y la empresa, CRRC, contempla la adquisici\u00f3n de material rodante por alrededor de 490.000.000 d\u00f3lares. En ese marco, la l\u00ednea Belgrano Sur acceder\u00e1 a 111 coches, adem\u00e1s de repuestos, herramientas, y asistencia t\u00e9cnica y capacitaci\u00f3n; mientras que la l\u00ednea Sarmiento contar\u00e1 con cinco formaciones el\u00e9ctricas compuestas por 45 coches.<\/p>\n\n\n\n<p class=\"wp-block-paragraph\">El Tren de la Costa, de la l\u00ednea Mitre, adquirir\u00e1 10 formaciones el\u00e9ctricas (compuestas por 20 coches), y repuestos; y los servicios regionales y de cercan\u00eda recibir\u00e1n 30 formaciones di\u00e9sel autopropulsadas (90 coches).<\/p>\n\n\n\n<p class=\"wp-block-paragraph\">Adem\u00e1s, todas las l\u00edneas acceder\u00e1n a rieles y aparatos para v\u00edas, con tecnolog\u00eda para la operaci\u00f3n ferroviaria. Estas mejoras beneficiar\u00e1n al \u00c1rea Metropolitana de Buenos Aires.<\/p>\n","protected":false},"excerpt":{"rendered":"<p>La firma de cuatro acuerdos con China por 4.695 millones de d\u00f3lares, para la reactivaci\u00f3n de tres l\u00edneas ferroviarias de carga y la adquisici\u00f3n de material rodante para transporte ferroviario de pasajeros en 13 provincias<\/p>\n","protected":false},"author":2,"featured_media":71229,"comment_status":"closed","ping_status":"open","sticky":false,"template":"","format":"standard","meta":{"footnotes":""},"categories":[45],"tags":[2411],"class_list":["post-71228","post","type-post","status-publish","format-standard","has-post-thumbnail","hentry","category-c1nota2","tag-transporte-de-cargas-y-pasajeros"],"featured_image_urls":{"full":["https:\/\/infoecos.com.ar\/wp-content\/uploads\/2020\/12\/MEC8139_1-scaled.jpg",2560,1706,false],"thumbnail":["https:\/\/infoecos.com.ar\/wp-content\/uploads\/2020\/12\/MEC8139_1-150x150.jpg",150,150,true],"medium":["https:\/\/infoecos.com.ar\/wp-content\/uploads\/2020\/12\/MEC8139_1-460x307.jpg",460,307,true],"medium_large":["https:\/\/infoecos.com.ar\/wp-content\/uploads\/2020\/12\/MEC8139_1-768x512.jpg",640,427,true],"large":["https:\/\/infoecos.com.ar\/wp-content\/uploads\/2020\/12\/MEC8139_1-920x613.jpg",640,426,true],"1536x1536":["https:\/\/infoecos.com.ar\/wp-content\/uploads\/2020\/12\/MEC8139_1-1536x1024.jpg",1536,1024,true],"2048x2048":["https:\/\/infoecos.com.ar\/wp-content\/uploads\/2020\/12\/MEC8139_1-2048x1365.jpg",2048,1365,true],"covernews-slider-full":["https:\/\/infoecos.com.ar\/wp-content\/uploads\/2020\/12\/MEC8139_1-1536x1020.jpg",1077,715,true],"covernews-slider-center":["https:\/\/infoecos.com.ar\/wp-content\/uploads\/2020\/12\/MEC8139_1-936x897.jpg",522,500,true],"covernews-featured":["https:\/\/infoecos.com.ar\/wp-content\/uploads\/2020\/12\/MEC8139_1-1024x683.jpg",1024,683,true],"covernews-medium":["https:\/\/infoecos.com.ar\/wp-content\/uploads\/2020\/12\/MEC8139_1-720x380.jpg",540,285,true],"covernews-medium-square":["https:\/\/infoecos.com.ar\/wp-content\/uploads\/2020\/12\/MEC8139_1-675x450.jpg",375,250,true]},"author_info":{"info":["Jorge Matheus"]},"category_info":"<a href=\"https:\/\/infoecos.com.ar\/index.php\/category\/c1nota2\/\" rel=\"category tag\">C1 N2<\/a>","tag_info":"C1 N2","comment_count":"0","_links":{"self":[{"href":"https:\/\/infoecos.com.ar\/index.php\/wp-json\/wp\/v2\/posts\/71228","targetHints":{"allow":["GET"]}}],"collection":[{"href":"https:\/\/infoecos.com.ar\/index.php\/wp-json\/wp\/v2\/posts"}],"about":[{"href":"https:\/\/infoecos.com.ar\/index.php\/wp-json\/wp\/v2\/types\/post"}],"author":[{"embeddable":true,"href":"https:\/\/infoecos.com.ar\/index.php\/wp-json\/wp\/v2\/users\/2"}],"replies":[{"embeddable":true,"href":"https:\/\/infoecos.com.ar\/index.php\/wp-json\/wp\/v2\/comments?post=71228"}],"version-history":[{"count":2,"href":"https:\/\/infoecos.com.ar\/index.php\/wp-json\/wp\/v2\/posts\/71228\/revisions"}],"predecessor-version":[{"id":71233,"href":"https:\/\/infoecos.com.ar\/index.php\/wp-json\/wp\/v2\/posts\/71228\/revisions\/71233"}],"wp:featuredmedia":[{"embeddable":true,"href":"https:\/\/infoecos.com.ar\/index.php\/wp-json\/wp\/v2\/media\/71229"}],"wp:attachment":[{"href":"https:\/\/infoecos.com.ar\/index.php\/wp-json\/wp\/v2\/media?parent=71228"}],"wp:term":[{"taxonomy":"category","embeddable":true,"href":"https:\/\/infoecos.com.ar\/index.php\/wp-json\/wp\/v2\/categories?post=71228"},{"taxonomy":"post_tag","embeddable":true,"href":"https:\/\/infoecos.com.ar\/index.php\/wp-json\/wp\/v2\/tags?post=71228"}],"curies":[{"name":"wp","href":"https:\/\/api.w.org\/{rel}","templated":true}]}}