{"id":71243,"date":"2020-12-12T13:25:58","date_gmt":"2020-12-12T16:25:58","guid":{"rendered":"http:\/\/infoecos.com.ar\/?p=71243"},"modified":"2020-12-13T21:42:30","modified_gmt":"2020-12-14T00:42:30","slug":"los-bancos-atenderan-en-trenque-lauquen-a-partir-del-lunes-entre-las-8-y-13-horas","status":"publish","type":"post","link":"https:\/\/infoecos.com.ar\/index.php\/los-bancos-atenderan-en-trenque-lauquen-a-partir-del-lunes-entre-las-8-y-13-horas\/","title":{"rendered":"Los bancos atender\u00e1n en Trenque Lauquen, a partir del lunes, entre las 8 y 13 horas"},"content":{"rendered":"\n<p class=\"wp-block-paragraph\">Las sucursales bancarias existentes en Trenque Lauquen adoptar\u00e1n a partir de este lunes el mismo horario que se est\u00e1 aplicando en otros distritos de la provincia de Buenos Aires.<\/p>\n\n\n\n<div class=\"wp-block-image\"><figure class=\"aligncenter size-medium\"><img loading=\"lazy\" decoding=\"async\" width=\"460\" height=\"345\" src=\"http:\/\/infoecos.com.ar\/wp-content\/uploads\/IMG_20200403_171234-460x345.jpg\" alt=\"\" class=\"wp-image-60046\" srcset=\"https:\/\/infoecos.com.ar\/wp-content\/uploads\/IMG_20200403_171234-460x345.jpg 460w, https:\/\/infoecos.com.ar\/wp-content\/uploads\/IMG_20200403_171234-920x690.jpg 920w, https:\/\/infoecos.com.ar\/wp-content\/uploads\/IMG_20200403_171234-768x576.jpg 768w, https:\/\/infoecos.com.ar\/wp-content\/uploads\/IMG_20200403_171234-1536x1152.jpg 1536w, https:\/\/infoecos.com.ar\/wp-content\/uploads\/IMG_20200403_171234-2048x1536.jpg 2048w, https:\/\/infoecos.com.ar\/wp-content\/uploads\/IMG_20200403_171234-1024x768.jpg 1024w\" sizes=\"auto, (max-width: 460px) 100vw, 460px\" \/><figcaption>Trenque Lauquen &#8211; Banco Naci\u00f3n<\/figcaption><\/figure><\/div>\n\n\n\n<p class=\"wp-block-paragraph\">Hasta el mes de Abril el horario ser\u00e1 de 8 a 13 horas.<\/p>\n\n\n\n<p class=\"wp-block-paragraph\">Los representantes gremiales de las entidades crediticias dialogaron durante varios d\u00edas con las autoridades comunales sobre el particular. Se hab\u00eda llegado a un acuerdo, pero exist\u00eda cierta resistencia en la c\u00e1mara empresaria. Teniendo en cuenta que la comunicaci\u00f3n realizada a nuestro medio es de fuentes confiables, es de suponer que la entidad que nuclea a un buen n\u00famero de comercios e industrias de Trenque Lauquen cedi\u00f3 en su su postura.<\/p>\n\n\n\n<p class=\"wp-block-paragraph\"><\/p>\n","protected":false},"excerpt":{"rendered":"<p>Los representantes gremiales de las entidades crediticias dialogaron durante varios d\u00edas con las autoridades comunales sobre el particular. Se hab\u00eda llegado a un acuerdo, pero exist\u00eda cierta resistencia en la c\u00e1mara empresaria<\/p>\n","protected":false},"author":2,"featured_media":60046,"comment_status":"closed","ping_status":"open","sticky":false,"template":"","format":"standard","meta":{"footnotes":""},"categories":[1613],"tags":[2415],"class_list":["post-71243","post","type-post","status-publish","format-standard","has-post-thumbnail","hentry","category-noticia-secundaria","tag-horario-para-el-verano"],"featured_image_urls":{"full":["https:\/\/infoecos.com.ar\/wp-content\/uploads\/IMG_20200403_171234-scaled.jpg",2560,1920,false],"thumbnail":["https:\/\/infoecos.com.ar\/wp-content\/uploads\/IMG_20200403_171234-150x150.jpg",150,150,true],"medium":["https:\/\/infoecos.com.ar\/wp-content\/uploads\/IMG_20200403_171234-460x345.jpg",460,345,true],"medium_large":["https:\/\/infoecos.com.ar\/wp-content\/uploads\/IMG_20200403_171234-768x576.jpg",640,480,true],"large":["https:\/\/infoecos.com.ar\/wp-content\/uploads\/IMG_20200403_171234-920x690.jpg",640,480,true],"1536x1536":["https:\/\/infoecos.com.ar\/wp-content\/uploads\/IMG_20200403_171234-1536x1152.jpg",1536,1152,true],"2048x2048":["https:\/\/infoecos.com.ar\/wp-content\/uploads\/IMG_20200403_171234-2048x1536.jpg",2048,1536,true],"covernews-slider-full":["https:\/\/infoecos.com.ar\/wp-content\/uploads\/IMG_20200403_171234-1536x1020.jpg",1077,715,true],"covernews-slider-center":["https:\/\/infoecos.com.ar\/wp-content\/uploads\/IMG_20200403_171234-936x897.jpg",522,500,true],"covernews-featured":["https:\/\/infoecos.com.ar\/wp-content\/uploads\/IMG_20200403_171234-1024x768.jpg",1024,768,true],"covernews-medium":["https:\/\/infoecos.com.ar\/wp-content\/uploads\/IMG_20200403_171234-720x380.jpg",540,285,true],"covernews-medium-square":["https:\/\/infoecos.com.ar\/wp-content\/uploads\/IMG_20200403_171234-675x450.jpg",375,250,true]},"author_info":{"info":["Jorge Matheus"]},"category_info":"<a href=\"https:\/\/infoecos.com.ar\/index.php\/category\/noticia-secundaria\/\" rel=\"category tag\">Noticia Secundaria<\/a>","tag_info":"Noticia Secundaria","comment_count":"0","_links":{"self":[{"href":"https:\/\/infoecos.com.ar\/index.php\/wp-json\/wp\/v2\/posts\/71243","targetHints":{"allow":["GET"]}}],"collection":[{"href":"https:\/\/infoecos.com.ar\/index.php\/wp-json\/wp\/v2\/posts"}],"about":[{"href":"https:\/\/infoecos.com.ar\/index.php\/wp-json\/wp\/v2\/types\/post"}],"author":[{"embeddable":true,"href":"https:\/\/infoecos.com.ar\/index.php\/wp-json\/wp\/v2\/users\/2"}],"replies":[{"embeddable":true,"href":"https:\/\/infoecos.com.ar\/index.php\/wp-json\/wp\/v2\/comments?post=71243"}],"version-history":[{"count":2,"href":"https:\/\/infoecos.com.ar\/index.php\/wp-json\/wp\/v2\/posts\/71243\/revisions"}],"predecessor-version":[{"id":71259,"href":"https:\/\/infoecos.com.ar\/index.php\/wp-json\/wp\/v2\/posts\/71243\/revisions\/71259"}],"wp:featuredmedia":[{"embeddable":true,"href":"https:\/\/infoecos.com.ar\/index.php\/wp-json\/wp\/v2\/media\/60046"}],"wp:attachment":[{"href":"https:\/\/infoecos.com.ar\/index.php\/wp-json\/wp\/v2\/media?parent=71243"}],"wp:term":[{"taxonomy":"category","embeddable":true,"href":"https:\/\/infoecos.com.ar\/index.php\/wp-json\/wp\/v2\/categories?post=71243"},{"taxonomy":"post_tag","embeddable":true,"href":"https:\/\/infoecos.com.ar\/index.php\/wp-json\/wp\/v2\/tags?post=71243"}],"curies":[{"name":"wp","href":"https:\/\/api.w.org\/{rel}","templated":true}]}}