{"id":71247,"date":"2020-12-12T13:41:00","date_gmt":"2020-12-12T16:41:00","guid":{"rendered":"http:\/\/infoecos.com.ar\/?p=71247"},"modified":"2020-12-14T01:08:35","modified_gmt":"2020-12-14T04:08:35","slug":"el-intendente-de-trenque-lauquen-se-reunio-con-el-administrador-del-instituto-provincial-de-la-vivienda","status":"publish","type":"post","link":"https:\/\/infoecos.com.ar\/index.php\/el-intendente-de-trenque-lauquen-se-reunio-con-el-administrador-del-instituto-provincial-de-la-vivienda\/","title":{"rendered":"El intendente de Trenque Lauquen se reuni\u00f3 con el Administrador del Instituto Provincial de la Vivienda"},"content":{"rendered":"\n<p>El intendente municipal de Trenque Lauquen, Miguel Fern\u00e1ndez, mantuvo una reuni\u00f3n de trabajo con el Ing. Miguel Oroz, Administrador General del Instituto Provincial de la Vivienda (IPV). Se convers\u00f3 en forma prioritaria sobre la planificaci\u00f3n de 100 viviendas para el distrito que tiene el organismo y que est\u00e1n previstas en el Presupuesto 2021.<\/p>\n\n\n\n<div class=\"wp-block-image\"><figure class=\"aligncenter size-medium\"><img loading=\"lazy\" decoding=\"async\" width=\"345\" height=\"460\" src=\"http:\/\/infoecos.com.ar\/wp-content\/uploads\/2020\/12\/Reunion-Fernandez-Oroz-1-345x460.jpg\" alt=\"\" class=\"wp-image-71249\" srcset=\"https:\/\/infoecos.com.ar\/wp-content\/uploads\/2020\/12\/Reunion-Fernandez-Oroz-1-345x460.jpg 345w, https:\/\/infoecos.com.ar\/wp-content\/uploads\/2020\/12\/Reunion-Fernandez-Oroz-1-690x920.jpg 690w, https:\/\/infoecos.com.ar\/wp-content\/uploads\/2020\/12\/Reunion-Fernandez-Oroz-1-768x1024.jpg 768w, https:\/\/infoecos.com.ar\/wp-content\/uploads\/2020\/12\/Reunion-Fernandez-Oroz-1.jpg 960w\" sizes=\"(max-width: 345px) 100vw, 345px\" \/><\/figure><\/div>\n\n\n\n<p>El encuentro se llev\u00f3 a cabo en el ministerio de Obras P\u00fablicas, y el Intendente tambi\u00e9n expuso ante el Ing. Oroz la deuda de unos ocho millones de pesos que la Provincia tiene con el Municipio por las 20 casas sociales entregadas a sus adjudicatarios el 26 de septiembre de 2019.<\/p>\n\n\n\n<p>De las 100 viviendas previstas en el Presupuesto 2021, 60 son las que corresponder\u00edan al plan de 80 viviendas sociales de las cuales fueron entregadas las primeras 20. Y se sumar\u00edan otras dos tandas de diez viviendas cada una.<\/p>\n\n\n\n<p>\u201cFue una reuni\u00f3n muy buena, positiva desde todo punto de vista, en la que el Ingeniero Oroz tuvo mucha empat\u00eda y gran predisposici\u00f3n para escuchar\u201d, dijo el intendente Fern\u00e1ndez.<\/p>\n\n\n\n<p>El pr\u00f3ximo paso es esperar la aprobaci\u00f3n del Presupuesto 2021 de la Provincia para luego firmar un convenio para la ejecuci\u00f3n de las viviendas planificadas en etapas.&nbsp;&nbsp;&nbsp;&nbsp;&nbsp;<\/p>\n\n\n\n<p><\/p>\n","protected":false},"excerpt":{"rendered":"<p>Se convers\u00f3 en forma prioritaria sobre la planificaci\u00f3n de 100 viviendas para el distrito que tiene el organismo y que est\u00e1n previstas en el Presupuesto 2021<\/p>\n","protected":false},"author":2,"featured_media":71248,"comment_status":"closed","ping_status":"open","sticky":false,"template":"","format":"standard","meta":{"footnotes":""},"categories":[50],"tags":[2416],"class_list":["post-71247","post","type-post","status-publish","format-standard","has-post-thumbnail","hentry","category-c1nota4","tag-reunion-de-trabajo"],"yoast_head":"<!-- This site is optimized with the Yoast SEO plugin v23.4 - https:\/\/yoast.com\/wordpress\/plugins\/seo\/ -->\n<title>El intendente de Trenque Lauquen se reuni\u00f3 con el Administrador del Instituto Provincial de la Vivienda - Infoecos<\/title>\n<meta name=\"robots\" content=\"index, follow, max-snippet:-1, max-image-preview:large, max-video-preview:-1\" \/>\n<link rel=\"canonical\" href=\"https:\/\/infoecos.com.ar\/index.php\/el-intendente-de-trenque-lauquen-se-reunio-con-el-administrador-del-instituto-provincial-de-la-vivienda\/\" \/>\n<meta property=\"og:locale\" content=\"es_ES\" \/>\n<meta property=\"og:type\" content=\"article\" \/>\n<meta property=\"og:title\" content=\"El intendente de Trenque Lauquen se reuni\u00f3 con el Administrador del Instituto Provincial de la Vivienda - Infoecos\" \/>\n<meta property=\"og:description\" content=\"Se convers\u00f3 en forma prioritaria sobre la planificaci\u00f3n de 100 viviendas para el distrito que tiene el organismo y que est\u00e1n previstas en el Presupuesto 2021\" \/>\n<meta property=\"og:url\" content=\"https:\/\/infoecos.com.ar\/index.php\/el-intendente-de-trenque-lauquen-se-reunio-con-el-administrador-del-instituto-provincial-de-la-vivienda\/\" \/>\n<meta property=\"og:site_name\" content=\"Infoecos\" \/>\n<meta property=\"article:publisher\" content=\"https:\/\/www.facebook.com\/profile.php?id=100063200290284\" \/>\n<meta property=\"article:published_time\" content=\"2020-12-12T16:41:00+00:00\" \/>\n<meta property=\"article:modified_time\" content=\"2020-12-14T04:08:35+00:00\" \/>\n<meta property=\"og:image\" content=\"https:\/\/infoecos.com.ar\/wp-content\/uploads\/2020\/12\/Reunion-Fernandez-Oroz.jpg\" \/>\n\t<meta property=\"og:image:width\" content=\"960\" \/>\n\t<meta property=\"og:image:height\" content=\"1280\" \/>\n\t<meta property=\"og:image:type\" content=\"image\/jpeg\" \/>\n<meta name=\"author\" content=\"Jorge Matheus\" \/>\n<meta name=\"twitter:card\" content=\"summary_large_image\" \/>\n<meta name=\"twitter:creator\" content=\"@infoecos\" \/>\n<meta name=\"twitter:site\" content=\"@infoecos\" \/>\n<meta name=\"twitter:label1\" content=\"Escrito por\" \/>\n\t<meta name=\"twitter:data1\" content=\"Jorge Matheus\" \/>\n\t<meta name=\"twitter:label2\" content=\"Tiempo de lectura\" \/>\n\t<meta name=\"twitter:data2\" content=\"1 minuto\" \/>\n<script type=\"application\/ld+json\" class=\"yoast-schema-graph\">{\"@context\":\"https:\/\/schema.org\",\"@graph\":[{\"@type\":\"Article\",\"@id\":\"https:\/\/infoecos.com.ar\/index.php\/el-intendente-de-trenque-lauquen-se-reunio-con-el-administrador-del-instituto-provincial-de-la-vivienda\/#article\",\"isPartOf\":{\"@id\":\"https:\/\/infoecos.com.ar\/index.php\/el-intendente-de-trenque-lauquen-se-reunio-con-el-administrador-del-instituto-provincial-de-la-vivienda\/\"},\"author\":{\"name\":\"Jorge Matheus\",\"@id\":\"https:\/\/infoecos.com.ar\/#\/schema\/person\/8f5ace5ce73b4b4aac4b7245aee6f191\"},\"headline\":\"El intendente de Trenque Lauquen se reuni\u00f3 con el Administrador del Instituto Provincial de la Vivienda\",\"datePublished\":\"2020-12-12T16:41:00+00:00\",\"dateModified\":\"2020-12-14T04:08:35+00:00\",\"mainEntityOfPage\":{\"@id\":\"https:\/\/infoecos.com.ar\/index.php\/el-intendente-de-trenque-lauquen-se-reunio-con-el-administrador-del-instituto-provincial-de-la-vivienda\/\"},\"wordCount\":224,\"publisher\":{\"@id\":\"https:\/\/infoecos.com.ar\/#organization\"},\"image\":{\"@id\":\"https:\/\/infoecos.com.ar\/index.php\/el-intendente-de-trenque-lauquen-se-reunio-con-el-administrador-del-instituto-provincial-de-la-vivienda\/#primaryimage\"},\"thumbnailUrl\":\"https:\/\/infoecos.com.ar\/wp-content\/uploads\/2020\/12\/Reunion-Fernandez-Oroz.jpg\",\"keywords\":[\"REUNI\u00d3N DE TRABAJO\"],\"articleSection\":[\"C1 N4\"],\"inLanguage\":\"es\"},{\"@type\":\"WebPage\",\"@id\":\"https:\/\/infoecos.com.ar\/index.php\/el-intendente-de-trenque-lauquen-se-reunio-con-el-administrador-del-instituto-provincial-de-la-vivienda\/\",\"url\":\"https:\/\/infoecos.com.ar\/index.php\/el-intendente-de-trenque-lauquen-se-reunio-con-el-administrador-del-instituto-provincial-de-la-vivienda\/\",\"name\":\"El intendente de Trenque Lauquen se reuni\u00f3 con el Administrador del Instituto Provincial de la Vivienda - Infoecos\",\"isPartOf\":{\"@id\":\"https:\/\/infoecos.com.ar\/#website\"},\"primaryImageOfPage\":{\"@id\":\"https:\/\/infoecos.com.ar\/index.php\/el-intendente-de-trenque-lauquen-se-reunio-con-el-administrador-del-instituto-provincial-de-la-vivienda\/#primaryimage\"},\"image\":{\"@id\":\"https:\/\/infoecos.com.ar\/index.php\/el-intendente-de-trenque-lauquen-se-reunio-con-el-administrador-del-instituto-provincial-de-la-vivienda\/#primaryimage\"},\"thumbnailUrl\":\"https:\/\/infoecos.com.ar\/wp-content\/uploads\/2020\/12\/Reunion-Fernandez-Oroz.jpg\",\"datePublished\":\"2020-12-12T16:41:00+00:00\",\"dateModified\":\"2020-12-14T04:08:35+00:00\",\"breadcrumb\":{\"@id\":\"https:\/\/infoecos.com.ar\/index.php\/el-intendente-de-trenque-lauquen-se-reunio-con-el-administrador-del-instituto-provincial-de-la-vivienda\/#breadcrumb\"},\"inLanguage\":\"es\",\"potentialAction\":[{\"@type\":\"ReadAction\",\"target\":[\"https:\/\/infoecos.com.ar\/index.php\/el-intendente-de-trenque-lauquen-se-reunio-con-el-administrador-del-instituto-provincial-de-la-vivienda\/\"]}]},{\"@type\":\"ImageObject\",\"inLanguage\":\"es\",\"@id\":\"https:\/\/infoecos.com.ar\/index.php\/el-intendente-de-trenque-lauquen-se-reunio-con-el-administrador-del-instituto-provincial-de-la-vivienda\/#primaryimage\",\"url\":\"https:\/\/infoecos.com.ar\/wp-content\/uploads\/2020\/12\/Reunion-Fernandez-Oroz.jpg\",\"contentUrl\":\"https:\/\/infoecos.com.ar\/wp-content\/uploads\/2020\/12\/Reunion-Fernandez-Oroz.jpg\",\"width\":960,\"height\":1280},{\"@type\":\"BreadcrumbList\",\"@id\":\"https:\/\/infoecos.com.ar\/index.php\/el-intendente-de-trenque-lauquen-se-reunio-con-el-administrador-del-instituto-provincial-de-la-vivienda\/#breadcrumb\",\"itemListElement\":[{\"@type\":\"ListItem\",\"position\":1,\"name\":\"Portada\",\"item\":\"https:\/\/infoecos.com.ar\/\"},{\"@type\":\"ListItem\",\"position\":2,\"name\":\"El intendente de Trenque Lauquen se reuni\u00f3 con el Administrador del Instituto Provincial de la Vivienda\"}]},{\"@type\":\"WebSite\",\"@id\":\"https:\/\/infoecos.com.ar\/#website\",\"url\":\"https:\/\/infoecos.com.ar\/\",\"name\":\"Infoecos\",\"description\":\"Noticias de trenque lauquen y la zona\",\"publisher\":{\"@id\":\"https:\/\/infoecos.com.ar\/#organization\"},\"alternateName\":\"Noticias\",\"potentialAction\":[{\"@type\":\"SearchAction\",\"target\":{\"@type\":\"EntryPoint\",\"urlTemplate\":\"https:\/\/infoecos.com.ar\/?s={search_term_string}\"},\"query-input\":{\"@type\":\"PropertyValueSpecification\",\"valueRequired\":true,\"valueName\":\"search_term_string\"}}],\"inLanguage\":\"es\"},{\"@type\":\"Organization\",\"@id\":\"https:\/\/infoecos.com.ar\/#organization\",\"name\":\"Infoecos\",\"alternateName\":\"Noticias\",\"url\":\"https:\/\/infoecos.com.ar\/\",\"logo\":{\"@type\":\"ImageObject\",\"inLanguage\":\"es\",\"@id\":\"https:\/\/infoecos.com.ar\/#\/schema\/logo\/image\/\",\"url\":\"https:\/\/infoecos.com.ar\/wp-content\/uploads\/2024\/03\/cropped-logo.png\",\"contentUrl\":\"https:\/\/infoecos.com.ar\/wp-content\/uploads\/2024\/03\/cropped-logo.png\",\"width\":374,\"height\":90,\"caption\":\"Infoecos\"},\"image\":{\"@id\":\"https:\/\/infoecos.com.ar\/#\/schema\/logo\/image\/\"},\"sameAs\":[\"https:\/\/www.facebook.com\/profile.php?id=100063200290284\",\"https:\/\/x.com\/infoecos\"]},{\"@type\":\"Person\",\"@id\":\"https:\/\/infoecos.com.ar\/#\/schema\/person\/8f5ace5ce73b4b4aac4b7245aee6f191\",\"name\":\"Jorge Matheus\",\"url\":\"https:\/\/infoecos.com.ar\/index.php\/author\/jomatheus\/\"}]}<\/script>\n<!-- \/ Yoast SEO plugin. -->","yoast_head_json":{"title":"El intendente de Trenque Lauquen se reuni\u00f3 con el Administrador del Instituto Provincial de la Vivienda - Infoecos","robots":{"index":"index","follow":"follow","max-snippet":"max-snippet:-1","max-image-preview":"max-image-preview:large","max-video-preview":"max-video-preview:-1"},"canonical":"https:\/\/infoecos.com.ar\/index.php\/el-intendente-de-trenque-lauquen-se-reunio-con-el-administrador-del-instituto-provincial-de-la-vivienda\/","og_locale":"es_ES","og_type":"article","og_title":"El intendente de Trenque Lauquen se reuni\u00f3 con el Administrador del Instituto Provincial de la Vivienda - Infoecos","og_description":"Se convers\u00f3 en forma prioritaria sobre la planificaci\u00f3n de 100 viviendas para el distrito que tiene el organismo y que est\u00e1n previstas en el Presupuesto 2021","og_url":"https:\/\/infoecos.com.ar\/index.php\/el-intendente-de-trenque-lauquen-se-reunio-con-el-administrador-del-instituto-provincial-de-la-vivienda\/","og_site_name":"Infoecos","article_publisher":"https:\/\/www.facebook.com\/profile.php?id=100063200290284","article_published_time":"2020-12-12T16:41:00+00:00","article_modified_time":"2020-12-14T04:08:35+00:00","og_image":[{"width":960,"height":1280,"url":"https:\/\/infoecos.com.ar\/wp-content\/uploads\/2020\/12\/Reunion-Fernandez-Oroz.jpg","type":"image\/jpeg"}],"author":"Jorge Matheus","twitter_card":"summary_large_image","twitter_creator":"@infoecos","twitter_site":"@infoecos","twitter_misc":{"Escrito por":"Jorge Matheus","Tiempo de lectura":"1 minuto"},"schema":{"@context":"https:\/\/schema.org","@graph":[{"@type":"Article","@id":"https:\/\/infoecos.com.ar\/index.php\/el-intendente-de-trenque-lauquen-se-reunio-con-el-administrador-del-instituto-provincial-de-la-vivienda\/#article","isPartOf":{"@id":"https:\/\/infoecos.com.ar\/index.php\/el-intendente-de-trenque-lauquen-se-reunio-con-el-administrador-del-instituto-provincial-de-la-vivienda\/"},"author":{"name":"Jorge Matheus","@id":"https:\/\/infoecos.com.ar\/#\/schema\/person\/8f5ace5ce73b4b4aac4b7245aee6f191"},"headline":"El intendente de Trenque Lauquen se reuni\u00f3 con el Administrador del Instituto Provincial de la Vivienda","datePublished":"2020-12-12T16:41:00+00:00","dateModified":"2020-12-14T04:08:35+00:00","mainEntityOfPage":{"@id":"https:\/\/infoecos.com.ar\/index.php\/el-intendente-de-trenque-lauquen-se-reunio-con-el-administrador-del-instituto-provincial-de-la-vivienda\/"},"wordCount":224,"publisher":{"@id":"https:\/\/infoecos.com.ar\/#organization"},"image":{"@id":"https:\/\/infoecos.com.ar\/index.php\/el-intendente-de-trenque-lauquen-se-reunio-con-el-administrador-del-instituto-provincial-de-la-vivienda\/#primaryimage"},"thumbnailUrl":"https:\/\/infoecos.com.ar\/wp-content\/uploads\/2020\/12\/Reunion-Fernandez-Oroz.jpg","keywords":["REUNI\u00d3N DE TRABAJO"],"articleSection":["C1 N4"],"inLanguage":"es"},{"@type":"WebPage","@id":"https:\/\/infoecos.com.ar\/index.php\/el-intendente-de-trenque-lauquen-se-reunio-con-el-administrador-del-instituto-provincial-de-la-vivienda\/","url":"https:\/\/infoecos.com.ar\/index.php\/el-intendente-de-trenque-lauquen-se-reunio-con-el-administrador-del-instituto-provincial-de-la-vivienda\/","name":"El intendente de Trenque Lauquen se reuni\u00f3 con el Administrador del Instituto Provincial de la Vivienda - Infoecos","isPartOf":{"@id":"https:\/\/infoecos.com.ar\/#website"},"primaryImageOfPage":{"@id":"https:\/\/infoecos.com.ar\/index.php\/el-intendente-de-trenque-lauquen-se-reunio-con-el-administrador-del-instituto-provincial-de-la-vivienda\/#primaryimage"},"image":{"@id":"https:\/\/infoecos.com.ar\/index.php\/el-intendente-de-trenque-lauquen-se-reunio-con-el-administrador-del-instituto-provincial-de-la-vivienda\/#primaryimage"},"thumbnailUrl":"https:\/\/infoecos.com.ar\/wp-content\/uploads\/2020\/12\/Reunion-Fernandez-Oroz.jpg","datePublished":"2020-12-12T16:41:00+00:00","dateModified":"2020-12-14T04:08:35+00:00","breadcrumb":{"@id":"https:\/\/infoecos.com.ar\/index.php\/el-intendente-de-trenque-lauquen-se-reunio-con-el-administrador-del-instituto-provincial-de-la-vivienda\/#breadcrumb"},"inLanguage":"es","potentialAction":[{"@type":"ReadAction","target":["https:\/\/infoecos.com.ar\/index.php\/el-intendente-de-trenque-lauquen-se-reunio-con-el-administrador-del-instituto-provincial-de-la-vivienda\/"]}]},{"@type":"ImageObject","inLanguage":"es","@id":"https:\/\/infoecos.com.ar\/index.php\/el-intendente-de-trenque-lauquen-se-reunio-con-el-administrador-del-instituto-provincial-de-la-vivienda\/#primaryimage","url":"https:\/\/infoecos.com.ar\/wp-content\/uploads\/2020\/12\/Reunion-Fernandez-Oroz.jpg","contentUrl":"https:\/\/infoecos.com.ar\/wp-content\/uploads\/2020\/12\/Reunion-Fernandez-Oroz.jpg","width":960,"height":1280},{"@type":"BreadcrumbList","@id":"https:\/\/infoecos.com.ar\/index.php\/el-intendente-de-trenque-lauquen-se-reunio-con-el-administrador-del-instituto-provincial-de-la-vivienda\/#breadcrumb","itemListElement":[{"@type":"ListItem","position":1,"name":"Portada","item":"https:\/\/infoecos.com.ar\/"},{"@type":"ListItem","position":2,"name":"El intendente de Trenque Lauquen se reuni\u00f3 con el Administrador del Instituto Provincial de la Vivienda"}]},{"@type":"WebSite","@id":"https:\/\/infoecos.com.ar\/#website","url":"https:\/\/infoecos.com.ar\/","name":"Infoecos","description":"Noticias de trenque lauquen y la zona","publisher":{"@id":"https:\/\/infoecos.com.ar\/#organization"},"alternateName":"Noticias","potentialAction":[{"@type":"SearchAction","target":{"@type":"EntryPoint","urlTemplate":"https:\/\/infoecos.com.ar\/?s={search_term_string}"},"query-input":{"@type":"PropertyValueSpecification","valueRequired":true,"valueName":"search_term_string"}}],"inLanguage":"es"},{"@type":"Organization","@id":"https:\/\/infoecos.com.ar\/#organization","name":"Infoecos","alternateName":"Noticias","url":"https:\/\/infoecos.com.ar\/","logo":{"@type":"ImageObject","inLanguage":"es","@id":"https:\/\/infoecos.com.ar\/#\/schema\/logo\/image\/","url":"https:\/\/infoecos.com.ar\/wp-content\/uploads\/2024\/03\/cropped-logo.png","contentUrl":"https:\/\/infoecos.com.ar\/wp-content\/uploads\/2024\/03\/cropped-logo.png","width":374,"height":90,"caption":"Infoecos"},"image":{"@id":"https:\/\/infoecos.com.ar\/#\/schema\/logo\/image\/"},"sameAs":["https:\/\/www.facebook.com\/profile.php?id=100063200290284","https:\/\/x.com\/infoecos"]},{"@type":"Person","@id":"https:\/\/infoecos.com.ar\/#\/schema\/person\/8f5ace5ce73b4b4aac4b7245aee6f191","name":"Jorge Matheus","url":"https:\/\/infoecos.com.ar\/index.php\/author\/jomatheus\/"}]}},"featured_image_urls":{"full":["https:\/\/infoecos.com.ar\/wp-content\/uploads\/2020\/12\/Reunion-Fernandez-Oroz.jpg",960,1280,false],"thumbnail":["https:\/\/infoecos.com.ar\/wp-content\/uploads\/2020\/12\/Reunion-Fernandez-Oroz-150x150.jpg",150,150,true],"medium":["https:\/\/infoecos.com.ar\/wp-content\/uploads\/2020\/12\/Reunion-Fernandez-Oroz-345x460.jpg",345,460,true],"medium_large":["https:\/\/infoecos.com.ar\/wp-content\/uploads\/2020\/12\/Reunion-Fernandez-Oroz-768x1024.jpg",640,853,true],"large":["https:\/\/infoecos.com.ar\/wp-content\/uploads\/2020\/12\/Reunion-Fernandez-Oroz-690x920.jpg",640,853,true],"1536x1536":["https:\/\/infoecos.com.ar\/wp-content\/uploads\/2020\/12\/Reunion-Fernandez-Oroz.jpg",960,1280,false],"2048x2048":["https:\/\/infoecos.com.ar\/wp-content\/uploads\/2020\/12\/Reunion-Fernandez-Oroz.jpg",960,1280,false],"covernews-slider-full":["https:\/\/infoecos.com.ar\/wp-content\/uploads\/2020\/12\/Reunion-Fernandez-Oroz-960x1020.jpg",673,715,true],"covernews-slider-center":["https:\/\/infoecos.com.ar\/wp-content\/uploads\/2020\/12\/Reunion-Fernandez-Oroz-936x897.jpg",522,500,true],"covernews-featured":["https:\/\/infoecos.com.ar\/wp-content\/uploads\/2020\/12\/Reunion-Fernandez-Oroz.jpg",960,1280,false],"covernews-medium":["https:\/\/infoecos.com.ar\/wp-content\/uploads\/2020\/12\/Reunion-Fernandez-Oroz-720x380.jpg",540,285,true],"covernews-medium-square":["https:\/\/infoecos.com.ar\/wp-content\/uploads\/2020\/12\/Reunion-Fernandez-Oroz-675x450.jpg",375,250,true]},"author_info":{"info":["Jorge Matheus"]},"category_info":"<a href=\"https:\/\/infoecos.com.ar\/index.php\/category\/c1nota4\/\" rel=\"category tag\">C1 N4<\/a>","tag_info":"C1 N4","comment_count":"0","_links":{"self":[{"href":"https:\/\/infoecos.com.ar\/index.php\/wp-json\/wp\/v2\/posts\/71247"}],"collection":[{"href":"https:\/\/infoecos.com.ar\/index.php\/wp-json\/wp\/v2\/posts"}],"about":[{"href":"https:\/\/infoecos.com.ar\/index.php\/wp-json\/wp\/v2\/types\/post"}],"author":[{"embeddable":true,"href":"https:\/\/infoecos.com.ar\/index.php\/wp-json\/wp\/v2\/users\/2"}],"replies":[{"embeddable":true,"href":"https:\/\/infoecos.com.ar\/index.php\/wp-json\/wp\/v2\/comments?post=71247"}],"version-history":[{"count":1,"href":"https:\/\/infoecos.com.ar\/index.php\/wp-json\/wp\/v2\/posts\/71247\/revisions"}],"predecessor-version":[{"id":71250,"href":"https:\/\/infoecos.com.ar\/index.php\/wp-json\/wp\/v2\/posts\/71247\/revisions\/71250"}],"wp:featuredmedia":[{"embeddable":true,"href":"https:\/\/infoecos.com.ar\/index.php\/wp-json\/wp\/v2\/media\/71248"}],"wp:attachment":[{"href":"https:\/\/infoecos.com.ar\/index.php\/wp-json\/wp\/v2\/media?parent=71247"}],"wp:term":[{"taxonomy":"category","embeddable":true,"href":"https:\/\/infoecos.com.ar\/index.php\/wp-json\/wp\/v2\/categories?post=71247"},{"taxonomy":"post_tag","embeddable":true,"href":"https:\/\/infoecos.com.ar\/index.php\/wp-json\/wp\/v2\/tags?post=71247"}],"curies":[{"name":"wp","href":"https:\/\/api.w.org\/{rel}","templated":true}]}}