{"id":71255,"date":"2020-12-13T21:35:43","date_gmt":"2020-12-14T00:35:43","guid":{"rendered":"http:\/\/infoecos.com.ar\/?p=71255"},"modified":"2020-12-14T13:27:43","modified_gmt":"2020-12-14T16:27:43","slug":"tres-lomas-reporto-cuatro-casos-activos-de-coronavirus-este-domingo","status":"publish","type":"post","link":"https:\/\/infoecos.com.ar\/index.php\/tres-lomas-reporto-cuatro-casos-activos-de-coronavirus-este-domingo\/","title":{"rendered":"Tres Lomas report\u00f3 cuatro casos activos de coronavirus, este domingo"},"content":{"rendered":"\n<p class=\"wp-block-paragraph\">Tres Lomas, uno de los distritos de la regi\u00f3n donde el coronavirus hab\u00eda dejado de ser una de las mayores preocupaciones y que le hab\u00edan permitido alcanzar un status sanitario por encima del resto de sus vecinos, report\u00f3 casos este domingo.<\/p>\n\n\n\n<p class=\"wp-block-paragraph\">La informaci\u00f3n proporcionada por las autoridades sanitarias dependientes del municipio dieron cuenta de 4 casos positivos activos, 3 detectados mediante an\u00e1lisis y uno por nexo epidemiol\u00f3gico.  <\/p>\n\n\n\n<div class=\"wp-block-image\"><figure class=\"aligncenter size-medium\"><img loading=\"lazy\" decoding=\"async\" width=\"460\" height=\"460\" src=\"http:\/\/infoecos.com.ar\/wp-content\/uploads\/2020\/12\/Informe-13-12-460x460.png\" alt=\"\" class=\"wp-image-71256\" srcset=\"https:\/\/infoecos.com.ar\/wp-content\/uploads\/2020\/12\/Informe-13-12-460x460.png 460w, https:\/\/infoecos.com.ar\/wp-content\/uploads\/2020\/12\/Informe-13-12-150x150.png 150w, https:\/\/infoecos.com.ar\/wp-content\/uploads\/2020\/12\/Informe-13-12-768x768.png 768w, https:\/\/infoecos.com.ar\/wp-content\/uploads\/2020\/12\/Informe-13-12.png 800w\" sizes=\"auto, (max-width: 460px) 100vw, 460px\" \/><\/figure><\/div>\n\n\n\n<p class=\"wp-block-paragraph\"><\/p>\n","protected":false},"excerpt":{"rendered":"<p>Tres Lomas, uno de los distritos de la regi\u00f3n donde el coronavirus hab\u00eda dejado de ser una de las mayores preocupaciones y que le hab\u00edan permitido alcanzar un status sanitario por encima del resto de sus vecinos<\/p>\n","protected":false},"author":2,"featured_media":54834,"comment_status":"closed","ping_status":"open","sticky":false,"template":"","format":"standard","meta":{"footnotes":""},"categories":[1613],"tags":[1785],"class_list":["post-71255","post","type-post","status-publish","format-standard","has-post-thumbnail","hentry","category-noticia-secundaria","tag-coronavirus"],"featured_image_urls":{"full":"","thumbnail":"","medium":"","medium_large":"","large":"","1536x1536":"","2048x2048":"","covernews-slider-full":"","covernews-slider-center":"","covernews-featured":"","covernews-medium":"","covernews-medium-square":""},"author_info":{"info":["Jorge Matheus"]},"category_info":"<a href=\"https:\/\/infoecos.com.ar\/index.php\/category\/noticia-secundaria\/\" rel=\"category tag\">Noticia Secundaria<\/a>","tag_info":"Noticia Secundaria","comment_count":"0","_links":{"self":[{"href":"https:\/\/infoecos.com.ar\/index.php\/wp-json\/wp\/v2\/posts\/71255","targetHints":{"allow":["GET"]}}],"collection":[{"href":"https:\/\/infoecos.com.ar\/index.php\/wp-json\/wp\/v2\/posts"}],"about":[{"href":"https:\/\/infoecos.com.ar\/index.php\/wp-json\/wp\/v2\/types\/post"}],"author":[{"embeddable":true,"href":"https:\/\/infoecos.com.ar\/index.php\/wp-json\/wp\/v2\/users\/2"}],"replies":[{"embeddable":true,"href":"https:\/\/infoecos.com.ar\/index.php\/wp-json\/wp\/v2\/comments?post=71255"}],"version-history":[{"count":1,"href":"https:\/\/infoecos.com.ar\/index.php\/wp-json\/wp\/v2\/posts\/71255\/revisions"}],"predecessor-version":[{"id":71257,"href":"https:\/\/infoecos.com.ar\/index.php\/wp-json\/wp\/v2\/posts\/71255\/revisions\/71257"}],"wp:attachment":[{"href":"https:\/\/infoecos.com.ar\/index.php\/wp-json\/wp\/v2\/media?parent=71255"}],"wp:term":[{"taxonomy":"category","embeddable":true,"href":"https:\/\/infoecos.com.ar\/index.php\/wp-json\/wp\/v2\/categories?post=71255"},{"taxonomy":"post_tag","embeddable":true,"href":"https:\/\/infoecos.com.ar\/index.php\/wp-json\/wp\/v2\/tags?post=71255"}],"curies":[{"name":"wp","href":"https:\/\/api.w.org\/{rel}","templated":true}]}}