{"id":71260,"date":"2020-12-13T22:19:29","date_gmt":"2020-12-14T01:19:29","guid":{"rendered":"http:\/\/infoecos.com.ar\/?p=71260"},"modified":"2020-12-14T21:57:03","modified_gmt":"2020-12-15T00:57:03","slug":"la-concejal-monica-estevez-considero-que-en-trenque-lauquen-los-horarios-deben-liberarse","status":"publish","type":"post","link":"https:\/\/infoecos.com.ar\/index.php\/la-concejal-monica-estevez-considero-que-en-trenque-lauquen-los-horarios-deben-liberarse\/","title":{"rendered":"La concejal M\u00f3nica Est\u00e9vez consider\u00f3 que en Trenque Lauquen \u00ablos horarios deben liberarse\u00bb"},"content":{"rendered":"\n<p class=\"wp-block-paragraph\">La concejal M\u00f3nica Est\u00e9vez del Frente de Todos, a pocas horas de la realizaci\u00f3n de una nueva reuni\u00f3n del Comit\u00e9 de Emergencia, sugiri\u00f3 una serie de medidas a las que consider\u00f3 \u00abfavorables para el desarrollo de actividades econ\u00f3micas, culturales y sociales\u00bb. A\u00f1adi\u00f3 que \u00abtenemos que programar y acordar estrategias comunitarias para las pr\u00f3ximas tres semanas, las fiestas y la \u00e9poca estival\u00bb. <\/p>\n\n\n\n<div class=\"wp-block-image\"><figure class=\"aligncenter size-medium\"><img decoding=\"async\" src=\"http:\/\/infoecos.com.ar\/wp-content\/uploads\/86290583_3181023348577350_1378081668996268032_o-460x345.jpg\" alt=\"\" class=\"wp-image-58118\"\/><figcaption>Est\u00e9vez, M\u00f3nica<\/figcaption><\/figure><\/div>\n\n\n\n<p class=\"wp-block-paragraph\">La dirigente que ha venido participando activamente de las reuniones del organismo que sigue bien de cerca la cuesti\u00f3n sanitaria a ra\u00edz del coronavirus, indic\u00f3 que \u00abhoy tenemos relativamente pocos casos y debemos pensar en las necesidades de la poblaci\u00f3n. &nbsp;No est\u00e1 el Municipio en condiciones de controlar las acciones de las personas, pero si podemos instar a todas las ciudadanas y ciudadanos a cuidarnos para preservar nuestra libertad hasta que tengamos la vacuna\u00bb.&nbsp;<\/p>\n\n\n\n<p class=\"wp-block-paragraph\">En el tramo m\u00e1s elevado del di\u00e1logo, M\u00f3nica Est\u00e9vez se\u00f1al\u00f3 que \u00ablos horarios deben liberarse. Hoy no se est\u00e1n cumpliendo en el \u00e1mbito privado y si dificultan el trabajo del comercio. No hay capacidad de control para hacer un seguimiento y no vemos que los horarios perjudiquen, si las conductas. Por el contrario, una liberaci\u00f3n de horarios permitir\u00e1 un mejor trabajo para muchos. Con respecto a esto \u00faltimo, &nbsp;la ordenanza para &nbsp;locales gastron\u00f3micos debe ser bien implementada, &nbsp;con protocolos y r\u00e1pidamente. Que sea justa para todos, analizando las posibilidades de cada uno de ellos para cuidar los clientes\u00bb.<\/p>\n\n\n\n<p class=\"wp-block-paragraph\">La concejal, que adem\u00e1s es vicepresidente primera del Concejo Deliberante, se refiri\u00f3 a la temporada estival. En este sentido hizo hincapi\u00e9 en las actividades para ni\u00f1os y ni\u00f1as. Dijo que \u00abdeben habilitarse para los ni\u00f1os y ni\u00f1as que no han accedido a la presencialidad escolar, resarciendo de alg\u00fan modo la imposibilidad de encuentro que han tenido con sus grupos de pares\u00bb.<\/p>\n\n\n\n<p class=\"wp-block-paragraph\">Al ser interrogada sobre los deportes, como as\u00ed tambi\u00e9n acciones culturales y sociales, expuso que \u00abnecesitamos una mayor celeridad para habilitarlas con protocolos al aire libre\u00bb.<\/p>\n\n\n\n<p class=\"wp-block-paragraph\">Concluy\u00f3 con una apreciaci\u00f3n categ\u00f3rica \u00absi no se organiza,&nbsp; la ciudadan\u00eda lo har\u00e1 igualmente y quiz\u00e1s sea perjudicial para todos\u00bb.<\/p>\n","protected":false},"excerpt":{"rendered":"<p>La concejal M\u00f3nica Est\u00e9vez del Frente de Todos, sugiri\u00f3 una serie de medidas a las que consider\u00f3 \u00abfavorables para el desarrollo de actividades econ\u00f3micas, culturales y sociales\u00bb<\/p>\n","protected":false},"author":2,"featured_media":58118,"comment_status":"closed","ping_status":"open","sticky":false,"template":"","format":"standard","meta":{"footnotes":""},"categories":[1325],"tags":[2417],"class_list":["post-71260","post","type-post","status-publish","format-standard","has-post-thumbnail","hentry","category-c1nota6","tag-hacia-la-nueva-normalidad"],"featured_image_urls":{"full":"","thumbnail":"","medium":"","medium_large":"","large":"","1536x1536":"","2048x2048":"","covernews-slider-full":"","covernews-slider-center":"","covernews-featured":"","covernews-medium":"","covernews-medium-square":""},"author_info":{"info":["Jorge Matheus"]},"category_info":"<a href=\"https:\/\/infoecos.com.ar\/index.php\/category\/c1nota6\/\" rel=\"category tag\">C1 nota 6<\/a>","tag_info":"C1 nota 6","comment_count":"0","_links":{"self":[{"href":"https:\/\/infoecos.com.ar\/index.php\/wp-json\/wp\/v2\/posts\/71260","targetHints":{"allow":["GET"]}}],"collection":[{"href":"https:\/\/infoecos.com.ar\/index.php\/wp-json\/wp\/v2\/posts"}],"about":[{"href":"https:\/\/infoecos.com.ar\/index.php\/wp-json\/wp\/v2\/types\/post"}],"author":[{"embeddable":true,"href":"https:\/\/infoecos.com.ar\/index.php\/wp-json\/wp\/v2\/users\/2"}],"replies":[{"embeddable":true,"href":"https:\/\/infoecos.com.ar\/index.php\/wp-json\/wp\/v2\/comments?post=71260"}],"version-history":[{"count":3,"href":"https:\/\/infoecos.com.ar\/index.php\/wp-json\/wp\/v2\/posts\/71260\/revisions"}],"predecessor-version":[{"id":71337,"href":"https:\/\/infoecos.com.ar\/index.php\/wp-json\/wp\/v2\/posts\/71260\/revisions\/71337"}],"wp:attachment":[{"href":"https:\/\/infoecos.com.ar\/index.php\/wp-json\/wp\/v2\/media?parent=71260"}],"wp:term":[{"taxonomy":"category","embeddable":true,"href":"https:\/\/infoecos.com.ar\/index.php\/wp-json\/wp\/v2\/categories?post=71260"},{"taxonomy":"post_tag","embeddable":true,"href":"https:\/\/infoecos.com.ar\/index.php\/wp-json\/wp\/v2\/tags?post=71260"}],"curies":[{"name":"wp","href":"https:\/\/api.w.org\/{rel}","templated":true}]}}