{"id":71263,"date":"2020-12-13T22:30:38","date_gmt":"2020-12-14T01:30:38","guid":{"rendered":"http:\/\/infoecos.com.ar\/?p=71263"},"modified":"2020-12-13T22:30:42","modified_gmt":"2020-12-14T01:30:42","slug":"este-lunes-vuelve-a-reunirse-el-comite-de-emergencia-del-distrito-de-trenque-lauquen","status":"publish","type":"post","link":"https:\/\/infoecos.com.ar\/index.php\/este-lunes-vuelve-a-reunirse-el-comite-de-emergencia-del-distrito-de-trenque-lauquen\/","title":{"rendered":"Este lunes vuelve a reunirse el Comit\u00e9 de Emergencia del distrito de Trenque Lauquen"},"content":{"rendered":"\n<p class=\"wp-block-paragraph\">Hoy vuelve a reunirse el Comit\u00e9 de Emergencia del distrito de Trenque Lauquen, a los fines de evaluar el panorama sanitario en el distrito.<\/p>\n\n\n\n<div class=\"wp-block-image\"><figure class=\"aligncenter size-medium\"><img loading=\"lazy\" decoding=\"async\" width=\"460\" height=\"345\" src=\"http:\/\/infoecos.com.ar\/wp-content\/uploads\/2020\/09\/119420744_4394889027248746_3941665812917703398_o-460x345.jpg\" alt=\"\" class=\"wp-image-67651\" srcset=\"https:\/\/infoecos.com.ar\/wp-content\/uploads\/2020\/09\/119420744_4394889027248746_3941665812917703398_o-460x345.jpg 460w, https:\/\/infoecos.com.ar\/wp-content\/uploads\/2020\/09\/119420744_4394889027248746_3941665812917703398_o-920x690.jpg 920w, https:\/\/infoecos.com.ar\/wp-content\/uploads\/2020\/09\/119420744_4394889027248746_3941665812917703398_o-768x576.jpg 768w, https:\/\/infoecos.com.ar\/wp-content\/uploads\/2020\/09\/119420744_4394889027248746_3941665812917703398_o-1024x768.jpg 1024w, https:\/\/infoecos.com.ar\/wp-content\/uploads\/2020\/09\/119420744_4394889027248746_3941665812917703398_o.jpg 1280w\" sizes=\"auto, (max-width: 460px) 100vw, 460px\" \/><\/figure><\/div>\n\n\n\n<p class=\"wp-block-paragraph\">Es posible que se determinen nuevas flexibilizaciones en diferentes actividades.<\/p>\n\n\n\n<p class=\"wp-block-paragraph\">El intendente y parte de su equipo trabaj\u00f3 durante el fin de semana analizando una serie de propuestas que se volcar\u00e1n en el encuentro.<\/p>\n\n\n\n<p class=\"wp-block-paragraph\">Se confirm\u00f3 el viernes en las \u00faltimas horas que el martes se concretar\u00e1 una conferencia de prensa para comunicar los alcances de las medidas que se determinen.<\/p>\n","protected":false},"excerpt":{"rendered":"<p>El intendente y parte de su equipo trabaj\u00f3 durante el fin de semana analizando una serie de propuestas que se volcar\u00e1n en el encuentro<\/p>\n","protected":false},"author":2,"featured_media":67653,"comment_status":"closed","ping_status":"open","sticky":false,"template":"","format":"standard","meta":{"footnotes":""},"categories":[28],"tags":[2417],"class_list":["post-71263","post","type-post","status-publish","format-standard","has-post-thumbnail","hentry","category-c1nota1","tag-hacia-la-nueva-normalidad"],"featured_image_urls":{"full":["https:\/\/infoecos.com.ar\/wp-content\/uploads\/2020\/09\/119584926_4394889410582041_2842559409831686934_o.jpg",1280,960,false],"thumbnail":["https:\/\/infoecos.com.ar\/wp-content\/uploads\/2020\/09\/119584926_4394889410582041_2842559409831686934_o-150x150.jpg",150,150,true],"medium":["https:\/\/infoecos.com.ar\/wp-content\/uploads\/2020\/09\/119584926_4394889410582041_2842559409831686934_o-460x345.jpg",460,345,true],"medium_large":["https:\/\/infoecos.com.ar\/wp-content\/uploads\/2020\/09\/119584926_4394889410582041_2842559409831686934_o-768x576.jpg",640,480,true],"large":["https:\/\/infoecos.com.ar\/wp-content\/uploads\/2020\/09\/119584926_4394889410582041_2842559409831686934_o-920x690.jpg",640,480,true],"1536x1536":["https:\/\/infoecos.com.ar\/wp-content\/uploads\/2020\/09\/119584926_4394889410582041_2842559409831686934_o.jpg",1280,960,false],"2048x2048":["https:\/\/infoecos.com.ar\/wp-content\/uploads\/2020\/09\/119584926_4394889410582041_2842559409831686934_o.jpg",1280,960,false],"covernews-slider-full":["https:\/\/infoecos.com.ar\/wp-content\/uploads\/2020\/09\/119584926_4394889410582041_2842559409831686934_o.jpg",953,715,false],"covernews-slider-center":["https:\/\/infoecos.com.ar\/wp-content\/uploads\/2020\/09\/119584926_4394889410582041_2842559409831686934_o-936x897.jpg",522,500,true],"covernews-featured":["https:\/\/infoecos.com.ar\/wp-content\/uploads\/2020\/09\/119584926_4394889410582041_2842559409831686934_o-1024x768.jpg",1024,768,true],"covernews-medium":["https:\/\/infoecos.com.ar\/wp-content\/uploads\/2020\/09\/119584926_4394889410582041_2842559409831686934_o-720x380.jpg",540,285,true],"covernews-medium-square":["https:\/\/infoecos.com.ar\/wp-content\/uploads\/2020\/09\/119584926_4394889410582041_2842559409831686934_o-675x450.jpg",375,250,true]},"author_info":{"info":["Jorge Matheus"]},"category_info":"<a href=\"https:\/\/infoecos.com.ar\/index.php\/category\/c1nota1\/\" rel=\"category tag\">C1 N1<\/a>","tag_info":"C1 N1","comment_count":"0","_links":{"self":[{"href":"https:\/\/infoecos.com.ar\/index.php\/wp-json\/wp\/v2\/posts\/71263","targetHints":{"allow":["GET"]}}],"collection":[{"href":"https:\/\/infoecos.com.ar\/index.php\/wp-json\/wp\/v2\/posts"}],"about":[{"href":"https:\/\/infoecos.com.ar\/index.php\/wp-json\/wp\/v2\/types\/post"}],"author":[{"embeddable":true,"href":"https:\/\/infoecos.com.ar\/index.php\/wp-json\/wp\/v2\/users\/2"}],"replies":[{"embeddable":true,"href":"https:\/\/infoecos.com.ar\/index.php\/wp-json\/wp\/v2\/comments?post=71263"}],"version-history":[{"count":1,"href":"https:\/\/infoecos.com.ar\/index.php\/wp-json\/wp\/v2\/posts\/71263\/revisions"}],"predecessor-version":[{"id":71264,"href":"https:\/\/infoecos.com.ar\/index.php\/wp-json\/wp\/v2\/posts\/71263\/revisions\/71264"}],"wp:featuredmedia":[{"embeddable":true,"href":"https:\/\/infoecos.com.ar\/index.php\/wp-json\/wp\/v2\/media\/67653"}],"wp:attachment":[{"href":"https:\/\/infoecos.com.ar\/index.php\/wp-json\/wp\/v2\/media?parent=71263"}],"wp:term":[{"taxonomy":"category","embeddable":true,"href":"https:\/\/infoecos.com.ar\/index.php\/wp-json\/wp\/v2\/categories?post=71263"},{"taxonomy":"post_tag","embeddable":true,"href":"https:\/\/infoecos.com.ar\/index.php\/wp-json\/wp\/v2\/tags?post=71263"}],"curies":[{"name":"wp","href":"https:\/\/api.w.org\/{rel}","templated":true}]}}