{"id":71322,"date":"2020-12-14T16:57:04","date_gmt":"2020-12-14T19:57:04","guid":{"rendered":"http:\/\/infoecos.com.ar\/?p=71322"},"modified":"2020-12-14T16:57:16","modified_gmt":"2020-12-14T19:57:16","slug":"tres-lomas-celebro-el-domingo-con-un-festival-al-aire-libre-los-34-anos-de-la-autonomia-y-hay-tres-casos-activos-de-coronavirus","status":"publish","type":"post","link":"https:\/\/infoecos.com.ar\/index.php\/tres-lomas-celebro-el-domingo-con-un-festival-al-aire-libre-los-34-anos-de-la-autonomia-y-hay-tres-casos-activos-de-coronavirus\/","title":{"rendered":"Tres Lomas celebr\u00f3, el domingo, con un festival al aire libre los 34 a\u00f1os de la autonom\u00eda y hay tres casos activos de coronavirus"},"content":{"rendered":"\n<p>En un escueto comunicado de prensa difundido en el mediod\u00eda de este lunes, el gobierno municipal de Tres Lomas inform\u00f3 sobre la situaci\u00f3n epidemiol\u00f3gica, despu\u00e9s de haberse conocido que se registraron cuatro casos positivos.<\/p>\n\n\n\n<div class=\"wp-block-image\"><figure class=\"aligncenter size-medium\"><img loading=\"lazy\" decoding=\"async\" width=\"460\" height=\"460\" src=\"http:\/\/infoecos.com.ar\/wp-content\/uploads\/2020\/12\/Informe-14-12-14-hs-460x460.png\" alt=\"\" class=\"wp-image-71329\" srcset=\"https:\/\/infoecos.com.ar\/wp-content\/uploads\/2020\/12\/Informe-14-12-14-hs-460x460.png 460w, https:\/\/infoecos.com.ar\/wp-content\/uploads\/2020\/12\/Informe-14-12-14-hs-150x150.png 150w, https:\/\/infoecos.com.ar\/wp-content\/uploads\/2020\/12\/Informe-14-12-14-hs-768x768.png 768w, https:\/\/infoecos.com.ar\/wp-content\/uploads\/2020\/12\/Informe-14-12-14-hs.png 800w\" sizes=\"(max-width: 460px) 100vw, 460px\" \/><\/figure><\/div>\n\n\n\n<p>Se inform\u00f3 que se recuper\u00f3 un paciente y se realizaron dos hisopados, sin aportarse m\u00e1s datos.<\/p>\n\n\n\n<p>En el parte de prensa habitual se indic\u00f3 que el domingo enmarcado en la celebraci\u00f3n del 34\u00b0 Aniversario de la Autonom\u00eda, se concret\u00f3 el domingo un festival musical al aire libre en la Plaza Principal de la ciudad.<\/p>\n\n\n\n<p>\u00abDestino Norte\u00bb, \u00abD\u00fao Pana\u00bb, \u00abLos Creadores\u00bb, \u00abMargarita Santiago y Julieta Garc\u00eda\u00bb, \u00abMat\u00edas Balerdi\u00bb y \u00abNicolas Reyes y Marcelo Rivas\u00bb, fueron los artistas que le pusieron m\u00fasica a la tarde.<\/p>\n\n\n\n<p>Participaron tambi\u00e9n del evento, emprendedores y emprendedoras treslomenses, quienes tuvieron la oportunidad de poner sus productos a la venta.<\/p>\n\n\n\n<figure class=\"wp-block-gallery columns-3 is-cropped wp-block-gallery-1 is-layout-flex wp-block-gallery-is-layout-flex\"><ul class=\"blocks-gallery-grid\"><li class=\"blocks-gallery-item\"><figure><img loading=\"lazy\" decoding=\"async\" width=\"920\" height=\"599\" src=\"http:\/\/infoecos.com.ar\/wp-content\/uploads\/2020\/12\/Festival-musical-1-920x599.jpg\" alt=\"\" data-id=\"71323\" data-full-url=\"http:\/\/infoecos.com.ar\/wp-content\/uploads\/2020\/12\/Festival-musical-1-scaled.jpg\" data-link=\"http:\/\/infoecos.com.ar\/?attachment_id=71323\" class=\"wp-image-71323\" srcset=\"https:\/\/infoecos.com.ar\/wp-content\/uploads\/2020\/12\/Festival-musical-1-920x599.jpg 920w, https:\/\/infoecos.com.ar\/wp-content\/uploads\/2020\/12\/Festival-musical-1-460x299.jpg 460w, https:\/\/infoecos.com.ar\/wp-content\/uploads\/2020\/12\/Festival-musical-1-768x500.jpg 768w, https:\/\/infoecos.com.ar\/wp-content\/uploads\/2020\/12\/Festival-musical-1-1536x1000.jpg 1536w, https:\/\/infoecos.com.ar\/wp-content\/uploads\/2020\/12\/Festival-musical-1-2048x1333.jpg 2048w, https:\/\/infoecos.com.ar\/wp-content\/uploads\/2020\/12\/Festival-musical-1-1024x667.jpg 1024w\" sizes=\"(max-width: 920px) 100vw, 920px\" \/><\/figure><\/li><li class=\"blocks-gallery-item\"><figure><img loading=\"lazy\" decoding=\"async\" width=\"920\" height=\"640\" src=\"http:\/\/infoecos.com.ar\/wp-content\/uploads\/2020\/12\/Festival-musical-2-920x640.jpg\" alt=\"\" data-id=\"71324\" data-full-url=\"http:\/\/infoecos.com.ar\/wp-content\/uploads\/2020\/12\/Festival-musical-2-scaled.jpg\" data-link=\"http:\/\/infoecos.com.ar\/?attachment_id=71324\" class=\"wp-image-71324\" srcset=\"https:\/\/infoecos.com.ar\/wp-content\/uploads\/2020\/12\/Festival-musical-2-920x640.jpg 920w, https:\/\/infoecos.com.ar\/wp-content\/uploads\/2020\/12\/Festival-musical-2-460x320.jpg 460w, https:\/\/infoecos.com.ar\/wp-content\/uploads\/2020\/12\/Festival-musical-2-768x534.jpg 768w, https:\/\/infoecos.com.ar\/wp-content\/uploads\/2020\/12\/Festival-musical-2-1536x1068.jpg 1536w, https:\/\/infoecos.com.ar\/wp-content\/uploads\/2020\/12\/Festival-musical-2-2048x1424.jpg 2048w, https:\/\/infoecos.com.ar\/wp-content\/uploads\/2020\/12\/Festival-musical-2-1024x712.jpg 1024w\" sizes=\"(max-width: 920px) 100vw, 920px\" \/><\/figure><\/li><li class=\"blocks-gallery-item\"><figure><img loading=\"lazy\" decoding=\"async\" width=\"920\" height=\"584\" src=\"http:\/\/infoecos.com.ar\/wp-content\/uploads\/2020\/12\/Festival-musical-4-920x584.jpg\" alt=\"\" data-id=\"71325\" data-full-url=\"http:\/\/infoecos.com.ar\/wp-content\/uploads\/2020\/12\/Festival-musical-4-scaled.jpg\" data-link=\"http:\/\/infoecos.com.ar\/?attachment_id=71325\" class=\"wp-image-71325\" srcset=\"https:\/\/infoecos.com.ar\/wp-content\/uploads\/2020\/12\/Festival-musical-4-920x584.jpg 920w, https:\/\/infoecos.com.ar\/wp-content\/uploads\/2020\/12\/Festival-musical-4-460x292.jpg 460w, https:\/\/infoecos.com.ar\/wp-content\/uploads\/2020\/12\/Festival-musical-4-768x488.jpg 768w, https:\/\/infoecos.com.ar\/wp-content\/uploads\/2020\/12\/Festival-musical-4-1536x976.jpg 1536w, https:\/\/infoecos.com.ar\/wp-content\/uploads\/2020\/12\/Festival-musical-4-2048x1301.jpg 2048w, https:\/\/infoecos.com.ar\/wp-content\/uploads\/2020\/12\/Festival-musical-4-1024x651.jpg 1024w\" sizes=\"(max-width: 920px) 100vw, 920px\" \/><\/figure><\/li><li class=\"blocks-gallery-item\"><figure><img loading=\"lazy\" decoding=\"async\" width=\"920\" height=\"678\" src=\"http:\/\/infoecos.com.ar\/wp-content\/uploads\/2020\/12\/Festival-musical-5-920x678.jpg\" alt=\"\" data-id=\"71326\" data-full-url=\"http:\/\/infoecos.com.ar\/wp-content\/uploads\/2020\/12\/Festival-musical-5-scaled.jpg\" data-link=\"http:\/\/infoecos.com.ar\/?attachment_id=71326\" class=\"wp-image-71326\" srcset=\"https:\/\/infoecos.com.ar\/wp-content\/uploads\/2020\/12\/Festival-musical-5-920x678.jpg 920w, https:\/\/infoecos.com.ar\/wp-content\/uploads\/2020\/12\/Festival-musical-5-460x339.jpg 460w, https:\/\/infoecos.com.ar\/wp-content\/uploads\/2020\/12\/Festival-musical-5-768x566.jpg 768w, https:\/\/infoecos.com.ar\/wp-content\/uploads\/2020\/12\/Festival-musical-5-1536x1132.jpg 1536w, https:\/\/infoecos.com.ar\/wp-content\/uploads\/2020\/12\/Festival-musical-5-2048x1509.jpg 2048w, https:\/\/infoecos.com.ar\/wp-content\/uploads\/2020\/12\/Festival-musical-5-1024x755.jpg 1024w\" sizes=\"(max-width: 920px) 100vw, 920px\" \/><\/figure><\/li><li class=\"blocks-gallery-item\"><figure><img loading=\"lazy\" decoding=\"async\" width=\"920\" height=\"613\" src=\"http:\/\/infoecos.com.ar\/wp-content\/uploads\/2020\/12\/Festival-musical-6-920x613.jpg\" alt=\"\" data-id=\"71327\" data-full-url=\"http:\/\/infoecos.com.ar\/wp-content\/uploads\/2020\/12\/Festival-musical-6-scaled.jpg\" data-link=\"http:\/\/infoecos.com.ar\/?attachment_id=71327\" class=\"wp-image-71327\" srcset=\"https:\/\/infoecos.com.ar\/wp-content\/uploads\/2020\/12\/Festival-musical-6-920x613.jpg 920w, https:\/\/infoecos.com.ar\/wp-content\/uploads\/2020\/12\/Festival-musical-6-460x307.jpg 460w, https:\/\/infoecos.com.ar\/wp-content\/uploads\/2020\/12\/Festival-musical-6-768x512.jpg 768w, https:\/\/infoecos.com.ar\/wp-content\/uploads\/2020\/12\/Festival-musical-6-1536x1023.jpg 1536w, https:\/\/infoecos.com.ar\/wp-content\/uploads\/2020\/12\/Festival-musical-6-2048x1365.jpg 2048w, https:\/\/infoecos.com.ar\/wp-content\/uploads\/2020\/12\/Festival-musical-6-1024x682.jpg 1024w, https:\/\/infoecos.com.ar\/wp-content\/uploads\/2020\/12\/Festival-musical-6-675x450.jpg 675w\" sizes=\"(max-width: 920px) 100vw, 920px\" \/><\/figure><\/li><li class=\"blocks-gallery-item\"><figure><img loading=\"lazy\" decoding=\"async\" width=\"920\" height=\"850\" src=\"http:\/\/infoecos.com.ar\/wp-content\/uploads\/2020\/12\/Festival-musical-7-920x850.jpg\" alt=\"\" data-id=\"71328\" data-full-url=\"http:\/\/infoecos.com.ar\/wp-content\/uploads\/2020\/12\/Festival-musical-7-scaled.jpg\" data-link=\"http:\/\/infoecos.com.ar\/?attachment_id=71328\" class=\"wp-image-71328\" srcset=\"https:\/\/infoecos.com.ar\/wp-content\/uploads\/2020\/12\/Festival-musical-7-920x850.jpg 920w, https:\/\/infoecos.com.ar\/wp-content\/uploads\/2020\/12\/Festival-musical-7-460x425.jpg 460w, https:\/\/infoecos.com.ar\/wp-content\/uploads\/2020\/12\/Festival-musical-7-768x710.jpg 768w, https:\/\/infoecos.com.ar\/wp-content\/uploads\/2020\/12\/Festival-musical-7-1536x1420.jpg 1536w, https:\/\/infoecos.com.ar\/wp-content\/uploads\/2020\/12\/Festival-musical-7-2048x1893.jpg 2048w, https:\/\/infoecos.com.ar\/wp-content\/uploads\/2020\/12\/Festival-musical-7-1024x946.jpg 1024w\" sizes=\"(max-width: 920px) 100vw, 920px\" \/><\/figure><\/li><\/ul><\/figure>\n","protected":false},"excerpt":{"rendered":"<p>Se inform\u00f3 que se recuper\u00f3 un paciente y se realizaron dos hisopados, sin aportarse m\u00e1s datos<\/p>\n","protected":false},"author":2,"featured_media":71325,"comment_status":"closed","ping_status":"open","sticky":false,"template":"","format":"standard","meta":{"footnotes":""},"categories":[29],"tags":[2427],"class_list":["post-71322","post","type-post","status-publish","format-standard","has-post-thumbnail","hentry","category-c2nota1","tag-aniversario-y-salud"],"yoast_head":"<!-- This site is optimized with the Yoast SEO plugin v23.4 - https:\/\/yoast.com\/wordpress\/plugins\/seo\/ -->\n<title>Tres Lomas celebr\u00f3, el domingo, con un festival al aire libre los 34 a\u00f1os de la autonom\u00eda y hay tres casos activos de coronavirus - Infoecos<\/title>\n<meta name=\"robots\" content=\"index, follow, max-snippet:-1, max-image-preview:large, max-video-preview:-1\" \/>\n<link rel=\"canonical\" href=\"https:\/\/infoecos.com.ar\/index.php\/tres-lomas-celebro-el-domingo-con-un-festival-al-aire-libre-los-34-anos-de-la-autonomia-y-hay-tres-casos-activos-de-coronavirus\/\" \/>\n<meta property=\"og:locale\" content=\"es_ES\" \/>\n<meta property=\"og:type\" content=\"article\" \/>\n<meta property=\"og:title\" content=\"Tres Lomas celebr\u00f3, el domingo, con un festival al aire libre los 34 a\u00f1os de la autonom\u00eda y hay tres casos activos de coronavirus - Infoecos\" \/>\n<meta property=\"og:description\" content=\"Se inform\u00f3 que se recuper\u00f3 un paciente y se realizaron dos hisopados, sin aportarse m\u00e1s datos\" \/>\n<meta property=\"og:url\" content=\"https:\/\/infoecos.com.ar\/index.php\/tres-lomas-celebro-el-domingo-con-un-festival-al-aire-libre-los-34-anos-de-la-autonomia-y-hay-tres-casos-activos-de-coronavirus\/\" \/>\n<meta property=\"og:site_name\" content=\"Infoecos\" \/>\n<meta property=\"article:publisher\" content=\"https:\/\/www.facebook.com\/profile.php?id=100063200290284\" \/>\n<meta property=\"article:published_time\" content=\"2020-12-14T19:57:04+00:00\" \/>\n<meta property=\"article:modified_time\" content=\"2020-12-14T19:57:16+00:00\" \/>\n<meta property=\"og:image\" content=\"https:\/\/infoecos.com.ar\/wp-content\/uploads\/2020\/12\/Festival-musical-4-scaled.jpg\" \/>\n\t<meta property=\"og:image:width\" content=\"2560\" \/>\n\t<meta property=\"og:image:height\" content=\"1626\" \/>\n\t<meta property=\"og:image:type\" content=\"image\/jpeg\" \/>\n<meta name=\"author\" content=\"Jorge Matheus\" \/>\n<meta name=\"twitter:card\" content=\"summary_large_image\" \/>\n<meta name=\"twitter:creator\" content=\"@infoecos\" \/>\n<meta name=\"twitter:site\" content=\"@infoecos\" \/>\n<meta name=\"twitter:label1\" content=\"Escrito por\" \/>\n\t<meta name=\"twitter:data1\" content=\"Jorge Matheus\" \/>\n\t<meta name=\"twitter:label2\" content=\"Tiempo de lectura\" \/>\n\t<meta name=\"twitter:data2\" content=\"1 minuto\" \/>\n<script type=\"application\/ld+json\" class=\"yoast-schema-graph\">{\"@context\":\"https:\/\/schema.org\",\"@graph\":[{\"@type\":\"Article\",\"@id\":\"https:\/\/infoecos.com.ar\/index.php\/tres-lomas-celebro-el-domingo-con-un-festival-al-aire-libre-los-34-anos-de-la-autonomia-y-hay-tres-casos-activos-de-coronavirus\/#article\",\"isPartOf\":{\"@id\":\"https:\/\/infoecos.com.ar\/index.php\/tres-lomas-celebro-el-domingo-con-un-festival-al-aire-libre-los-34-anos-de-la-autonomia-y-hay-tres-casos-activos-de-coronavirus\/\"},\"author\":{\"name\":\"Jorge Matheus\",\"@id\":\"https:\/\/infoecos.com.ar\/#\/schema\/person\/8f5ace5ce73b4b4aac4b7245aee6f191\"},\"headline\":\"Tres Lomas celebr\u00f3, el domingo, con un festival al aire libre los 34 a\u00f1os de la autonom\u00eda y hay tres casos activos de coronavirus\",\"datePublished\":\"2020-12-14T19:57:04+00:00\",\"dateModified\":\"2020-12-14T19:57:16+00:00\",\"mainEntityOfPage\":{\"@id\":\"https:\/\/infoecos.com.ar\/index.php\/tres-lomas-celebro-el-domingo-con-un-festival-al-aire-libre-los-34-anos-de-la-autonomia-y-hay-tres-casos-activos-de-coronavirus\/\"},\"wordCount\":172,\"publisher\":{\"@id\":\"https:\/\/infoecos.com.ar\/#organization\"},\"image\":{\"@id\":\"https:\/\/infoecos.com.ar\/index.php\/tres-lomas-celebro-el-domingo-con-un-festival-al-aire-libre-los-34-anos-de-la-autonomia-y-hay-tres-casos-activos-de-coronavirus\/#primaryimage\"},\"thumbnailUrl\":\"https:\/\/infoecos.com.ar\/wp-content\/uploads\/2020\/12\/Festival-musical-4-scaled.jpg\",\"keywords\":[\"ANIVERSARIO Y SALUD\"],\"articleSection\":[\"C2 nota 1\"],\"inLanguage\":\"es\"},{\"@type\":\"WebPage\",\"@id\":\"https:\/\/infoecos.com.ar\/index.php\/tres-lomas-celebro-el-domingo-con-un-festival-al-aire-libre-los-34-anos-de-la-autonomia-y-hay-tres-casos-activos-de-coronavirus\/\",\"url\":\"https:\/\/infoecos.com.ar\/index.php\/tres-lomas-celebro-el-domingo-con-un-festival-al-aire-libre-los-34-anos-de-la-autonomia-y-hay-tres-casos-activos-de-coronavirus\/\",\"name\":\"Tres Lomas celebr\u00f3, el domingo, con un festival al aire libre los 34 a\u00f1os de la autonom\u00eda y hay tres casos activos de coronavirus - Infoecos\",\"isPartOf\":{\"@id\":\"https:\/\/infoecos.com.ar\/#website\"},\"primaryImageOfPage\":{\"@id\":\"https:\/\/infoecos.com.ar\/index.php\/tres-lomas-celebro-el-domingo-con-un-festival-al-aire-libre-los-34-anos-de-la-autonomia-y-hay-tres-casos-activos-de-coronavirus\/#primaryimage\"},\"image\":{\"@id\":\"https:\/\/infoecos.com.ar\/index.php\/tres-lomas-celebro-el-domingo-con-un-festival-al-aire-libre-los-34-anos-de-la-autonomia-y-hay-tres-casos-activos-de-coronavirus\/#primaryimage\"},\"thumbnailUrl\":\"https:\/\/infoecos.com.ar\/wp-content\/uploads\/2020\/12\/Festival-musical-4-scaled.jpg\",\"datePublished\":\"2020-12-14T19:57:04+00:00\",\"dateModified\":\"2020-12-14T19:57:16+00:00\",\"breadcrumb\":{\"@id\":\"https:\/\/infoecos.com.ar\/index.php\/tres-lomas-celebro-el-domingo-con-un-festival-al-aire-libre-los-34-anos-de-la-autonomia-y-hay-tres-casos-activos-de-coronavirus\/#breadcrumb\"},\"inLanguage\":\"es\",\"potentialAction\":[{\"@type\":\"ReadAction\",\"target\":[\"https:\/\/infoecos.com.ar\/index.php\/tres-lomas-celebro-el-domingo-con-un-festival-al-aire-libre-los-34-anos-de-la-autonomia-y-hay-tres-casos-activos-de-coronavirus\/\"]}]},{\"@type\":\"ImageObject\",\"inLanguage\":\"es\",\"@id\":\"https:\/\/infoecos.com.ar\/index.php\/tres-lomas-celebro-el-domingo-con-un-festival-al-aire-libre-los-34-anos-de-la-autonomia-y-hay-tres-casos-activos-de-coronavirus\/#primaryimage\",\"url\":\"https:\/\/infoecos.com.ar\/wp-content\/uploads\/2020\/12\/Festival-musical-4-scaled.jpg\",\"contentUrl\":\"https:\/\/infoecos.com.ar\/wp-content\/uploads\/2020\/12\/Festival-musical-4-scaled.jpg\",\"width\":2560,\"height\":1626},{\"@type\":\"BreadcrumbList\",\"@id\":\"https:\/\/infoecos.com.ar\/index.php\/tres-lomas-celebro-el-domingo-con-un-festival-al-aire-libre-los-34-anos-de-la-autonomia-y-hay-tres-casos-activos-de-coronavirus\/#breadcrumb\",\"itemListElement\":[{\"@type\":\"ListItem\",\"position\":1,\"name\":\"Portada\",\"item\":\"https:\/\/infoecos.com.ar\/\"},{\"@type\":\"ListItem\",\"position\":2,\"name\":\"Tres Lomas celebr\u00f3, el domingo, con un festival al aire libre los 34 a\u00f1os de la autonom\u00eda y hay tres casos activos de coronavirus\"}]},{\"@type\":\"WebSite\",\"@id\":\"https:\/\/infoecos.com.ar\/#website\",\"url\":\"https:\/\/infoecos.com.ar\/\",\"name\":\"Infoecos\",\"description\":\"Noticias de trenque lauquen y la zona\",\"publisher\":{\"@id\":\"https:\/\/infoecos.com.ar\/#organization\"},\"alternateName\":\"Noticias\",\"potentialAction\":[{\"@type\":\"SearchAction\",\"target\":{\"@type\":\"EntryPoint\",\"urlTemplate\":\"https:\/\/infoecos.com.ar\/?s={search_term_string}\"},\"query-input\":{\"@type\":\"PropertyValueSpecification\",\"valueRequired\":true,\"valueName\":\"search_term_string\"}}],\"inLanguage\":\"es\"},{\"@type\":\"Organization\",\"@id\":\"https:\/\/infoecos.com.ar\/#organization\",\"name\":\"Infoecos\",\"alternateName\":\"Noticias\",\"url\":\"https:\/\/infoecos.com.ar\/\",\"logo\":{\"@type\":\"ImageObject\",\"inLanguage\":\"es\",\"@id\":\"https:\/\/infoecos.com.ar\/#\/schema\/logo\/image\/\",\"url\":\"https:\/\/infoecos.com.ar\/wp-content\/uploads\/2024\/03\/cropped-logo.png\",\"contentUrl\":\"https:\/\/infoecos.com.ar\/wp-content\/uploads\/2024\/03\/cropped-logo.png\",\"width\":374,\"height\":90,\"caption\":\"Infoecos\"},\"image\":{\"@id\":\"https:\/\/infoecos.com.ar\/#\/schema\/logo\/image\/\"},\"sameAs\":[\"https:\/\/www.facebook.com\/profile.php?id=100063200290284\",\"https:\/\/x.com\/infoecos\"]},{\"@type\":\"Person\",\"@id\":\"https:\/\/infoecos.com.ar\/#\/schema\/person\/8f5ace5ce73b4b4aac4b7245aee6f191\",\"name\":\"Jorge Matheus\",\"url\":\"https:\/\/infoecos.com.ar\/index.php\/author\/jomatheus\/\"}]}<\/script>\n<!-- \/ Yoast SEO plugin. -->","yoast_head_json":{"title":"Tres Lomas celebr\u00f3, el domingo, con un festival al aire libre los 34 a\u00f1os de la autonom\u00eda y hay tres casos activos de coronavirus - Infoecos","robots":{"index":"index","follow":"follow","max-snippet":"max-snippet:-1","max-image-preview":"max-image-preview:large","max-video-preview":"max-video-preview:-1"},"canonical":"https:\/\/infoecos.com.ar\/index.php\/tres-lomas-celebro-el-domingo-con-un-festival-al-aire-libre-los-34-anos-de-la-autonomia-y-hay-tres-casos-activos-de-coronavirus\/","og_locale":"es_ES","og_type":"article","og_title":"Tres Lomas celebr\u00f3, el domingo, con un festival al aire libre los 34 a\u00f1os de la autonom\u00eda y hay tres casos activos de coronavirus - Infoecos","og_description":"Se inform\u00f3 que se recuper\u00f3 un paciente y se realizaron dos hisopados, sin aportarse m\u00e1s datos","og_url":"https:\/\/infoecos.com.ar\/index.php\/tres-lomas-celebro-el-domingo-con-un-festival-al-aire-libre-los-34-anos-de-la-autonomia-y-hay-tres-casos-activos-de-coronavirus\/","og_site_name":"Infoecos","article_publisher":"https:\/\/www.facebook.com\/profile.php?id=100063200290284","article_published_time":"2020-12-14T19:57:04+00:00","article_modified_time":"2020-12-14T19:57:16+00:00","og_image":[{"width":2560,"height":1626,"url":"https:\/\/infoecos.com.ar\/wp-content\/uploads\/2020\/12\/Festival-musical-4-scaled.jpg","type":"image\/jpeg"}],"author":"Jorge Matheus","twitter_card":"summary_large_image","twitter_creator":"@infoecos","twitter_site":"@infoecos","twitter_misc":{"Escrito por":"Jorge Matheus","Tiempo de lectura":"1 minuto"},"schema":{"@context":"https:\/\/schema.org","@graph":[{"@type":"Article","@id":"https:\/\/infoecos.com.ar\/index.php\/tres-lomas-celebro-el-domingo-con-un-festival-al-aire-libre-los-34-anos-de-la-autonomia-y-hay-tres-casos-activos-de-coronavirus\/#article","isPartOf":{"@id":"https:\/\/infoecos.com.ar\/index.php\/tres-lomas-celebro-el-domingo-con-un-festival-al-aire-libre-los-34-anos-de-la-autonomia-y-hay-tres-casos-activos-de-coronavirus\/"},"author":{"name":"Jorge Matheus","@id":"https:\/\/infoecos.com.ar\/#\/schema\/person\/8f5ace5ce73b4b4aac4b7245aee6f191"},"headline":"Tres Lomas celebr\u00f3, el domingo, con un festival al aire libre los 34 a\u00f1os de la autonom\u00eda y hay tres casos activos de coronavirus","datePublished":"2020-12-14T19:57:04+00:00","dateModified":"2020-12-14T19:57:16+00:00","mainEntityOfPage":{"@id":"https:\/\/infoecos.com.ar\/index.php\/tres-lomas-celebro-el-domingo-con-un-festival-al-aire-libre-los-34-anos-de-la-autonomia-y-hay-tres-casos-activos-de-coronavirus\/"},"wordCount":172,"publisher":{"@id":"https:\/\/infoecos.com.ar\/#organization"},"image":{"@id":"https:\/\/infoecos.com.ar\/index.php\/tres-lomas-celebro-el-domingo-con-un-festival-al-aire-libre-los-34-anos-de-la-autonomia-y-hay-tres-casos-activos-de-coronavirus\/#primaryimage"},"thumbnailUrl":"https:\/\/infoecos.com.ar\/wp-content\/uploads\/2020\/12\/Festival-musical-4-scaled.jpg","keywords":["ANIVERSARIO Y SALUD"],"articleSection":["C2 nota 1"],"inLanguage":"es"},{"@type":"WebPage","@id":"https:\/\/infoecos.com.ar\/index.php\/tres-lomas-celebro-el-domingo-con-un-festival-al-aire-libre-los-34-anos-de-la-autonomia-y-hay-tres-casos-activos-de-coronavirus\/","url":"https:\/\/infoecos.com.ar\/index.php\/tres-lomas-celebro-el-domingo-con-un-festival-al-aire-libre-los-34-anos-de-la-autonomia-y-hay-tres-casos-activos-de-coronavirus\/","name":"Tres Lomas celebr\u00f3, el domingo, con un festival al aire libre los 34 a\u00f1os de la autonom\u00eda y hay tres casos activos de coronavirus - Infoecos","isPartOf":{"@id":"https:\/\/infoecos.com.ar\/#website"},"primaryImageOfPage":{"@id":"https:\/\/infoecos.com.ar\/index.php\/tres-lomas-celebro-el-domingo-con-un-festival-al-aire-libre-los-34-anos-de-la-autonomia-y-hay-tres-casos-activos-de-coronavirus\/#primaryimage"},"image":{"@id":"https:\/\/infoecos.com.ar\/index.php\/tres-lomas-celebro-el-domingo-con-un-festival-al-aire-libre-los-34-anos-de-la-autonomia-y-hay-tres-casos-activos-de-coronavirus\/#primaryimage"},"thumbnailUrl":"https:\/\/infoecos.com.ar\/wp-content\/uploads\/2020\/12\/Festival-musical-4-scaled.jpg","datePublished":"2020-12-14T19:57:04+00:00","dateModified":"2020-12-14T19:57:16+00:00","breadcrumb":{"@id":"https:\/\/infoecos.com.ar\/index.php\/tres-lomas-celebro-el-domingo-con-un-festival-al-aire-libre-los-34-anos-de-la-autonomia-y-hay-tres-casos-activos-de-coronavirus\/#breadcrumb"},"inLanguage":"es","potentialAction":[{"@type":"ReadAction","target":["https:\/\/infoecos.com.ar\/index.php\/tres-lomas-celebro-el-domingo-con-un-festival-al-aire-libre-los-34-anos-de-la-autonomia-y-hay-tres-casos-activos-de-coronavirus\/"]}]},{"@type":"ImageObject","inLanguage":"es","@id":"https:\/\/infoecos.com.ar\/index.php\/tres-lomas-celebro-el-domingo-con-un-festival-al-aire-libre-los-34-anos-de-la-autonomia-y-hay-tres-casos-activos-de-coronavirus\/#primaryimage","url":"https:\/\/infoecos.com.ar\/wp-content\/uploads\/2020\/12\/Festival-musical-4-scaled.jpg","contentUrl":"https:\/\/infoecos.com.ar\/wp-content\/uploads\/2020\/12\/Festival-musical-4-scaled.jpg","width":2560,"height":1626},{"@type":"BreadcrumbList","@id":"https:\/\/infoecos.com.ar\/index.php\/tres-lomas-celebro-el-domingo-con-un-festival-al-aire-libre-los-34-anos-de-la-autonomia-y-hay-tres-casos-activos-de-coronavirus\/#breadcrumb","itemListElement":[{"@type":"ListItem","position":1,"name":"Portada","item":"https:\/\/infoecos.com.ar\/"},{"@type":"ListItem","position":2,"name":"Tres Lomas celebr\u00f3, el domingo, con un festival al aire libre los 34 a\u00f1os de la autonom\u00eda y hay tres casos activos de coronavirus"}]},{"@type":"WebSite","@id":"https:\/\/infoecos.com.ar\/#website","url":"https:\/\/infoecos.com.ar\/","name":"Infoecos","description":"Noticias de trenque lauquen y la zona","publisher":{"@id":"https:\/\/infoecos.com.ar\/#organization"},"alternateName":"Noticias","potentialAction":[{"@type":"SearchAction","target":{"@type":"EntryPoint","urlTemplate":"https:\/\/infoecos.com.ar\/?s={search_term_string}"},"query-input":{"@type":"PropertyValueSpecification","valueRequired":true,"valueName":"search_term_string"}}],"inLanguage":"es"},{"@type":"Organization","@id":"https:\/\/infoecos.com.ar\/#organization","name":"Infoecos","alternateName":"Noticias","url":"https:\/\/infoecos.com.ar\/","logo":{"@type":"ImageObject","inLanguage":"es","@id":"https:\/\/infoecos.com.ar\/#\/schema\/logo\/image\/","url":"https:\/\/infoecos.com.ar\/wp-content\/uploads\/2024\/03\/cropped-logo.png","contentUrl":"https:\/\/infoecos.com.ar\/wp-content\/uploads\/2024\/03\/cropped-logo.png","width":374,"height":90,"caption":"Infoecos"},"image":{"@id":"https:\/\/infoecos.com.ar\/#\/schema\/logo\/image\/"},"sameAs":["https:\/\/www.facebook.com\/profile.php?id=100063200290284","https:\/\/x.com\/infoecos"]},{"@type":"Person","@id":"https:\/\/infoecos.com.ar\/#\/schema\/person\/8f5ace5ce73b4b4aac4b7245aee6f191","name":"Jorge Matheus","url":"https:\/\/infoecos.com.ar\/index.php\/author\/jomatheus\/"}]}},"featured_image_urls":{"full":["https:\/\/infoecos.com.ar\/wp-content\/uploads\/2020\/12\/Festival-musical-4-scaled.jpg",2560,1626,false],"thumbnail":["https:\/\/infoecos.com.ar\/wp-content\/uploads\/2020\/12\/Festival-musical-4-150x150.jpg",150,150,true],"medium":["https:\/\/infoecos.com.ar\/wp-content\/uploads\/2020\/12\/Festival-musical-4-460x292.jpg",460,292,true],"medium_large":["https:\/\/infoecos.com.ar\/wp-content\/uploads\/2020\/12\/Festival-musical-4-768x488.jpg",640,407,true],"large":["https:\/\/infoecos.com.ar\/wp-content\/uploads\/2020\/12\/Festival-musical-4-920x584.jpg",640,406,true],"1536x1536":["https:\/\/infoecos.com.ar\/wp-content\/uploads\/2020\/12\/Festival-musical-4-1536x976.jpg",1536,976,true],"2048x2048":["https:\/\/infoecos.com.ar\/wp-content\/uploads\/2020\/12\/Festival-musical-4-2048x1301.jpg",2048,1301,true],"covernews-slider-full":["https:\/\/infoecos.com.ar\/wp-content\/uploads\/2020\/12\/Festival-musical-4-1536x1020.jpg",1077,715,true],"covernews-slider-center":["https:\/\/infoecos.com.ar\/wp-content\/uploads\/2020\/12\/Festival-musical-4-936x897.jpg",522,500,true],"covernews-featured":["https:\/\/infoecos.com.ar\/wp-content\/uploads\/2020\/12\/Festival-musical-4-1024x651.jpg",1024,651,true],"covernews-medium":["https:\/\/infoecos.com.ar\/wp-content\/uploads\/2020\/12\/Festival-musical-4-720x380.jpg",540,285,true],"covernews-medium-square":["https:\/\/infoecos.com.ar\/wp-content\/uploads\/2020\/12\/Festival-musical-4-675x450.jpg",375,250,true]},"author_info":{"info":["Jorge Matheus"]},"category_info":"<a href=\"https:\/\/infoecos.com.ar\/index.php\/category\/c2nota1\/\" rel=\"category tag\">C2 nota 1<\/a>","tag_info":"C2 nota 1","comment_count":"0","_links":{"self":[{"href":"https:\/\/infoecos.com.ar\/index.php\/wp-json\/wp\/v2\/posts\/71322"}],"collection":[{"href":"https:\/\/infoecos.com.ar\/index.php\/wp-json\/wp\/v2\/posts"}],"about":[{"href":"https:\/\/infoecos.com.ar\/index.php\/wp-json\/wp\/v2\/types\/post"}],"author":[{"embeddable":true,"href":"https:\/\/infoecos.com.ar\/index.php\/wp-json\/wp\/v2\/users\/2"}],"replies":[{"embeddable":true,"href":"https:\/\/infoecos.com.ar\/index.php\/wp-json\/wp\/v2\/comments?post=71322"}],"version-history":[{"count":1,"href":"https:\/\/infoecos.com.ar\/index.php\/wp-json\/wp\/v2\/posts\/71322\/revisions"}],"predecessor-version":[{"id":71330,"href":"https:\/\/infoecos.com.ar\/index.php\/wp-json\/wp\/v2\/posts\/71322\/revisions\/71330"}],"wp:featuredmedia":[{"embeddable":true,"href":"https:\/\/infoecos.com.ar\/index.php\/wp-json\/wp\/v2\/media\/71325"}],"wp:attachment":[{"href":"https:\/\/infoecos.com.ar\/index.php\/wp-json\/wp\/v2\/media?parent=71322"}],"wp:term":[{"taxonomy":"category","embeddable":true,"href":"https:\/\/infoecos.com.ar\/index.php\/wp-json\/wp\/v2\/categories?post=71322"},{"taxonomy":"post_tag","embeddable":true,"href":"https:\/\/infoecos.com.ar\/index.php\/wp-json\/wp\/v2\/tags?post=71322"}],"curies":[{"name":"wp","href":"https:\/\/api.w.org\/{rel}","templated":true}]}}