{"id":71342,"date":"2020-12-14T23:05:45","date_gmt":"2020-12-15T02:05:45","guid":{"rendered":"http:\/\/infoecos.com.ar\/?p=71342"},"modified":"2020-12-16T00:43:36","modified_gmt":"2020-12-16T03:43:36","slug":"se-inauguro-en-carlos-casares-la-primera-oficina-regional-del-ministerio-de-la-mujer-politicas-de-genero-y-diversidad-sexual-de-la-provincia","status":"publish","type":"post","link":"https:\/\/infoecos.com.ar\/index.php\/se-inauguro-en-carlos-casares-la-primera-oficina-regional-del-ministerio-de-la-mujer-politicas-de-genero-y-diversidad-sexual-de-la-provincia\/","title":{"rendered":"Se inaugur\u00f3 en Carlos Casares la primera oficina regional del Ministerio de la Mujer, Pol\u00edticas de Genero y Diversidad Sexual de la provincia"},"content":{"rendered":"\n<p>Se inaugur\u00f3, este lunes, en Carlos Casares la primera oficina regional del Ministerio de la Mujer, Pol\u00edticas de G\u00e9nero y Diversidad Sexual de toda la provincia.<\/p>\n\n\n\n<div class=\"wp-block-image\"><figure class=\"aligncenter size-medium\"><img loading=\"lazy\" decoding=\"async\" width=\"460\" height=\"307\" src=\"http:\/\/infoecos.com.ar\/wp-content\/uploads\/2020\/12\/5-460x307.jpeg\" alt=\"\" class=\"wp-image-71343\" srcset=\"https:\/\/infoecos.com.ar\/wp-content\/uploads\/2020\/12\/5-460x307.jpeg 460w, https:\/\/infoecos.com.ar\/wp-content\/uploads\/2020\/12\/5-920x613.jpeg 920w, https:\/\/infoecos.com.ar\/wp-content\/uploads\/2020\/12\/5-768x512.jpeg 768w, https:\/\/infoecos.com.ar\/wp-content\/uploads\/2020\/12\/5-1024x682.jpeg 1024w, https:\/\/infoecos.com.ar\/wp-content\/uploads\/2020\/12\/5-675x450.jpeg 675w, https:\/\/infoecos.com.ar\/wp-content\/uploads\/2020\/12\/5.jpeg 1280w\" sizes=\"(max-width: 460px) 100vw, 460px\" \/><\/figure><\/div>\n\n\n\n<p>Estuvo presente la Ministra de las Mujeres, Pol\u00edticas de G\u00e9nero y Diversidad Sexual, Estela D\u00edaz. Particip\u00f3 del acto el Intendente Municipal, Walter Torchio, la titular de la Direcci\u00f3n de la Mujer del municipio, Marilina Bongianino y la responsable de La Oficina de Coordinaci\u00f3n Regional, Ada Garc\u00eda.<\/p>\n\n\n\n<p>\u201cEs muy importante lo que el Estado puede hacer; alguna vez se pens\u00f3 que la mujer deber\u00eda votar y fue en un proceso en el cual se reconoci\u00f3 un derecho, lo propio ocurri\u00f3 en la revalidaci\u00f3n del matrimonio igualitario y tambi\u00e9n estuvimos presente\u201d, se\u00f1al\u00f3 el Intendente, Walter Torchio sobre lo acontecido. Se\u00f1al\u00f3 que \u201ceste es otro paso hacia adelante en el reconocimiento de derechos donde el Estado debe estar presente\u201d y, \u201ctiene que ver con se\u00f1alar el respeto hacia la mujer, la diversidad y las pol\u00edticas de g\u00e9nero en general\u201d.<\/p>\n\n\n\n<div class=\"wp-block-image\"><figure class=\"aligncenter size-medium\"><img loading=\"lazy\" decoding=\"async\" width=\"460\" height=\"307\" src=\"http:\/\/infoecos.com.ar\/wp-content\/uploads\/2020\/12\/6-460x307.jpeg\" alt=\"\" class=\"wp-image-71344\" srcset=\"https:\/\/infoecos.com.ar\/wp-content\/uploads\/2020\/12\/6-460x307.jpeg 460w, https:\/\/infoecos.com.ar\/wp-content\/uploads\/2020\/12\/6-920x613.jpeg 920w, https:\/\/infoecos.com.ar\/wp-content\/uploads\/2020\/12\/6-768x512.jpeg 768w, https:\/\/infoecos.com.ar\/wp-content\/uploads\/2020\/12\/6-1024x682.jpeg 1024w, https:\/\/infoecos.com.ar\/wp-content\/uploads\/2020\/12\/6-675x450.jpeg 675w, https:\/\/infoecos.com.ar\/wp-content\/uploads\/2020\/12\/6.jpeg 1280w\" sizes=\"(max-width: 460px) 100vw, 460px\" \/><\/figure><\/div>\n\n\n\n<p>El mandatario casarense felicit\u00f3 a las mujeres porque \u00abhan luchado toda su vida; son&nbsp; parte de historia y ahora m\u00e1s que nunca del presente. Tienen un Ministerio que hace a\u00fan m\u00e1s fuerte esa voluntad de decisi\u00f3n de cada una. Gracias por seguir trabajando, gracias por complementarnos y dar cada discusi\u00f3n que sea necesaria dijo y sum\u00f3 que hoy m\u00e1s que nunca debemos bregar por el crecimiento y fortalecimiento de la provincia y el pa\u00eds\u00bb.<\/p>\n\n\n\n<div class=\"wp-block-image\"><figure class=\"aligncenter size-medium\"><img loading=\"lazy\" decoding=\"async\" width=\"460\" height=\"307\" src=\"http:\/\/infoecos.com.ar\/wp-content\/uploads\/2020\/12\/WhatsApp-Image-2020-12-14-at-15.38.35-460x307.jpeg\" alt=\"\" class=\"wp-image-71345\" srcset=\"https:\/\/infoecos.com.ar\/wp-content\/uploads\/2020\/12\/WhatsApp-Image-2020-12-14-at-15.38.35-460x307.jpeg 460w, https:\/\/infoecos.com.ar\/wp-content\/uploads\/2020\/12\/WhatsApp-Image-2020-12-14-at-15.38.35-920x613.jpeg 920w, https:\/\/infoecos.com.ar\/wp-content\/uploads\/2020\/12\/WhatsApp-Image-2020-12-14-at-15.38.35-768x512.jpeg 768w, https:\/\/infoecos.com.ar\/wp-content\/uploads\/2020\/12\/WhatsApp-Image-2020-12-14-at-15.38.35-1024x682.jpeg 1024w, https:\/\/infoecos.com.ar\/wp-content\/uploads\/2020\/12\/WhatsApp-Image-2020-12-14-at-15.38.35-675x450.jpeg 675w, https:\/\/infoecos.com.ar\/wp-content\/uploads\/2020\/12\/WhatsApp-Image-2020-12-14-at-15.38.35.jpeg 1280w\" sizes=\"(max-width: 460px) 100vw, 460px\" \/><\/figure><\/div>\n\n\n\n<p>Asistieron tambi\u00e9n al acto la responsable de la Unidad de Coordinaci\u00f3n de Pol\u00edticas Transversales, Lidia Fern\u00e1ndez, el Senador provincial, Gustavo Traverso (Jun\u00edn), la Senadora provincial, Mar\u00eda Elena Defunchio (9 de Julio), la Diputada provincial, Viviana Guzzo (Los Toldos), la Diputada provincial, Micaela Oliveto (Chacabuco), la Diputada provincial, Valeria Arata (General Arenales), entre otros. <\/p>\n","protected":false},"excerpt":{"rendered":"<p>Estuvo presente la Ministra de las Mujeres, Pol\u00edticas de G\u00e9nero y Diversidad Sexual, Estela D\u00edaz<\/p>\n","protected":false},"author":2,"featured_media":71345,"comment_status":"closed","ping_status":"open","sticky":false,"template":"","format":"standard","meta":{"footnotes":""},"categories":[42],"tags":[2430],"class_list":["post-71342","post","type-post","status-publish","format-standard","has-post-thumbnail","hentry","category-inferior3","tag-reconocimiento-de-derechos"],"yoast_head":"<!-- This site is optimized with the Yoast SEO plugin v23.4 - https:\/\/yoast.com\/wordpress\/plugins\/seo\/ -->\n<title>Se inaugur\u00f3 en Carlos Casares la primera oficina regional del Ministerio de la Mujer, Pol\u00edticas de Genero y Diversidad Sexual de la provincia - Infoecos<\/title>\n<meta name=\"robots\" content=\"index, follow, max-snippet:-1, max-image-preview:large, max-video-preview:-1\" \/>\n<link rel=\"canonical\" href=\"https:\/\/infoecos.com.ar\/index.php\/se-inauguro-en-carlos-casares-la-primera-oficina-regional-del-ministerio-de-la-mujer-politicas-de-genero-y-diversidad-sexual-de-la-provincia\/\" \/>\n<meta property=\"og:locale\" content=\"es_ES\" \/>\n<meta property=\"og:type\" content=\"article\" \/>\n<meta property=\"og:title\" content=\"Se inaugur\u00f3 en Carlos Casares la primera oficina regional del Ministerio de la Mujer, Pol\u00edticas de Genero y Diversidad Sexual de la provincia - Infoecos\" \/>\n<meta property=\"og:description\" content=\"Estuvo presente la Ministra de las Mujeres, Pol\u00edticas de G\u00e9nero y Diversidad Sexual, Estela D\u00edaz\" \/>\n<meta property=\"og:url\" content=\"https:\/\/infoecos.com.ar\/index.php\/se-inauguro-en-carlos-casares-la-primera-oficina-regional-del-ministerio-de-la-mujer-politicas-de-genero-y-diversidad-sexual-de-la-provincia\/\" \/>\n<meta property=\"og:site_name\" content=\"Infoecos\" \/>\n<meta property=\"article:publisher\" content=\"https:\/\/www.facebook.com\/profile.php?id=100063200290284\" \/>\n<meta property=\"article:published_time\" content=\"2020-12-15T02:05:45+00:00\" \/>\n<meta property=\"article:modified_time\" content=\"2020-12-16T03:43:36+00:00\" \/>\n<meta property=\"og:image\" content=\"https:\/\/infoecos.com.ar\/wp-content\/uploads\/2020\/12\/WhatsApp-Image-2020-12-14-at-15.38.35.jpeg\" \/>\n\t<meta property=\"og:image:width\" content=\"1280\" \/>\n\t<meta property=\"og:image:height\" content=\"853\" \/>\n\t<meta property=\"og:image:type\" content=\"image\/jpeg\" \/>\n<meta name=\"author\" content=\"Jorge Matheus\" \/>\n<meta name=\"twitter:card\" content=\"summary_large_image\" \/>\n<meta name=\"twitter:creator\" content=\"@infoecos\" \/>\n<meta name=\"twitter:site\" content=\"@infoecos\" \/>\n<meta name=\"twitter:label1\" content=\"Escrito por\" \/>\n\t<meta name=\"twitter:data1\" content=\"Jorge Matheus\" \/>\n\t<meta name=\"twitter:label2\" content=\"Tiempo de lectura\" \/>\n\t<meta name=\"twitter:data2\" content=\"2 minutos\" \/>\n<script type=\"application\/ld+json\" class=\"yoast-schema-graph\">{\"@context\":\"https:\/\/schema.org\",\"@graph\":[{\"@type\":\"Article\",\"@id\":\"https:\/\/infoecos.com.ar\/index.php\/se-inauguro-en-carlos-casares-la-primera-oficina-regional-del-ministerio-de-la-mujer-politicas-de-genero-y-diversidad-sexual-de-la-provincia\/#article\",\"isPartOf\":{\"@id\":\"https:\/\/infoecos.com.ar\/index.php\/se-inauguro-en-carlos-casares-la-primera-oficina-regional-del-ministerio-de-la-mujer-politicas-de-genero-y-diversidad-sexual-de-la-provincia\/\"},\"author\":{\"name\":\"Jorge Matheus\",\"@id\":\"https:\/\/infoecos.com.ar\/#\/schema\/person\/8f5ace5ce73b4b4aac4b7245aee6f191\"},\"headline\":\"Se inaugur\u00f3 en Carlos Casares la primera oficina regional del Ministerio de la Mujer, Pol\u00edticas de Genero y Diversidad Sexual de la provincia\",\"datePublished\":\"2020-12-15T02:05:45+00:00\",\"dateModified\":\"2020-12-16T03:43:36+00:00\",\"mainEntityOfPage\":{\"@id\":\"https:\/\/infoecos.com.ar\/index.php\/se-inauguro-en-carlos-casares-la-primera-oficina-regional-del-ministerio-de-la-mujer-politicas-de-genero-y-diversidad-sexual-de-la-provincia\/\"},\"wordCount\":342,\"publisher\":{\"@id\":\"https:\/\/infoecos.com.ar\/#organization\"},\"image\":{\"@id\":\"https:\/\/infoecos.com.ar\/index.php\/se-inauguro-en-carlos-casares-la-primera-oficina-regional-del-ministerio-de-la-mujer-politicas-de-genero-y-diversidad-sexual-de-la-provincia\/#primaryimage\"},\"thumbnailUrl\":\"https:\/\/infoecos.com.ar\/wp-content\/uploads\/2020\/12\/WhatsApp-Image-2020-12-14-at-15.38.35.jpeg\",\"keywords\":[\"RECONOCIMIENTO DE DERECHOS\"],\"articleSection\":[\"Bloque inferior - 3\"],\"inLanguage\":\"es\"},{\"@type\":\"WebPage\",\"@id\":\"https:\/\/infoecos.com.ar\/index.php\/se-inauguro-en-carlos-casares-la-primera-oficina-regional-del-ministerio-de-la-mujer-politicas-de-genero-y-diversidad-sexual-de-la-provincia\/\",\"url\":\"https:\/\/infoecos.com.ar\/index.php\/se-inauguro-en-carlos-casares-la-primera-oficina-regional-del-ministerio-de-la-mujer-politicas-de-genero-y-diversidad-sexual-de-la-provincia\/\",\"name\":\"Se inaugur\u00f3 en Carlos Casares la primera oficina regional del Ministerio de la Mujer, Pol\u00edticas de Genero y Diversidad Sexual de la provincia - Infoecos\",\"isPartOf\":{\"@id\":\"https:\/\/infoecos.com.ar\/#website\"},\"primaryImageOfPage\":{\"@id\":\"https:\/\/infoecos.com.ar\/index.php\/se-inauguro-en-carlos-casares-la-primera-oficina-regional-del-ministerio-de-la-mujer-politicas-de-genero-y-diversidad-sexual-de-la-provincia\/#primaryimage\"},\"image\":{\"@id\":\"https:\/\/infoecos.com.ar\/index.php\/se-inauguro-en-carlos-casares-la-primera-oficina-regional-del-ministerio-de-la-mujer-politicas-de-genero-y-diversidad-sexual-de-la-provincia\/#primaryimage\"},\"thumbnailUrl\":\"https:\/\/infoecos.com.ar\/wp-content\/uploads\/2020\/12\/WhatsApp-Image-2020-12-14-at-15.38.35.jpeg\",\"datePublished\":\"2020-12-15T02:05:45+00:00\",\"dateModified\":\"2020-12-16T03:43:36+00:00\",\"breadcrumb\":{\"@id\":\"https:\/\/infoecos.com.ar\/index.php\/se-inauguro-en-carlos-casares-la-primera-oficina-regional-del-ministerio-de-la-mujer-politicas-de-genero-y-diversidad-sexual-de-la-provincia\/#breadcrumb\"},\"inLanguage\":\"es\",\"potentialAction\":[{\"@type\":\"ReadAction\",\"target\":[\"https:\/\/infoecos.com.ar\/index.php\/se-inauguro-en-carlos-casares-la-primera-oficina-regional-del-ministerio-de-la-mujer-politicas-de-genero-y-diversidad-sexual-de-la-provincia\/\"]}]},{\"@type\":\"ImageObject\",\"inLanguage\":\"es\",\"@id\":\"https:\/\/infoecos.com.ar\/index.php\/se-inauguro-en-carlos-casares-la-primera-oficina-regional-del-ministerio-de-la-mujer-politicas-de-genero-y-diversidad-sexual-de-la-provincia\/#primaryimage\",\"url\":\"https:\/\/infoecos.com.ar\/wp-content\/uploads\/2020\/12\/WhatsApp-Image-2020-12-14-at-15.38.35.jpeg\",\"contentUrl\":\"https:\/\/infoecos.com.ar\/wp-content\/uploads\/2020\/12\/WhatsApp-Image-2020-12-14-at-15.38.35.jpeg\",\"width\":1280,\"height\":853},{\"@type\":\"BreadcrumbList\",\"@id\":\"https:\/\/infoecos.com.ar\/index.php\/se-inauguro-en-carlos-casares-la-primera-oficina-regional-del-ministerio-de-la-mujer-politicas-de-genero-y-diversidad-sexual-de-la-provincia\/#breadcrumb\",\"itemListElement\":[{\"@type\":\"ListItem\",\"position\":1,\"name\":\"Portada\",\"item\":\"https:\/\/infoecos.com.ar\/\"},{\"@type\":\"ListItem\",\"position\":2,\"name\":\"Se inaugur\u00f3 en Carlos Casares la primera oficina regional del Ministerio de la Mujer, Pol\u00edticas de Genero y Diversidad Sexual de la provincia\"}]},{\"@type\":\"WebSite\",\"@id\":\"https:\/\/infoecos.com.ar\/#website\",\"url\":\"https:\/\/infoecos.com.ar\/\",\"name\":\"Infoecos\",\"description\":\"Noticias de trenque lauquen y la zona\",\"publisher\":{\"@id\":\"https:\/\/infoecos.com.ar\/#organization\"},\"alternateName\":\"Noticias\",\"potentialAction\":[{\"@type\":\"SearchAction\",\"target\":{\"@type\":\"EntryPoint\",\"urlTemplate\":\"https:\/\/infoecos.com.ar\/?s={search_term_string}\"},\"query-input\":{\"@type\":\"PropertyValueSpecification\",\"valueRequired\":true,\"valueName\":\"search_term_string\"}}],\"inLanguage\":\"es\"},{\"@type\":\"Organization\",\"@id\":\"https:\/\/infoecos.com.ar\/#organization\",\"name\":\"Infoecos\",\"alternateName\":\"Noticias\",\"url\":\"https:\/\/infoecos.com.ar\/\",\"logo\":{\"@type\":\"ImageObject\",\"inLanguage\":\"es\",\"@id\":\"https:\/\/infoecos.com.ar\/#\/schema\/logo\/image\/\",\"url\":\"https:\/\/infoecos.com.ar\/wp-content\/uploads\/2024\/03\/cropped-logo.png\",\"contentUrl\":\"https:\/\/infoecos.com.ar\/wp-content\/uploads\/2024\/03\/cropped-logo.png\",\"width\":374,\"height\":90,\"caption\":\"Infoecos\"},\"image\":{\"@id\":\"https:\/\/infoecos.com.ar\/#\/schema\/logo\/image\/\"},\"sameAs\":[\"https:\/\/www.facebook.com\/profile.php?id=100063200290284\",\"https:\/\/x.com\/infoecos\"]},{\"@type\":\"Person\",\"@id\":\"https:\/\/infoecos.com.ar\/#\/schema\/person\/8f5ace5ce73b4b4aac4b7245aee6f191\",\"name\":\"Jorge Matheus\",\"url\":\"https:\/\/infoecos.com.ar\/index.php\/author\/jomatheus\/\"}]}<\/script>\n<!-- \/ Yoast SEO plugin. -->","yoast_head_json":{"title":"Se inaugur\u00f3 en Carlos Casares la primera oficina regional del Ministerio de la Mujer, Pol\u00edticas de Genero y Diversidad Sexual de la provincia - Infoecos","robots":{"index":"index","follow":"follow","max-snippet":"max-snippet:-1","max-image-preview":"max-image-preview:large","max-video-preview":"max-video-preview:-1"},"canonical":"https:\/\/infoecos.com.ar\/index.php\/se-inauguro-en-carlos-casares-la-primera-oficina-regional-del-ministerio-de-la-mujer-politicas-de-genero-y-diversidad-sexual-de-la-provincia\/","og_locale":"es_ES","og_type":"article","og_title":"Se inaugur\u00f3 en Carlos Casares la primera oficina regional del Ministerio de la Mujer, Pol\u00edticas de Genero y Diversidad Sexual de la provincia - Infoecos","og_description":"Estuvo presente la Ministra de las Mujeres, Pol\u00edticas de G\u00e9nero y Diversidad Sexual, Estela D\u00edaz","og_url":"https:\/\/infoecos.com.ar\/index.php\/se-inauguro-en-carlos-casares-la-primera-oficina-regional-del-ministerio-de-la-mujer-politicas-de-genero-y-diversidad-sexual-de-la-provincia\/","og_site_name":"Infoecos","article_publisher":"https:\/\/www.facebook.com\/profile.php?id=100063200290284","article_published_time":"2020-12-15T02:05:45+00:00","article_modified_time":"2020-12-16T03:43:36+00:00","og_image":[{"width":1280,"height":853,"url":"https:\/\/infoecos.com.ar\/wp-content\/uploads\/2020\/12\/WhatsApp-Image-2020-12-14-at-15.38.35.jpeg","type":"image\/jpeg"}],"author":"Jorge Matheus","twitter_card":"summary_large_image","twitter_creator":"@infoecos","twitter_site":"@infoecos","twitter_misc":{"Escrito por":"Jorge Matheus","Tiempo de lectura":"2 minutos"},"schema":{"@context":"https:\/\/schema.org","@graph":[{"@type":"Article","@id":"https:\/\/infoecos.com.ar\/index.php\/se-inauguro-en-carlos-casares-la-primera-oficina-regional-del-ministerio-de-la-mujer-politicas-de-genero-y-diversidad-sexual-de-la-provincia\/#article","isPartOf":{"@id":"https:\/\/infoecos.com.ar\/index.php\/se-inauguro-en-carlos-casares-la-primera-oficina-regional-del-ministerio-de-la-mujer-politicas-de-genero-y-diversidad-sexual-de-la-provincia\/"},"author":{"name":"Jorge Matheus","@id":"https:\/\/infoecos.com.ar\/#\/schema\/person\/8f5ace5ce73b4b4aac4b7245aee6f191"},"headline":"Se inaugur\u00f3 en Carlos Casares la primera oficina regional del Ministerio de la Mujer, Pol\u00edticas de Genero y Diversidad Sexual de la provincia","datePublished":"2020-12-15T02:05:45+00:00","dateModified":"2020-12-16T03:43:36+00:00","mainEntityOfPage":{"@id":"https:\/\/infoecos.com.ar\/index.php\/se-inauguro-en-carlos-casares-la-primera-oficina-regional-del-ministerio-de-la-mujer-politicas-de-genero-y-diversidad-sexual-de-la-provincia\/"},"wordCount":342,"publisher":{"@id":"https:\/\/infoecos.com.ar\/#organization"},"image":{"@id":"https:\/\/infoecos.com.ar\/index.php\/se-inauguro-en-carlos-casares-la-primera-oficina-regional-del-ministerio-de-la-mujer-politicas-de-genero-y-diversidad-sexual-de-la-provincia\/#primaryimage"},"thumbnailUrl":"https:\/\/infoecos.com.ar\/wp-content\/uploads\/2020\/12\/WhatsApp-Image-2020-12-14-at-15.38.35.jpeg","keywords":["RECONOCIMIENTO DE DERECHOS"],"articleSection":["Bloque inferior - 3"],"inLanguage":"es"},{"@type":"WebPage","@id":"https:\/\/infoecos.com.ar\/index.php\/se-inauguro-en-carlos-casares-la-primera-oficina-regional-del-ministerio-de-la-mujer-politicas-de-genero-y-diversidad-sexual-de-la-provincia\/","url":"https:\/\/infoecos.com.ar\/index.php\/se-inauguro-en-carlos-casares-la-primera-oficina-regional-del-ministerio-de-la-mujer-politicas-de-genero-y-diversidad-sexual-de-la-provincia\/","name":"Se inaugur\u00f3 en Carlos Casares la primera oficina regional del Ministerio de la Mujer, Pol\u00edticas de Genero y Diversidad Sexual de la provincia - Infoecos","isPartOf":{"@id":"https:\/\/infoecos.com.ar\/#website"},"primaryImageOfPage":{"@id":"https:\/\/infoecos.com.ar\/index.php\/se-inauguro-en-carlos-casares-la-primera-oficina-regional-del-ministerio-de-la-mujer-politicas-de-genero-y-diversidad-sexual-de-la-provincia\/#primaryimage"},"image":{"@id":"https:\/\/infoecos.com.ar\/index.php\/se-inauguro-en-carlos-casares-la-primera-oficina-regional-del-ministerio-de-la-mujer-politicas-de-genero-y-diversidad-sexual-de-la-provincia\/#primaryimage"},"thumbnailUrl":"https:\/\/infoecos.com.ar\/wp-content\/uploads\/2020\/12\/WhatsApp-Image-2020-12-14-at-15.38.35.jpeg","datePublished":"2020-12-15T02:05:45+00:00","dateModified":"2020-12-16T03:43:36+00:00","breadcrumb":{"@id":"https:\/\/infoecos.com.ar\/index.php\/se-inauguro-en-carlos-casares-la-primera-oficina-regional-del-ministerio-de-la-mujer-politicas-de-genero-y-diversidad-sexual-de-la-provincia\/#breadcrumb"},"inLanguage":"es","potentialAction":[{"@type":"ReadAction","target":["https:\/\/infoecos.com.ar\/index.php\/se-inauguro-en-carlos-casares-la-primera-oficina-regional-del-ministerio-de-la-mujer-politicas-de-genero-y-diversidad-sexual-de-la-provincia\/"]}]},{"@type":"ImageObject","inLanguage":"es","@id":"https:\/\/infoecos.com.ar\/index.php\/se-inauguro-en-carlos-casares-la-primera-oficina-regional-del-ministerio-de-la-mujer-politicas-de-genero-y-diversidad-sexual-de-la-provincia\/#primaryimage","url":"https:\/\/infoecos.com.ar\/wp-content\/uploads\/2020\/12\/WhatsApp-Image-2020-12-14-at-15.38.35.jpeg","contentUrl":"https:\/\/infoecos.com.ar\/wp-content\/uploads\/2020\/12\/WhatsApp-Image-2020-12-14-at-15.38.35.jpeg","width":1280,"height":853},{"@type":"BreadcrumbList","@id":"https:\/\/infoecos.com.ar\/index.php\/se-inauguro-en-carlos-casares-la-primera-oficina-regional-del-ministerio-de-la-mujer-politicas-de-genero-y-diversidad-sexual-de-la-provincia\/#breadcrumb","itemListElement":[{"@type":"ListItem","position":1,"name":"Portada","item":"https:\/\/infoecos.com.ar\/"},{"@type":"ListItem","position":2,"name":"Se inaugur\u00f3 en Carlos Casares la primera oficina regional del Ministerio de la Mujer, Pol\u00edticas de Genero y Diversidad Sexual de la provincia"}]},{"@type":"WebSite","@id":"https:\/\/infoecos.com.ar\/#website","url":"https:\/\/infoecos.com.ar\/","name":"Infoecos","description":"Noticias de trenque lauquen y la zona","publisher":{"@id":"https:\/\/infoecos.com.ar\/#organization"},"alternateName":"Noticias","potentialAction":[{"@type":"SearchAction","target":{"@type":"EntryPoint","urlTemplate":"https:\/\/infoecos.com.ar\/?s={search_term_string}"},"query-input":{"@type":"PropertyValueSpecification","valueRequired":true,"valueName":"search_term_string"}}],"inLanguage":"es"},{"@type":"Organization","@id":"https:\/\/infoecos.com.ar\/#organization","name":"Infoecos","alternateName":"Noticias","url":"https:\/\/infoecos.com.ar\/","logo":{"@type":"ImageObject","inLanguage":"es","@id":"https:\/\/infoecos.com.ar\/#\/schema\/logo\/image\/","url":"https:\/\/infoecos.com.ar\/wp-content\/uploads\/2024\/03\/cropped-logo.png","contentUrl":"https:\/\/infoecos.com.ar\/wp-content\/uploads\/2024\/03\/cropped-logo.png","width":374,"height":90,"caption":"Infoecos"},"image":{"@id":"https:\/\/infoecos.com.ar\/#\/schema\/logo\/image\/"},"sameAs":["https:\/\/www.facebook.com\/profile.php?id=100063200290284","https:\/\/x.com\/infoecos"]},{"@type":"Person","@id":"https:\/\/infoecos.com.ar\/#\/schema\/person\/8f5ace5ce73b4b4aac4b7245aee6f191","name":"Jorge Matheus","url":"https:\/\/infoecos.com.ar\/index.php\/author\/jomatheus\/"}]}},"featured_image_urls":{"full":["https:\/\/infoecos.com.ar\/wp-content\/uploads\/2020\/12\/WhatsApp-Image-2020-12-14-at-15.38.35.jpeg",1280,853,false],"thumbnail":["https:\/\/infoecos.com.ar\/wp-content\/uploads\/2020\/12\/WhatsApp-Image-2020-12-14-at-15.38.35-150x150.jpeg",150,150,true],"medium":["https:\/\/infoecos.com.ar\/wp-content\/uploads\/2020\/12\/WhatsApp-Image-2020-12-14-at-15.38.35-460x307.jpeg",460,307,true],"medium_large":["https:\/\/infoecos.com.ar\/wp-content\/uploads\/2020\/12\/WhatsApp-Image-2020-12-14-at-15.38.35-768x512.jpeg",640,427,true],"large":["https:\/\/infoecos.com.ar\/wp-content\/uploads\/2020\/12\/WhatsApp-Image-2020-12-14-at-15.38.35-920x613.jpeg",640,426,true],"1536x1536":["https:\/\/infoecos.com.ar\/wp-content\/uploads\/2020\/12\/WhatsApp-Image-2020-12-14-at-15.38.35.jpeg",1280,853,false],"2048x2048":["https:\/\/infoecos.com.ar\/wp-content\/uploads\/2020\/12\/WhatsApp-Image-2020-12-14-at-15.38.35.jpeg",1280,853,false],"covernews-slider-full":["https:\/\/infoecos.com.ar\/wp-content\/uploads\/2020\/12\/WhatsApp-Image-2020-12-14-at-15.38.35.jpeg",1073,715,false],"covernews-slider-center":["https:\/\/infoecos.com.ar\/wp-content\/uploads\/2020\/12\/WhatsApp-Image-2020-12-14-at-15.38.35-936x853.jpeg",549,500,true],"covernews-featured":["https:\/\/infoecos.com.ar\/wp-content\/uploads\/2020\/12\/WhatsApp-Image-2020-12-14-at-15.38.35-1024x682.jpeg",1024,682,true],"covernews-medium":["https:\/\/infoecos.com.ar\/wp-content\/uploads\/2020\/12\/WhatsApp-Image-2020-12-14-at-15.38.35-720x380.jpeg",540,285,true],"covernews-medium-square":["https:\/\/infoecos.com.ar\/wp-content\/uploads\/2020\/12\/WhatsApp-Image-2020-12-14-at-15.38.35-675x450.jpeg",375,250,true]},"author_info":{"info":["Jorge Matheus"]},"category_info":"<a href=\"https:\/\/infoecos.com.ar\/index.php\/category\/inferior3\/\" rel=\"category tag\">Bloque inferior - 3<\/a>","tag_info":"Bloque inferior - 3","comment_count":"0","_links":{"self":[{"href":"https:\/\/infoecos.com.ar\/index.php\/wp-json\/wp\/v2\/posts\/71342"}],"collection":[{"href":"https:\/\/infoecos.com.ar\/index.php\/wp-json\/wp\/v2\/posts"}],"about":[{"href":"https:\/\/infoecos.com.ar\/index.php\/wp-json\/wp\/v2\/types\/post"}],"author":[{"embeddable":true,"href":"https:\/\/infoecos.com.ar\/index.php\/wp-json\/wp\/v2\/users\/2"}],"replies":[{"embeddable":true,"href":"https:\/\/infoecos.com.ar\/index.php\/wp-json\/wp\/v2\/comments?post=71342"}],"version-history":[{"count":2,"href":"https:\/\/infoecos.com.ar\/index.php\/wp-json\/wp\/v2\/posts\/71342\/revisions"}],"predecessor-version":[{"id":71437,"href":"https:\/\/infoecos.com.ar\/index.php\/wp-json\/wp\/v2\/posts\/71342\/revisions\/71437"}],"wp:featuredmedia":[{"embeddable":true,"href":"https:\/\/infoecos.com.ar\/index.php\/wp-json\/wp\/v2\/media\/71345"}],"wp:attachment":[{"href":"https:\/\/infoecos.com.ar\/index.php\/wp-json\/wp\/v2\/media?parent=71342"}],"wp:term":[{"taxonomy":"category","embeddable":true,"href":"https:\/\/infoecos.com.ar\/index.php\/wp-json\/wp\/v2\/categories?post=71342"},{"taxonomy":"post_tag","embeddable":true,"href":"https:\/\/infoecos.com.ar\/index.php\/wp-json\/wp\/v2\/tags?post=71342"}],"curies":[{"name":"wp","href":"https:\/\/api.w.org\/{rel}","templated":true}]}}