{"id":71347,"date":"2020-12-14T23:18:58","date_gmt":"2020-12-15T02:18:58","guid":{"rendered":"http:\/\/infoecos.com.ar\/?p=71347"},"modified":"2020-12-16T00:44:14","modified_gmt":"2020-12-16T03:44:14","slug":"la-ministra-estela-diaz-tambien-estuvo-en-pehuajo-y-firmo-un-convenio-con-el-municipio","status":"publish","type":"post","link":"https:\/\/infoecos.com.ar\/index.php\/la-ministra-estela-diaz-tambien-estuvo-en-pehuajo-y-firmo-un-convenio-con-el-municipio\/","title":{"rendered":"La ministra Estela D\u00edaz tambi\u00e9n estuvo en Pehuaj\u00f3 y firm\u00f3 un convenio con el municipio"},"content":{"rendered":"\n<p>La Ministra de las Mujeres, Pol\u00edticas de G\u00e9nero y Diversidad Sexual de la provincia,  Estela D\u00edaz, tambi\u00e9n visit\u00f3 Pehuaj\u00f3. Firm\u00f3 junto al Intendente, Pablo Zurro, el convenio de cooperaci\u00f3n por el Fondo Especial de Emergencia para Violencias por Razones de G\u00e9nero, un dispositivo que propone hacer frente a las situaciones que reclamen asistencia y respuestas inmediatas. La administraci\u00f3n del recurso estar\u00e1 a cargo de la Secretaria de Juventud, G\u00e9nero y Derechos Humanos, Daniela Viera.<\/p>\n\n\n\n<div class=\"wp-block-image\"><figure class=\"aligncenter size-medium\"><img loading=\"lazy\" decoding=\"async\" width=\"460\" height=\"307\" src=\"http:\/\/infoecos.com.ar\/wp-content\/uploads\/2020\/12\/Pahuajo-1-460x307.jpeg\" alt=\"\" class=\"wp-image-71348\" srcset=\"https:\/\/infoecos.com.ar\/wp-content\/uploads\/2020\/12\/Pahuajo-1-460x307.jpeg 460w, https:\/\/infoecos.com.ar\/wp-content\/uploads\/2020\/12\/Pahuajo-1-920x613.jpeg 920w, https:\/\/infoecos.com.ar\/wp-content\/uploads\/2020\/12\/Pahuajo-1-768x512.jpeg 768w, https:\/\/infoecos.com.ar\/wp-content\/uploads\/2020\/12\/Pahuajo-1-1024x682.jpeg 1024w, https:\/\/infoecos.com.ar\/wp-content\/uploads\/2020\/12\/Pahuajo-1-675x450.jpeg 675w, https:\/\/infoecos.com.ar\/wp-content\/uploads\/2020\/12\/Pahuajo-1.jpeg 1280w\" sizes=\"(max-width: 460px) 100vw, 460px\" \/><\/figure><\/div>\n\n\n\n<p>Tras la firma del convenio, la Ministra se\u00f1al\u00f3 que: \u201cEste es el fuerte mandato que tenemos: vinimos a cambiar las prioridades, que hasta que lleg\u00f3 este gobierno eran favorecer a los sectores concentrados de la econom\u00eda. Hoy la prioridad es la mayor\u00eda del pueblo y eso tiene con ver con la vivienda, con la tierra, con el trabajo, con la salud, con la educaci\u00f3n y en nuestro caso con erradicar la violencia y promover la autonom\u00eda de las mujeres\u201d<\/p>\n\n\n\n<p>En este sentido, el Intendente de Pehuaj\u00f3 agradeci\u00f3 la presencia del Ministerio y remarc\u00f3: \u201cEstamos desarrollando una pol\u00edtica de g\u00e9nero muy importante que favorece a la mujer cuando es violentada, no solo f\u00edsicamente sino en todos sus aspectos. Celebro que este Gobierno haya instalado la cuesti\u00f3n de g\u00e9nero como una pol\u00edtica important\u00edsima m\u00e1s\u201d.<\/p>\n\n\n\n<p>La Ministra hizo un reconocimiento al Intendente Pablo Javier Zurro ya que Pehuaj\u00f3 es uno de los 10 municipios que cuenta con un \u00e1rea de g\u00e9nero con el rango de Secretar\u00eda: \u201cNosotras trabajamos mucho para que se jerarquicen las \u00e1reas de g\u00e9nero porque necesitamos que haya pol\u00edticas espec\u00edficas para la violencia, para la igualdad, para erradicar la discriminaci\u00f3n, pero adem\u00e1s que sea transversal la perspectiva de g\u00e9nero en el conjunto de las pol\u00edticas de gobierno\u201d.<\/p>\n\n\n\n<div class=\"wp-block-image\"><figure class=\"aligncenter size-medium\"><img loading=\"lazy\" decoding=\"async\" width=\"460\" height=\"307\" src=\"http:\/\/infoecos.com.ar\/wp-content\/uploads\/2020\/12\/Pehaujo-2-460x307.jpeg\" alt=\"\" class=\"wp-image-71349\" srcset=\"https:\/\/infoecos.com.ar\/wp-content\/uploads\/2020\/12\/Pehaujo-2-460x307.jpeg 460w, https:\/\/infoecos.com.ar\/wp-content\/uploads\/2020\/12\/Pehaujo-2-920x613.jpeg 920w, https:\/\/infoecos.com.ar\/wp-content\/uploads\/2020\/12\/Pehaujo-2-768x512.jpeg 768w, https:\/\/infoecos.com.ar\/wp-content\/uploads\/2020\/12\/Pehaujo-2-1024x682.jpeg 1024w, https:\/\/infoecos.com.ar\/wp-content\/uploads\/2020\/12\/Pehaujo-2-675x450.jpeg 675w, https:\/\/infoecos.com.ar\/wp-content\/uploads\/2020\/12\/Pehaujo-2.jpeg 1280w\" sizes=\"(max-width: 460px) 100vw, 460px\" \/><\/figure><\/div>\n\n\n\n<p>Luego de la firma del convenio, las autoridades visitaron el Sitio de las Mujeres, espacio abierto donde, desde 2018, se organizan todas las actividades de las organizaciones feministas y de la diversidad.<\/p>\n\n\n\n<p>Estuvieron presentes la Secretaria de Gobierno, Rosa Ron y la Directora de Juventudes, G\u00e9nero y Derechos Humanos, Valentina De Marco.<\/p>\n","protected":false},"excerpt":{"rendered":"<p>Convenio de cooperaci\u00f3n por el Fondo Especial de Emergencia para Violencias por Razones de G\u00e9nero, un dispositivo que propone hacer frente a las situaciones que reclamen asistencia y respuestas inmediatas<\/p>\n","protected":false},"author":2,"featured_media":71348,"comment_status":"closed","ping_status":"open","sticky":false,"template":"","format":"standard","meta":{"footnotes":""},"categories":[43],"tags":[2431],"class_list":["post-71347","post","type-post","status-publish","format-standard","has-post-thumbnail","hentry","category-inferior4","tag-fuerte-politica-de-genero"],"yoast_head":"<!-- This site is optimized with the Yoast SEO plugin v23.4 - https:\/\/yoast.com\/wordpress\/plugins\/seo\/ -->\n<title>La ministra Estela D\u00edaz tambi\u00e9n estuvo en Pehuaj\u00f3 y firm\u00f3 un convenio con el municipio - Infoecos<\/title>\n<meta name=\"robots\" content=\"index, follow, max-snippet:-1, max-image-preview:large, max-video-preview:-1\" \/>\n<link rel=\"canonical\" href=\"https:\/\/infoecos.com.ar\/index.php\/la-ministra-estela-diaz-tambien-estuvo-en-pehuajo-y-firmo-un-convenio-con-el-municipio\/\" \/>\n<meta property=\"og:locale\" content=\"es_ES\" \/>\n<meta property=\"og:type\" content=\"article\" \/>\n<meta property=\"og:title\" content=\"La ministra Estela D\u00edaz tambi\u00e9n estuvo en Pehuaj\u00f3 y firm\u00f3 un convenio con el municipio - Infoecos\" \/>\n<meta property=\"og:description\" content=\"Convenio de cooperaci\u00f3n por el Fondo Especial de Emergencia para Violencias por Razones de G\u00e9nero, un dispositivo que propone hacer frente a las situaciones que reclamen asistencia y respuestas inmediatas\" \/>\n<meta property=\"og:url\" content=\"https:\/\/infoecos.com.ar\/index.php\/la-ministra-estela-diaz-tambien-estuvo-en-pehuajo-y-firmo-un-convenio-con-el-municipio\/\" \/>\n<meta property=\"og:site_name\" content=\"Infoecos\" \/>\n<meta property=\"article:publisher\" content=\"https:\/\/www.facebook.com\/profile.php?id=100063200290284\" \/>\n<meta property=\"article:published_time\" content=\"2020-12-15T02:18:58+00:00\" \/>\n<meta property=\"article:modified_time\" content=\"2020-12-16T03:44:14+00:00\" \/>\n<meta property=\"og:image\" content=\"https:\/\/infoecos.com.ar\/wp-content\/uploads\/2020\/12\/Pahuajo-1.jpeg\" \/>\n\t<meta property=\"og:image:width\" content=\"1280\" \/>\n\t<meta property=\"og:image:height\" content=\"853\" \/>\n\t<meta property=\"og:image:type\" content=\"image\/jpeg\" \/>\n<meta name=\"author\" content=\"Jorge Matheus\" \/>\n<meta name=\"twitter:card\" content=\"summary_large_image\" \/>\n<meta name=\"twitter:creator\" content=\"@infoecos\" \/>\n<meta name=\"twitter:site\" content=\"@infoecos\" \/>\n<meta name=\"twitter:label1\" content=\"Escrito por\" \/>\n\t<meta name=\"twitter:data1\" content=\"Jorge Matheus\" \/>\n\t<meta name=\"twitter:label2\" content=\"Tiempo de lectura\" \/>\n\t<meta name=\"twitter:data2\" content=\"2 minutos\" \/>\n<script type=\"application\/ld+json\" class=\"yoast-schema-graph\">{\"@context\":\"https:\/\/schema.org\",\"@graph\":[{\"@type\":\"Article\",\"@id\":\"https:\/\/infoecos.com.ar\/index.php\/la-ministra-estela-diaz-tambien-estuvo-en-pehuajo-y-firmo-un-convenio-con-el-municipio\/#article\",\"isPartOf\":{\"@id\":\"https:\/\/infoecos.com.ar\/index.php\/la-ministra-estela-diaz-tambien-estuvo-en-pehuajo-y-firmo-un-convenio-con-el-municipio\/\"},\"author\":{\"name\":\"Jorge Matheus\",\"@id\":\"https:\/\/infoecos.com.ar\/#\/schema\/person\/8f5ace5ce73b4b4aac4b7245aee6f191\"},\"headline\":\"La ministra Estela D\u00edaz tambi\u00e9n estuvo en Pehuaj\u00f3 y firm\u00f3 un convenio con el municipio\",\"datePublished\":\"2020-12-15T02:18:58+00:00\",\"dateModified\":\"2020-12-16T03:44:14+00:00\",\"mainEntityOfPage\":{\"@id\":\"https:\/\/infoecos.com.ar\/index.php\/la-ministra-estela-diaz-tambien-estuvo-en-pehuajo-y-firmo-un-convenio-con-el-municipio\/\"},\"wordCount\":379,\"publisher\":{\"@id\":\"https:\/\/infoecos.com.ar\/#organization\"},\"image\":{\"@id\":\"https:\/\/infoecos.com.ar\/index.php\/la-ministra-estela-diaz-tambien-estuvo-en-pehuajo-y-firmo-un-convenio-con-el-municipio\/#primaryimage\"},\"thumbnailUrl\":\"https:\/\/infoecos.com.ar\/wp-content\/uploads\/2020\/12\/Pahuajo-1.jpeg\",\"keywords\":[\"fuerte pol\u00edtica de g\u00e9nero\"],\"articleSection\":[\"Bloque inferior - 4\"],\"inLanguage\":\"es\"},{\"@type\":\"WebPage\",\"@id\":\"https:\/\/infoecos.com.ar\/index.php\/la-ministra-estela-diaz-tambien-estuvo-en-pehuajo-y-firmo-un-convenio-con-el-municipio\/\",\"url\":\"https:\/\/infoecos.com.ar\/index.php\/la-ministra-estela-diaz-tambien-estuvo-en-pehuajo-y-firmo-un-convenio-con-el-municipio\/\",\"name\":\"La ministra Estela D\u00edaz tambi\u00e9n estuvo en Pehuaj\u00f3 y firm\u00f3 un convenio con el municipio - Infoecos\",\"isPartOf\":{\"@id\":\"https:\/\/infoecos.com.ar\/#website\"},\"primaryImageOfPage\":{\"@id\":\"https:\/\/infoecos.com.ar\/index.php\/la-ministra-estela-diaz-tambien-estuvo-en-pehuajo-y-firmo-un-convenio-con-el-municipio\/#primaryimage\"},\"image\":{\"@id\":\"https:\/\/infoecos.com.ar\/index.php\/la-ministra-estela-diaz-tambien-estuvo-en-pehuajo-y-firmo-un-convenio-con-el-municipio\/#primaryimage\"},\"thumbnailUrl\":\"https:\/\/infoecos.com.ar\/wp-content\/uploads\/2020\/12\/Pahuajo-1.jpeg\",\"datePublished\":\"2020-12-15T02:18:58+00:00\",\"dateModified\":\"2020-12-16T03:44:14+00:00\",\"breadcrumb\":{\"@id\":\"https:\/\/infoecos.com.ar\/index.php\/la-ministra-estela-diaz-tambien-estuvo-en-pehuajo-y-firmo-un-convenio-con-el-municipio\/#breadcrumb\"},\"inLanguage\":\"es\",\"potentialAction\":[{\"@type\":\"ReadAction\",\"target\":[\"https:\/\/infoecos.com.ar\/index.php\/la-ministra-estela-diaz-tambien-estuvo-en-pehuajo-y-firmo-un-convenio-con-el-municipio\/\"]}]},{\"@type\":\"ImageObject\",\"inLanguage\":\"es\",\"@id\":\"https:\/\/infoecos.com.ar\/index.php\/la-ministra-estela-diaz-tambien-estuvo-en-pehuajo-y-firmo-un-convenio-con-el-municipio\/#primaryimage\",\"url\":\"https:\/\/infoecos.com.ar\/wp-content\/uploads\/2020\/12\/Pahuajo-1.jpeg\",\"contentUrl\":\"https:\/\/infoecos.com.ar\/wp-content\/uploads\/2020\/12\/Pahuajo-1.jpeg\",\"width\":1280,\"height\":853},{\"@type\":\"BreadcrumbList\",\"@id\":\"https:\/\/infoecos.com.ar\/index.php\/la-ministra-estela-diaz-tambien-estuvo-en-pehuajo-y-firmo-un-convenio-con-el-municipio\/#breadcrumb\",\"itemListElement\":[{\"@type\":\"ListItem\",\"position\":1,\"name\":\"Portada\",\"item\":\"https:\/\/infoecos.com.ar\/\"},{\"@type\":\"ListItem\",\"position\":2,\"name\":\"La ministra Estela D\u00edaz tambi\u00e9n estuvo en Pehuaj\u00f3 y firm\u00f3 un convenio con el municipio\"}]},{\"@type\":\"WebSite\",\"@id\":\"https:\/\/infoecos.com.ar\/#website\",\"url\":\"https:\/\/infoecos.com.ar\/\",\"name\":\"Infoecos\",\"description\":\"Noticias de trenque lauquen y la zona\",\"publisher\":{\"@id\":\"https:\/\/infoecos.com.ar\/#organization\"},\"alternateName\":\"Noticias\",\"potentialAction\":[{\"@type\":\"SearchAction\",\"target\":{\"@type\":\"EntryPoint\",\"urlTemplate\":\"https:\/\/infoecos.com.ar\/?s={search_term_string}\"},\"query-input\":{\"@type\":\"PropertyValueSpecification\",\"valueRequired\":true,\"valueName\":\"search_term_string\"}}],\"inLanguage\":\"es\"},{\"@type\":\"Organization\",\"@id\":\"https:\/\/infoecos.com.ar\/#organization\",\"name\":\"Infoecos\",\"alternateName\":\"Noticias\",\"url\":\"https:\/\/infoecos.com.ar\/\",\"logo\":{\"@type\":\"ImageObject\",\"inLanguage\":\"es\",\"@id\":\"https:\/\/infoecos.com.ar\/#\/schema\/logo\/image\/\",\"url\":\"https:\/\/infoecos.com.ar\/wp-content\/uploads\/2024\/03\/cropped-logo.png\",\"contentUrl\":\"https:\/\/infoecos.com.ar\/wp-content\/uploads\/2024\/03\/cropped-logo.png\",\"width\":374,\"height\":90,\"caption\":\"Infoecos\"},\"image\":{\"@id\":\"https:\/\/infoecos.com.ar\/#\/schema\/logo\/image\/\"},\"sameAs\":[\"https:\/\/www.facebook.com\/profile.php?id=100063200290284\",\"https:\/\/x.com\/infoecos\"]},{\"@type\":\"Person\",\"@id\":\"https:\/\/infoecos.com.ar\/#\/schema\/person\/8f5ace5ce73b4b4aac4b7245aee6f191\",\"name\":\"Jorge Matheus\",\"url\":\"https:\/\/infoecos.com.ar\/index.php\/author\/jomatheus\/\"}]}<\/script>\n<!-- \/ Yoast SEO plugin. -->","yoast_head_json":{"title":"La ministra Estela D\u00edaz tambi\u00e9n estuvo en Pehuaj\u00f3 y firm\u00f3 un convenio con el municipio - Infoecos","robots":{"index":"index","follow":"follow","max-snippet":"max-snippet:-1","max-image-preview":"max-image-preview:large","max-video-preview":"max-video-preview:-1"},"canonical":"https:\/\/infoecos.com.ar\/index.php\/la-ministra-estela-diaz-tambien-estuvo-en-pehuajo-y-firmo-un-convenio-con-el-municipio\/","og_locale":"es_ES","og_type":"article","og_title":"La ministra Estela D\u00edaz tambi\u00e9n estuvo en Pehuaj\u00f3 y firm\u00f3 un convenio con el municipio - Infoecos","og_description":"Convenio de cooperaci\u00f3n por el Fondo Especial de Emergencia para Violencias por Razones de G\u00e9nero, un dispositivo que propone hacer frente a las situaciones que reclamen asistencia y respuestas inmediatas","og_url":"https:\/\/infoecos.com.ar\/index.php\/la-ministra-estela-diaz-tambien-estuvo-en-pehuajo-y-firmo-un-convenio-con-el-municipio\/","og_site_name":"Infoecos","article_publisher":"https:\/\/www.facebook.com\/profile.php?id=100063200290284","article_published_time":"2020-12-15T02:18:58+00:00","article_modified_time":"2020-12-16T03:44:14+00:00","og_image":[{"width":1280,"height":853,"url":"https:\/\/infoecos.com.ar\/wp-content\/uploads\/2020\/12\/Pahuajo-1.jpeg","type":"image\/jpeg"}],"author":"Jorge Matheus","twitter_card":"summary_large_image","twitter_creator":"@infoecos","twitter_site":"@infoecos","twitter_misc":{"Escrito por":"Jorge Matheus","Tiempo de lectura":"2 minutos"},"schema":{"@context":"https:\/\/schema.org","@graph":[{"@type":"Article","@id":"https:\/\/infoecos.com.ar\/index.php\/la-ministra-estela-diaz-tambien-estuvo-en-pehuajo-y-firmo-un-convenio-con-el-municipio\/#article","isPartOf":{"@id":"https:\/\/infoecos.com.ar\/index.php\/la-ministra-estela-diaz-tambien-estuvo-en-pehuajo-y-firmo-un-convenio-con-el-municipio\/"},"author":{"name":"Jorge Matheus","@id":"https:\/\/infoecos.com.ar\/#\/schema\/person\/8f5ace5ce73b4b4aac4b7245aee6f191"},"headline":"La ministra Estela D\u00edaz tambi\u00e9n estuvo en Pehuaj\u00f3 y firm\u00f3 un convenio con el municipio","datePublished":"2020-12-15T02:18:58+00:00","dateModified":"2020-12-16T03:44:14+00:00","mainEntityOfPage":{"@id":"https:\/\/infoecos.com.ar\/index.php\/la-ministra-estela-diaz-tambien-estuvo-en-pehuajo-y-firmo-un-convenio-con-el-municipio\/"},"wordCount":379,"publisher":{"@id":"https:\/\/infoecos.com.ar\/#organization"},"image":{"@id":"https:\/\/infoecos.com.ar\/index.php\/la-ministra-estela-diaz-tambien-estuvo-en-pehuajo-y-firmo-un-convenio-con-el-municipio\/#primaryimage"},"thumbnailUrl":"https:\/\/infoecos.com.ar\/wp-content\/uploads\/2020\/12\/Pahuajo-1.jpeg","keywords":["fuerte pol\u00edtica de g\u00e9nero"],"articleSection":["Bloque inferior - 4"],"inLanguage":"es"},{"@type":"WebPage","@id":"https:\/\/infoecos.com.ar\/index.php\/la-ministra-estela-diaz-tambien-estuvo-en-pehuajo-y-firmo-un-convenio-con-el-municipio\/","url":"https:\/\/infoecos.com.ar\/index.php\/la-ministra-estela-diaz-tambien-estuvo-en-pehuajo-y-firmo-un-convenio-con-el-municipio\/","name":"La ministra Estela D\u00edaz tambi\u00e9n estuvo en Pehuaj\u00f3 y firm\u00f3 un convenio con el municipio - Infoecos","isPartOf":{"@id":"https:\/\/infoecos.com.ar\/#website"},"primaryImageOfPage":{"@id":"https:\/\/infoecos.com.ar\/index.php\/la-ministra-estela-diaz-tambien-estuvo-en-pehuajo-y-firmo-un-convenio-con-el-municipio\/#primaryimage"},"image":{"@id":"https:\/\/infoecos.com.ar\/index.php\/la-ministra-estela-diaz-tambien-estuvo-en-pehuajo-y-firmo-un-convenio-con-el-municipio\/#primaryimage"},"thumbnailUrl":"https:\/\/infoecos.com.ar\/wp-content\/uploads\/2020\/12\/Pahuajo-1.jpeg","datePublished":"2020-12-15T02:18:58+00:00","dateModified":"2020-12-16T03:44:14+00:00","breadcrumb":{"@id":"https:\/\/infoecos.com.ar\/index.php\/la-ministra-estela-diaz-tambien-estuvo-en-pehuajo-y-firmo-un-convenio-con-el-municipio\/#breadcrumb"},"inLanguage":"es","potentialAction":[{"@type":"ReadAction","target":["https:\/\/infoecos.com.ar\/index.php\/la-ministra-estela-diaz-tambien-estuvo-en-pehuajo-y-firmo-un-convenio-con-el-municipio\/"]}]},{"@type":"ImageObject","inLanguage":"es","@id":"https:\/\/infoecos.com.ar\/index.php\/la-ministra-estela-diaz-tambien-estuvo-en-pehuajo-y-firmo-un-convenio-con-el-municipio\/#primaryimage","url":"https:\/\/infoecos.com.ar\/wp-content\/uploads\/2020\/12\/Pahuajo-1.jpeg","contentUrl":"https:\/\/infoecos.com.ar\/wp-content\/uploads\/2020\/12\/Pahuajo-1.jpeg","width":1280,"height":853},{"@type":"BreadcrumbList","@id":"https:\/\/infoecos.com.ar\/index.php\/la-ministra-estela-diaz-tambien-estuvo-en-pehuajo-y-firmo-un-convenio-con-el-municipio\/#breadcrumb","itemListElement":[{"@type":"ListItem","position":1,"name":"Portada","item":"https:\/\/infoecos.com.ar\/"},{"@type":"ListItem","position":2,"name":"La ministra Estela D\u00edaz tambi\u00e9n estuvo en Pehuaj\u00f3 y firm\u00f3 un convenio con el municipio"}]},{"@type":"WebSite","@id":"https:\/\/infoecos.com.ar\/#website","url":"https:\/\/infoecos.com.ar\/","name":"Infoecos","description":"Noticias de trenque lauquen y la zona","publisher":{"@id":"https:\/\/infoecos.com.ar\/#organization"},"alternateName":"Noticias","potentialAction":[{"@type":"SearchAction","target":{"@type":"EntryPoint","urlTemplate":"https:\/\/infoecos.com.ar\/?s={search_term_string}"},"query-input":{"@type":"PropertyValueSpecification","valueRequired":true,"valueName":"search_term_string"}}],"inLanguage":"es"},{"@type":"Organization","@id":"https:\/\/infoecos.com.ar\/#organization","name":"Infoecos","alternateName":"Noticias","url":"https:\/\/infoecos.com.ar\/","logo":{"@type":"ImageObject","inLanguage":"es","@id":"https:\/\/infoecos.com.ar\/#\/schema\/logo\/image\/","url":"https:\/\/infoecos.com.ar\/wp-content\/uploads\/2024\/03\/cropped-logo.png","contentUrl":"https:\/\/infoecos.com.ar\/wp-content\/uploads\/2024\/03\/cropped-logo.png","width":374,"height":90,"caption":"Infoecos"},"image":{"@id":"https:\/\/infoecos.com.ar\/#\/schema\/logo\/image\/"},"sameAs":["https:\/\/www.facebook.com\/profile.php?id=100063200290284","https:\/\/x.com\/infoecos"]},{"@type":"Person","@id":"https:\/\/infoecos.com.ar\/#\/schema\/person\/8f5ace5ce73b4b4aac4b7245aee6f191","name":"Jorge Matheus","url":"https:\/\/infoecos.com.ar\/index.php\/author\/jomatheus\/"}]}},"featured_image_urls":{"full":["https:\/\/infoecos.com.ar\/wp-content\/uploads\/2020\/12\/Pahuajo-1.jpeg",1280,853,false],"thumbnail":["https:\/\/infoecos.com.ar\/wp-content\/uploads\/2020\/12\/Pahuajo-1-150x150.jpeg",150,150,true],"medium":["https:\/\/infoecos.com.ar\/wp-content\/uploads\/2020\/12\/Pahuajo-1-460x307.jpeg",460,307,true],"medium_large":["https:\/\/infoecos.com.ar\/wp-content\/uploads\/2020\/12\/Pahuajo-1-768x512.jpeg",640,427,true],"large":["https:\/\/infoecos.com.ar\/wp-content\/uploads\/2020\/12\/Pahuajo-1-920x613.jpeg",640,426,true],"1536x1536":["https:\/\/infoecos.com.ar\/wp-content\/uploads\/2020\/12\/Pahuajo-1.jpeg",1280,853,false],"2048x2048":["https:\/\/infoecos.com.ar\/wp-content\/uploads\/2020\/12\/Pahuajo-1.jpeg",1280,853,false],"covernews-slider-full":["https:\/\/infoecos.com.ar\/wp-content\/uploads\/2020\/12\/Pahuajo-1.jpeg",1073,715,false],"covernews-slider-center":["https:\/\/infoecos.com.ar\/wp-content\/uploads\/2020\/12\/Pahuajo-1-936x853.jpeg",549,500,true],"covernews-featured":["https:\/\/infoecos.com.ar\/wp-content\/uploads\/2020\/12\/Pahuajo-1-1024x682.jpeg",1024,682,true],"covernews-medium":["https:\/\/infoecos.com.ar\/wp-content\/uploads\/2020\/12\/Pahuajo-1-720x380.jpeg",540,285,true],"covernews-medium-square":["https:\/\/infoecos.com.ar\/wp-content\/uploads\/2020\/12\/Pahuajo-1-675x450.jpeg",375,250,true]},"author_info":{"info":["Jorge Matheus"]},"category_info":"<a href=\"https:\/\/infoecos.com.ar\/index.php\/category\/inferior4\/\" rel=\"category tag\">Bloque inferior - 4<\/a>","tag_info":"Bloque inferior - 4","comment_count":"0","_links":{"self":[{"href":"https:\/\/infoecos.com.ar\/index.php\/wp-json\/wp\/v2\/posts\/71347"}],"collection":[{"href":"https:\/\/infoecos.com.ar\/index.php\/wp-json\/wp\/v2\/posts"}],"about":[{"href":"https:\/\/infoecos.com.ar\/index.php\/wp-json\/wp\/v2\/types\/post"}],"author":[{"embeddable":true,"href":"https:\/\/infoecos.com.ar\/index.php\/wp-json\/wp\/v2\/users\/2"}],"replies":[{"embeddable":true,"href":"https:\/\/infoecos.com.ar\/index.php\/wp-json\/wp\/v2\/comments?post=71347"}],"version-history":[{"count":1,"href":"https:\/\/infoecos.com.ar\/index.php\/wp-json\/wp\/v2\/posts\/71347\/revisions"}],"predecessor-version":[{"id":71350,"href":"https:\/\/infoecos.com.ar\/index.php\/wp-json\/wp\/v2\/posts\/71347\/revisions\/71350"}],"wp:featuredmedia":[{"embeddable":true,"href":"https:\/\/infoecos.com.ar\/index.php\/wp-json\/wp\/v2\/media\/71348"}],"wp:attachment":[{"href":"https:\/\/infoecos.com.ar\/index.php\/wp-json\/wp\/v2\/media?parent=71347"}],"wp:term":[{"taxonomy":"category","embeddable":true,"href":"https:\/\/infoecos.com.ar\/index.php\/wp-json\/wp\/v2\/categories?post=71347"},{"taxonomy":"post_tag","embeddable":true,"href":"https:\/\/infoecos.com.ar\/index.php\/wp-json\/wp\/v2\/tags?post=71347"}],"curies":[{"name":"wp","href":"https:\/\/api.w.org\/{rel}","templated":true}]}}