{"id":71431,"date":"2020-12-16T00:37:41","date_gmt":"2020-12-16T03:37:41","guid":{"rendered":"http:\/\/infoecos.com.ar\/?p=71431"},"modified":"2020-12-16T16:34:50","modified_gmt":"2020-12-16T19:34:50","slug":"bianco-eue-el-jefe-de-gabinete-vaya-cinco-veces-en-un-ano-a-la-legislatura-es-una-victoria-de-la-democracia","status":"publish","type":"post","link":"https:\/\/infoecos.com.ar\/index.php\/bianco-eue-el-jefe-de-gabinete-vaya-cinco-veces-en-un-ano-a-la-legislatura-es-una-victoria-de-la-democracia\/","title":{"rendered":"Bianco: \u00abQue el jefe de Gabinete vaya cinco veces en un a\u00f1o a la Legislatura es una victoria de la democracia\u201d"},"content":{"rendered":"\n<p>El jefe de Gabinete bonaerense,&nbsp;<a href=\"https:\/\/diputadosbsas.com.ar\/tag\/138820\/Carlos%20Bianco\"><strong>Carlos Bianco<\/strong><\/a>,&nbsp;<strong>present\u00f3 este martes su quinto informe&nbsp;<\/strong>de gesti\u00f3n ante la<strong>&nbsp;<a href=\"https:\/\/diputadosbsas.com.ar\/tag\/276356\/Bicameral%20de%20las%20Emergencias\">Bicameral de Seguimiento, Fiscalizaci\u00f3n y Control para las Emergencias<\/a>&nbsp;que<\/strong>, adem\u00e1s de evacuar consultas,<strong>&nbsp;sirvi\u00f3 para trazar un balance del trabajo que realiz\u00f3 el cuerpo en plena pandemia de coronavirus.<\/strong><\/p>\n\n\n\n<div class=\"wp-block-image\"><figure class=\"aligncenter size-large\"><img loading=\"lazy\" decoding=\"async\" width=\"880\" height=\"586\" src=\"http:\/\/infoecos.com.ar\/wp-content\/uploads\/2020\/12\/20201215195211_15_12_20_carlos_bianco_bicameral_legislatura.jpg\" alt=\"\" class=\"wp-image-71432\" srcset=\"https:\/\/infoecos.com.ar\/wp-content\/uploads\/2020\/12\/20201215195211_15_12_20_carlos_bianco_bicameral_legislatura.jpg 880w, https:\/\/infoecos.com.ar\/wp-content\/uploads\/2020\/12\/20201215195211_15_12_20_carlos_bianco_bicameral_legislatura-460x306.jpg 460w, https:\/\/infoecos.com.ar\/wp-content\/uploads\/2020\/12\/20201215195211_15_12_20_carlos_bianco_bicameral_legislatura-768x511.jpg 768w, https:\/\/infoecos.com.ar\/wp-content\/uploads\/2020\/12\/20201215195211_15_12_20_carlos_bianco_bicameral_legislatura-675x450.jpg 675w\" sizes=\"(max-width: 880px) 100vw, 880px\" \/><\/figure><\/div>\n\n\n\n<p>\u201cCerramos un a\u00f1o presentando el informe bimestral como dice la ley. Hay que destacar que el gobernador (<a href=\"https:\/\/diputadosbsas.com.ar\/tag\/18271\/Axel%20Kicillof\"><strong>Axel Kicillof<\/strong><\/a>) resolvi\u00f3 que yo venga de manera presencial aunque no es una obligaci\u00f3n.<strong>&nbsp;Que el jefe de Gabinete vaya cinco veces en un a\u00f1o a la Legislatura es una victoria de la democracia<\/strong>\u201d, sostuvo.<\/p>\n\n\n\n<p>Desde el recinto de la<strong>&nbsp;<a href=\"https:\/\/diputadosbsas.com.ar\/tag\/109\/Senado%20bonaerense\">C\u00e1mara de Senadores<\/a><\/strong>&nbsp;Bianco&nbsp;<strong>respondi\u00f3 a las preguntas de los legisladores opositores<\/strong>&nbsp;que con anticipaci\u00f3n presentaron las inquietudes por escrito sobre el&nbsp;<strong>operativo de vacunaci\u00f3n, la temporada de verano, la asistencia a municipios y los trabajos realizados en escuelas<\/strong>, entre otros.<\/p>\n\n\n\n<p>\u201cCreemos que (la Bicameral) es un mecanismo muy v\u00e1lido en un a\u00f1o at\u00edpico y muy duro como este. Me parece que estamos llegando a un fin de a\u00f1o que no esper\u00e1bamos pero tenemos que seguir trabajando cuid\u00e1ndonos porque la prioridad absoluta sigue siendo la salud de los bonaerenses y porque la pandemia no termin\u00f3\u201d, destac\u00f3.<\/p>\n\n\n\n<p>El&nbsp;<strong>informe de 58 p\u00e1ginas<\/strong>&nbsp;que present\u00f3 el jefe de Gabinete&nbsp;<strong>repas\u00f3 las medidas que tom\u00f3 el Gobierno bonaerense durante el a\u00f1o<\/strong>, en materia de salud, de asistencia&nbsp; trav\u00e9s del Bapro y ARBA, de obras de vialidad e infraestructura, de trabajos en escuelas y de&nbsp;<strong>acompa\u00f1amiento a los 135 municipios bonaerenses<\/strong>.<\/p>\n\n\n\n<p>\u201c<strong>Cerramos el a\u00f1o cumpliendo un hito para la provincia, que si bien no est\u00e1 en la constituci\u00f3n, el jefe de Gabinete vino cinco veces a la Legislatura<\/strong>. Sin embargo, hay una instrucci\u00f3n del Gobernador de generar las mayores condiciones de acceso a la informaci\u00f3n p\u00fablica\u201d, resalt\u00f3 el senador&nbsp;<strong><a href=\"https:\/\/diputadosbsas.com.ar\/tag\/76142\/Francisco%20Dura%C3%B1ona\">Francisco Dura\u00f1ona<\/a><\/strong><\/p>\n\n\n\n<div class=\"wp-block-image\"><figure class=\"aligncenter size-large\"><img loading=\"lazy\" decoding=\"async\" width=\"360\" height=\"240\" src=\"http:\/\/infoecos.com.ar\/wp-content\/uploads\/2020\/12\/EpTxsazXYAAdHOO.jpg\" alt=\"\" class=\"wp-image-71434\"\/><\/figure><\/div>\n\n\n\n<p>\u201cLos representantes del bloque opositor se quedaron muy conforme en todos los casos. Adem\u00e1s,&nbsp;<strong>participaron diferentes entidades, gremios, y legisladores que no formaban parte de la Bicameral.&nbsp;<\/strong>Esun gran avance en materia de di\u00e1logo, no es cierto que solo estamos peleando y abriendo la grieta\u201d, remarc\u00f3&nbsp;<strong>Dura\u00f1ona<\/strong>.<\/p>\n\n\n\n<p><strong>Fuente: diputadosbsas.com.ar<\/strong><\/p>\n","protected":false},"excerpt":{"rendered":"<p>El jefe de Gabinete bonaerense, Carlos Bianco, present\u00f3 este martes su quinto informe de gesti\u00f3n ante la Bicameral de Seguimiento, Fiscalizaci\u00f3n y Control para las Emergencias<\/p>\n","protected":false},"author":2,"featured_media":71434,"comment_status":"closed","ping_status":"open","sticky":false,"template":"","format":"standard","meta":{"footnotes":""},"categories":[1330],"tags":[1736],"class_list":["post-71431","post","type-post","status-publish","format-standard","has-post-thumbnail","hentry","category-inferior10","tag-politica-buenos-aires-2"],"yoast_head":"<!-- This site is optimized with the Yoast SEO plugin v23.4 - https:\/\/yoast.com\/wordpress\/plugins\/seo\/ -->\n<title>Bianco: &quot;Que el jefe de Gabinete vaya cinco veces en un a\u00f1o a la Legislatura es una victoria de la democracia\u201d - Infoecos<\/title>\n<meta name=\"robots\" content=\"index, follow, max-snippet:-1, max-image-preview:large, max-video-preview:-1\" \/>\n<link rel=\"canonical\" href=\"https:\/\/infoecos.com.ar\/index.php\/bianco-eue-el-jefe-de-gabinete-vaya-cinco-veces-en-un-ano-a-la-legislatura-es-una-victoria-de-la-democracia\/\" \/>\n<meta property=\"og:locale\" content=\"es_ES\" \/>\n<meta property=\"og:type\" content=\"article\" \/>\n<meta property=\"og:title\" content=\"Bianco: &quot;Que el jefe de Gabinete vaya cinco veces en un a\u00f1o a la Legislatura es una victoria de la democracia\u201d - Infoecos\" \/>\n<meta property=\"og:description\" content=\"El jefe de Gabinete bonaerense, Carlos Bianco, present\u00f3 este martes su quinto informe de gesti\u00f3n ante la Bicameral de Seguimiento, Fiscalizaci\u00f3n y Control para las Emergencias\" \/>\n<meta property=\"og:url\" content=\"https:\/\/infoecos.com.ar\/index.php\/bianco-eue-el-jefe-de-gabinete-vaya-cinco-veces-en-un-ano-a-la-legislatura-es-una-victoria-de-la-democracia\/\" \/>\n<meta property=\"og:site_name\" content=\"Infoecos\" \/>\n<meta property=\"article:publisher\" content=\"https:\/\/www.facebook.com\/profile.php?id=100063200290284\" \/>\n<meta property=\"article:published_time\" content=\"2020-12-16T03:37:41+00:00\" \/>\n<meta property=\"article:modified_time\" content=\"2020-12-16T19:34:50+00:00\" \/>\n<meta property=\"og:image\" content=\"https:\/\/infoecos.com.ar\/wp-content\/uploads\/2020\/12\/EpTxsazXYAAdHOO.jpg\" \/>\n\t<meta property=\"og:image:width\" content=\"360\" \/>\n\t<meta property=\"og:image:height\" content=\"240\" \/>\n\t<meta property=\"og:image:type\" content=\"image\/jpeg\" \/>\n<meta name=\"author\" content=\"Jorge Matheus\" \/>\n<meta name=\"twitter:card\" content=\"summary_large_image\" \/>\n<meta name=\"twitter:creator\" content=\"@infoecos\" \/>\n<meta name=\"twitter:site\" content=\"@infoecos\" \/>\n<meta name=\"twitter:label1\" content=\"Escrito por\" \/>\n\t<meta name=\"twitter:data1\" content=\"Jorge Matheus\" \/>\n\t<meta name=\"twitter:label2\" content=\"Tiempo de lectura\" \/>\n\t<meta name=\"twitter:data2\" content=\"2 minutos\" \/>\n<script type=\"application\/ld+json\" class=\"yoast-schema-graph\">{\"@context\":\"https:\/\/schema.org\",\"@graph\":[{\"@type\":\"Article\",\"@id\":\"https:\/\/infoecos.com.ar\/index.php\/bianco-eue-el-jefe-de-gabinete-vaya-cinco-veces-en-un-ano-a-la-legislatura-es-una-victoria-de-la-democracia\/#article\",\"isPartOf\":{\"@id\":\"https:\/\/infoecos.com.ar\/index.php\/bianco-eue-el-jefe-de-gabinete-vaya-cinco-veces-en-un-ano-a-la-legislatura-es-una-victoria-de-la-democracia\/\"},\"author\":{\"name\":\"Jorge Matheus\",\"@id\":\"https:\/\/infoecos.com.ar\/#\/schema\/person\/8f5ace5ce73b4b4aac4b7245aee6f191\"},\"headline\":\"Bianco: \u00abQue el jefe de Gabinete vaya cinco veces en un a\u00f1o a la Legislatura es una victoria de la democracia\u201d\",\"datePublished\":\"2020-12-16T03:37:41+00:00\",\"dateModified\":\"2020-12-16T19:34:50+00:00\",\"mainEntityOfPage\":{\"@id\":\"https:\/\/infoecos.com.ar\/index.php\/bianco-eue-el-jefe-de-gabinete-vaya-cinco-veces-en-un-ano-a-la-legislatura-es-una-victoria-de-la-democracia\/\"},\"wordCount\":421,\"publisher\":{\"@id\":\"https:\/\/infoecos.com.ar\/#organization\"},\"image\":{\"@id\":\"https:\/\/infoecos.com.ar\/index.php\/bianco-eue-el-jefe-de-gabinete-vaya-cinco-veces-en-un-ano-a-la-legislatura-es-una-victoria-de-la-democracia\/#primaryimage\"},\"thumbnailUrl\":\"https:\/\/infoecos.com.ar\/wp-content\/uploads\/2020\/12\/EpTxsazXYAAdHOO.jpg\",\"keywords\":[\"POL\u00cdTICA BUENOS AIRES\"],\"articleSection\":[\"Bloque inferior - 10\"],\"inLanguage\":\"es\"},{\"@type\":\"WebPage\",\"@id\":\"https:\/\/infoecos.com.ar\/index.php\/bianco-eue-el-jefe-de-gabinete-vaya-cinco-veces-en-un-ano-a-la-legislatura-es-una-victoria-de-la-democracia\/\",\"url\":\"https:\/\/infoecos.com.ar\/index.php\/bianco-eue-el-jefe-de-gabinete-vaya-cinco-veces-en-un-ano-a-la-legislatura-es-una-victoria-de-la-democracia\/\",\"name\":\"Bianco: \\\"Que el jefe de Gabinete vaya cinco veces en un a\u00f1o a la Legislatura es una victoria de la democracia\u201d - Infoecos\",\"isPartOf\":{\"@id\":\"https:\/\/infoecos.com.ar\/#website\"},\"primaryImageOfPage\":{\"@id\":\"https:\/\/infoecos.com.ar\/index.php\/bianco-eue-el-jefe-de-gabinete-vaya-cinco-veces-en-un-ano-a-la-legislatura-es-una-victoria-de-la-democracia\/#primaryimage\"},\"image\":{\"@id\":\"https:\/\/infoecos.com.ar\/index.php\/bianco-eue-el-jefe-de-gabinete-vaya-cinco-veces-en-un-ano-a-la-legislatura-es-una-victoria-de-la-democracia\/#primaryimage\"},\"thumbnailUrl\":\"https:\/\/infoecos.com.ar\/wp-content\/uploads\/2020\/12\/EpTxsazXYAAdHOO.jpg\",\"datePublished\":\"2020-12-16T03:37:41+00:00\",\"dateModified\":\"2020-12-16T19:34:50+00:00\",\"breadcrumb\":{\"@id\":\"https:\/\/infoecos.com.ar\/index.php\/bianco-eue-el-jefe-de-gabinete-vaya-cinco-veces-en-un-ano-a-la-legislatura-es-una-victoria-de-la-democracia\/#breadcrumb\"},\"inLanguage\":\"es\",\"potentialAction\":[{\"@type\":\"ReadAction\",\"target\":[\"https:\/\/infoecos.com.ar\/index.php\/bianco-eue-el-jefe-de-gabinete-vaya-cinco-veces-en-un-ano-a-la-legislatura-es-una-victoria-de-la-democracia\/\"]}]},{\"@type\":\"ImageObject\",\"inLanguage\":\"es\",\"@id\":\"https:\/\/infoecos.com.ar\/index.php\/bianco-eue-el-jefe-de-gabinete-vaya-cinco-veces-en-un-ano-a-la-legislatura-es-una-victoria-de-la-democracia\/#primaryimage\",\"url\":\"https:\/\/infoecos.com.ar\/wp-content\/uploads\/2020\/12\/EpTxsazXYAAdHOO.jpg\",\"contentUrl\":\"https:\/\/infoecos.com.ar\/wp-content\/uploads\/2020\/12\/EpTxsazXYAAdHOO.jpg\",\"width\":360,\"height\":240},{\"@type\":\"BreadcrumbList\",\"@id\":\"https:\/\/infoecos.com.ar\/index.php\/bianco-eue-el-jefe-de-gabinete-vaya-cinco-veces-en-un-ano-a-la-legislatura-es-una-victoria-de-la-democracia\/#breadcrumb\",\"itemListElement\":[{\"@type\":\"ListItem\",\"position\":1,\"name\":\"Portada\",\"item\":\"https:\/\/infoecos.com.ar\/\"},{\"@type\":\"ListItem\",\"position\":2,\"name\":\"Bianco: \u00abQue el jefe de Gabinete vaya cinco veces en un a\u00f1o a la Legislatura es una victoria de la democracia\u201d\"}]},{\"@type\":\"WebSite\",\"@id\":\"https:\/\/infoecos.com.ar\/#website\",\"url\":\"https:\/\/infoecos.com.ar\/\",\"name\":\"Infoecos\",\"description\":\"Noticias de trenque lauquen y la zona\",\"publisher\":{\"@id\":\"https:\/\/infoecos.com.ar\/#organization\"},\"alternateName\":\"Noticias\",\"potentialAction\":[{\"@type\":\"SearchAction\",\"target\":{\"@type\":\"EntryPoint\",\"urlTemplate\":\"https:\/\/infoecos.com.ar\/?s={search_term_string}\"},\"query-input\":{\"@type\":\"PropertyValueSpecification\",\"valueRequired\":true,\"valueName\":\"search_term_string\"}}],\"inLanguage\":\"es\"},{\"@type\":\"Organization\",\"@id\":\"https:\/\/infoecos.com.ar\/#organization\",\"name\":\"Infoecos\",\"alternateName\":\"Noticias\",\"url\":\"https:\/\/infoecos.com.ar\/\",\"logo\":{\"@type\":\"ImageObject\",\"inLanguage\":\"es\",\"@id\":\"https:\/\/infoecos.com.ar\/#\/schema\/logo\/image\/\",\"url\":\"https:\/\/infoecos.com.ar\/wp-content\/uploads\/2024\/03\/cropped-logo.png\",\"contentUrl\":\"https:\/\/infoecos.com.ar\/wp-content\/uploads\/2024\/03\/cropped-logo.png\",\"width\":374,\"height\":90,\"caption\":\"Infoecos\"},\"image\":{\"@id\":\"https:\/\/infoecos.com.ar\/#\/schema\/logo\/image\/\"},\"sameAs\":[\"https:\/\/www.facebook.com\/profile.php?id=100063200290284\",\"https:\/\/x.com\/infoecos\"]},{\"@type\":\"Person\",\"@id\":\"https:\/\/infoecos.com.ar\/#\/schema\/person\/8f5ace5ce73b4b4aac4b7245aee6f191\",\"name\":\"Jorge Matheus\",\"url\":\"https:\/\/infoecos.com.ar\/index.php\/author\/jomatheus\/\"}]}<\/script>\n<!-- \/ Yoast SEO plugin. -->","yoast_head_json":{"title":"Bianco: \"Que el jefe de Gabinete vaya cinco veces en un a\u00f1o a la Legislatura es una victoria de la democracia\u201d - Infoecos","robots":{"index":"index","follow":"follow","max-snippet":"max-snippet:-1","max-image-preview":"max-image-preview:large","max-video-preview":"max-video-preview:-1"},"canonical":"https:\/\/infoecos.com.ar\/index.php\/bianco-eue-el-jefe-de-gabinete-vaya-cinco-veces-en-un-ano-a-la-legislatura-es-una-victoria-de-la-democracia\/","og_locale":"es_ES","og_type":"article","og_title":"Bianco: \"Que el jefe de Gabinete vaya cinco veces en un a\u00f1o a la Legislatura es una victoria de la democracia\u201d - Infoecos","og_description":"El jefe de Gabinete bonaerense, Carlos Bianco, present\u00f3 este martes su quinto informe de gesti\u00f3n ante la Bicameral de Seguimiento, Fiscalizaci\u00f3n y Control para las Emergencias","og_url":"https:\/\/infoecos.com.ar\/index.php\/bianco-eue-el-jefe-de-gabinete-vaya-cinco-veces-en-un-ano-a-la-legislatura-es-una-victoria-de-la-democracia\/","og_site_name":"Infoecos","article_publisher":"https:\/\/www.facebook.com\/profile.php?id=100063200290284","article_published_time":"2020-12-16T03:37:41+00:00","article_modified_time":"2020-12-16T19:34:50+00:00","og_image":[{"width":360,"height":240,"url":"https:\/\/infoecos.com.ar\/wp-content\/uploads\/2020\/12\/EpTxsazXYAAdHOO.jpg","type":"image\/jpeg"}],"author":"Jorge Matheus","twitter_card":"summary_large_image","twitter_creator":"@infoecos","twitter_site":"@infoecos","twitter_misc":{"Escrito por":"Jorge Matheus","Tiempo de lectura":"2 minutos"},"schema":{"@context":"https:\/\/schema.org","@graph":[{"@type":"Article","@id":"https:\/\/infoecos.com.ar\/index.php\/bianco-eue-el-jefe-de-gabinete-vaya-cinco-veces-en-un-ano-a-la-legislatura-es-una-victoria-de-la-democracia\/#article","isPartOf":{"@id":"https:\/\/infoecos.com.ar\/index.php\/bianco-eue-el-jefe-de-gabinete-vaya-cinco-veces-en-un-ano-a-la-legislatura-es-una-victoria-de-la-democracia\/"},"author":{"name":"Jorge Matheus","@id":"https:\/\/infoecos.com.ar\/#\/schema\/person\/8f5ace5ce73b4b4aac4b7245aee6f191"},"headline":"Bianco: \u00abQue el jefe de Gabinete vaya cinco veces en un a\u00f1o a la Legislatura es una victoria de la democracia\u201d","datePublished":"2020-12-16T03:37:41+00:00","dateModified":"2020-12-16T19:34:50+00:00","mainEntityOfPage":{"@id":"https:\/\/infoecos.com.ar\/index.php\/bianco-eue-el-jefe-de-gabinete-vaya-cinco-veces-en-un-ano-a-la-legislatura-es-una-victoria-de-la-democracia\/"},"wordCount":421,"publisher":{"@id":"https:\/\/infoecos.com.ar\/#organization"},"image":{"@id":"https:\/\/infoecos.com.ar\/index.php\/bianco-eue-el-jefe-de-gabinete-vaya-cinco-veces-en-un-ano-a-la-legislatura-es-una-victoria-de-la-democracia\/#primaryimage"},"thumbnailUrl":"https:\/\/infoecos.com.ar\/wp-content\/uploads\/2020\/12\/EpTxsazXYAAdHOO.jpg","keywords":["POL\u00cdTICA BUENOS AIRES"],"articleSection":["Bloque inferior - 10"],"inLanguage":"es"},{"@type":"WebPage","@id":"https:\/\/infoecos.com.ar\/index.php\/bianco-eue-el-jefe-de-gabinete-vaya-cinco-veces-en-un-ano-a-la-legislatura-es-una-victoria-de-la-democracia\/","url":"https:\/\/infoecos.com.ar\/index.php\/bianco-eue-el-jefe-de-gabinete-vaya-cinco-veces-en-un-ano-a-la-legislatura-es-una-victoria-de-la-democracia\/","name":"Bianco: \"Que el jefe de Gabinete vaya cinco veces en un a\u00f1o a la Legislatura es una victoria de la democracia\u201d - Infoecos","isPartOf":{"@id":"https:\/\/infoecos.com.ar\/#website"},"primaryImageOfPage":{"@id":"https:\/\/infoecos.com.ar\/index.php\/bianco-eue-el-jefe-de-gabinete-vaya-cinco-veces-en-un-ano-a-la-legislatura-es-una-victoria-de-la-democracia\/#primaryimage"},"image":{"@id":"https:\/\/infoecos.com.ar\/index.php\/bianco-eue-el-jefe-de-gabinete-vaya-cinco-veces-en-un-ano-a-la-legislatura-es-una-victoria-de-la-democracia\/#primaryimage"},"thumbnailUrl":"https:\/\/infoecos.com.ar\/wp-content\/uploads\/2020\/12\/EpTxsazXYAAdHOO.jpg","datePublished":"2020-12-16T03:37:41+00:00","dateModified":"2020-12-16T19:34:50+00:00","breadcrumb":{"@id":"https:\/\/infoecos.com.ar\/index.php\/bianco-eue-el-jefe-de-gabinete-vaya-cinco-veces-en-un-ano-a-la-legislatura-es-una-victoria-de-la-democracia\/#breadcrumb"},"inLanguage":"es","potentialAction":[{"@type":"ReadAction","target":["https:\/\/infoecos.com.ar\/index.php\/bianco-eue-el-jefe-de-gabinete-vaya-cinco-veces-en-un-ano-a-la-legislatura-es-una-victoria-de-la-democracia\/"]}]},{"@type":"ImageObject","inLanguage":"es","@id":"https:\/\/infoecos.com.ar\/index.php\/bianco-eue-el-jefe-de-gabinete-vaya-cinco-veces-en-un-ano-a-la-legislatura-es-una-victoria-de-la-democracia\/#primaryimage","url":"https:\/\/infoecos.com.ar\/wp-content\/uploads\/2020\/12\/EpTxsazXYAAdHOO.jpg","contentUrl":"https:\/\/infoecos.com.ar\/wp-content\/uploads\/2020\/12\/EpTxsazXYAAdHOO.jpg","width":360,"height":240},{"@type":"BreadcrumbList","@id":"https:\/\/infoecos.com.ar\/index.php\/bianco-eue-el-jefe-de-gabinete-vaya-cinco-veces-en-un-ano-a-la-legislatura-es-una-victoria-de-la-democracia\/#breadcrumb","itemListElement":[{"@type":"ListItem","position":1,"name":"Portada","item":"https:\/\/infoecos.com.ar\/"},{"@type":"ListItem","position":2,"name":"Bianco: \u00abQue el jefe de Gabinete vaya cinco veces en un a\u00f1o a la Legislatura es una victoria de la democracia\u201d"}]},{"@type":"WebSite","@id":"https:\/\/infoecos.com.ar\/#website","url":"https:\/\/infoecos.com.ar\/","name":"Infoecos","description":"Noticias de trenque lauquen y la zona","publisher":{"@id":"https:\/\/infoecos.com.ar\/#organization"},"alternateName":"Noticias","potentialAction":[{"@type":"SearchAction","target":{"@type":"EntryPoint","urlTemplate":"https:\/\/infoecos.com.ar\/?s={search_term_string}"},"query-input":{"@type":"PropertyValueSpecification","valueRequired":true,"valueName":"search_term_string"}}],"inLanguage":"es"},{"@type":"Organization","@id":"https:\/\/infoecos.com.ar\/#organization","name":"Infoecos","alternateName":"Noticias","url":"https:\/\/infoecos.com.ar\/","logo":{"@type":"ImageObject","inLanguage":"es","@id":"https:\/\/infoecos.com.ar\/#\/schema\/logo\/image\/","url":"https:\/\/infoecos.com.ar\/wp-content\/uploads\/2024\/03\/cropped-logo.png","contentUrl":"https:\/\/infoecos.com.ar\/wp-content\/uploads\/2024\/03\/cropped-logo.png","width":374,"height":90,"caption":"Infoecos"},"image":{"@id":"https:\/\/infoecos.com.ar\/#\/schema\/logo\/image\/"},"sameAs":["https:\/\/www.facebook.com\/profile.php?id=100063200290284","https:\/\/x.com\/infoecos"]},{"@type":"Person","@id":"https:\/\/infoecos.com.ar\/#\/schema\/person\/8f5ace5ce73b4b4aac4b7245aee6f191","name":"Jorge Matheus","url":"https:\/\/infoecos.com.ar\/index.php\/author\/jomatheus\/"}]}},"featured_image_urls":{"full":["https:\/\/infoecos.com.ar\/wp-content\/uploads\/2020\/12\/EpTxsazXYAAdHOO.jpg",360,240,false],"thumbnail":["https:\/\/infoecos.com.ar\/wp-content\/uploads\/2020\/12\/EpTxsazXYAAdHOO-150x150.jpg",150,150,true],"medium":["https:\/\/infoecos.com.ar\/wp-content\/uploads\/2020\/12\/EpTxsazXYAAdHOO.jpg",360,240,false],"medium_large":["https:\/\/infoecos.com.ar\/wp-content\/uploads\/2020\/12\/EpTxsazXYAAdHOO.jpg",360,240,false],"large":["https:\/\/infoecos.com.ar\/wp-content\/uploads\/2020\/12\/EpTxsazXYAAdHOO.jpg",360,240,false],"1536x1536":["https:\/\/infoecos.com.ar\/wp-content\/uploads\/2020\/12\/EpTxsazXYAAdHOO.jpg",360,240,false],"2048x2048":["https:\/\/infoecos.com.ar\/wp-content\/uploads\/2020\/12\/EpTxsazXYAAdHOO.jpg",360,240,false],"covernews-slider-full":["https:\/\/infoecos.com.ar\/wp-content\/uploads\/2020\/12\/EpTxsazXYAAdHOO.jpg",360,240,false],"covernews-slider-center":["https:\/\/infoecos.com.ar\/wp-content\/uploads\/2020\/12\/EpTxsazXYAAdHOO.jpg",360,240,false],"covernews-featured":["https:\/\/infoecos.com.ar\/wp-content\/uploads\/2020\/12\/EpTxsazXYAAdHOO.jpg",360,240,false],"covernews-medium":["https:\/\/infoecos.com.ar\/wp-content\/uploads\/2020\/12\/EpTxsazXYAAdHOO.jpg",360,240,false],"covernews-medium-square":["https:\/\/infoecos.com.ar\/wp-content\/uploads\/2020\/12\/EpTxsazXYAAdHOO.jpg",360,240,false]},"author_info":{"info":["Jorge Matheus"]},"category_info":"<a href=\"https:\/\/infoecos.com.ar\/index.php\/category\/inferior10\/\" rel=\"category tag\">Bloque inferior - 10<\/a>","tag_info":"Bloque inferior - 10","comment_count":"0","_links":{"self":[{"href":"https:\/\/infoecos.com.ar\/index.php\/wp-json\/wp\/v2\/posts\/71431"}],"collection":[{"href":"https:\/\/infoecos.com.ar\/index.php\/wp-json\/wp\/v2\/posts"}],"about":[{"href":"https:\/\/infoecos.com.ar\/index.php\/wp-json\/wp\/v2\/types\/post"}],"author":[{"embeddable":true,"href":"https:\/\/infoecos.com.ar\/index.php\/wp-json\/wp\/v2\/users\/2"}],"replies":[{"embeddable":true,"href":"https:\/\/infoecos.com.ar\/index.php\/wp-json\/wp\/v2\/comments?post=71431"}],"version-history":[{"count":3,"href":"https:\/\/infoecos.com.ar\/index.php\/wp-json\/wp\/v2\/posts\/71431\/revisions"}],"predecessor-version":[{"id":71477,"href":"https:\/\/infoecos.com.ar\/index.php\/wp-json\/wp\/v2\/posts\/71431\/revisions\/71477"}],"wp:featuredmedia":[{"embeddable":true,"href":"https:\/\/infoecos.com.ar\/index.php\/wp-json\/wp\/v2\/media\/71434"}],"wp:attachment":[{"href":"https:\/\/infoecos.com.ar\/index.php\/wp-json\/wp\/v2\/media?parent=71431"}],"wp:term":[{"taxonomy":"category","embeddable":true,"href":"https:\/\/infoecos.com.ar\/index.php\/wp-json\/wp\/v2\/categories?post=71431"},{"taxonomy":"post_tag","embeddable":true,"href":"https:\/\/infoecos.com.ar\/index.php\/wp-json\/wp\/v2\/tags?post=71431"}],"curies":[{"name":"wp","href":"https:\/\/api.w.org\/{rel}","templated":true}]}}