{"id":71444,"date":"2020-12-16T12:49:50","date_gmt":"2020-12-16T15:49:50","guid":{"rendered":"http:\/\/infoecos.com.ar\/?p=71444"},"modified":"2020-12-18T01:46:37","modified_gmt":"2020-12-18T04:46:37","slug":"coronavirus-rauch-volvio-a-fase-3-por-un-importante-incremento-en-la-cantidad-de-casos-y-el-intendente-tambien-esta-contagiado","status":"publish","type":"post","link":"https:\/\/infoecos.com.ar\/index.php\/coronavirus-rauch-volvio-a-fase-3-por-un-importante-incremento-en-la-cantidad-de-casos-y-el-intendente-tambien-esta-contagiado\/","title":{"rendered":"Coronavirus: Rauch volvi\u00f3 a Fase 3 por un importante incremento en la cantidad de casos y el intendente tambi\u00e9n est\u00e1 contagiado"},"content":{"rendered":"\n<p class=\"wp-block-paragraph\">El partido de Rauch volvi\u00f3 a Fase 3 por un importante incremento de los casos de coronavirus y hasta su&nbsp; intendente, Maximiliano Suescun, se encuentra aislado por ser un caso activo.<\/p>\n\n\n\n<p class=\"wp-block-paragraph\">En declaraciones a Radio Provincia, el jefe comunal explic\u00f3 que \u201cnos contagiamos de una de mis hijas que no sabe d\u00f3nde contrajo el virus, pero todos estamos bien, con s\u00edntomas leves\u00bb.<\/p>\n\n\n\n<div class=\"wp-block-image\"><figure class=\"aligncenter size-medium\"><img loading=\"lazy\" decoding=\"async\" width=\"460\" height=\"259\" src=\"http:\/\/infoecos.com.ar\/wp-content\/uploads\/2020\/12\/5f9958a0967c8_1004x565-460x259.jpg\" alt=\"\" class=\"wp-image-71445\" srcset=\"https:\/\/infoecos.com.ar\/wp-content\/uploads\/2020\/12\/5f9958a0967c8_1004x565-460x259.jpg 460w, https:\/\/infoecos.com.ar\/wp-content\/uploads\/2020\/12\/5f9958a0967c8_1004x565-920x518.jpg 920w, https:\/\/infoecos.com.ar\/wp-content\/uploads\/2020\/12\/5f9958a0967c8_1004x565-768x432.jpg 768w, https:\/\/infoecos.com.ar\/wp-content\/uploads\/2020\/12\/5f9958a0967c8_1004x565.jpg 1004w\" sizes=\"auto, (max-width: 460px) 100vw, 460px\" \/><figcaption>Suescun (Intendente de Rauch)<\/figcaption><\/figure><\/div>\n\n\n\n<p class=\"wp-block-paragraph\">En ese marco, Suescun asegur\u00f3 que \u201c\u00e9ste es el peor momento. Tuvimos el primer caso el 11 de octubre. Estuvimos 8 meses sin registrar casos. Y reci\u00e9n levantamos los controles el 4 de diciembre\u201d.<\/p>\n\n\n\n<p class=\"wp-block-paragraph\">\u201cQueremos llegar a las Fiestas de otra manera. As\u00ed que conversamos con el Jefe de Gabinete, Carlos Bianco y acordamos que Rauch volviera, por esta semana y parte de la otra, a Fase 3\u201d, detall\u00f3 el intendente.<\/p>\n\n\n\n<p class=\"wp-block-paragraph\">Suesc\u00fan&nbsp; analiz\u00f3 que el distrito tuvo \u201cun llamado de atenci\u00f3n por el funcionamiento de la nocturnidad, as\u00ed que en el rubro gastron\u00f3mico acortamos el horario y ampliamos las medidas sanitarias, suspendimos, por unos d\u00edas algunos deportes colectivos que se estaban practicando hace tiempo y las actividades culturales\u201d.<\/p>\n\n\n\n<p class=\"wp-block-paragraph\">Asegur\u00f3 que el objetivo de las medidas es \u201cbajar el nivel de contactos estrechos que se dan y de circulaci\u00f3n de gente para ver si podemos alcanzar la cadena de contagio y cortarla porque pasamos de 4 casos a 60, en una semana\u201d.<\/p>\n\n\n\n<p class=\"wp-block-paragraph\">Sin embargo, el intendente llev\u00f3 tranquilidad a la poblaci\u00f3n y detall\u00f3 que \u201cla edad promedio de las personas contagiadas es de 36 a\u00f1os y entre ellos hay s\u00f3lo dos internados en sala general.&nbsp; Adem\u00e1s, al d\u00eda de hoy no tenemos fallecidos por COVID\u00bb.<\/p>\n","protected":false},"excerpt":{"rendered":"<p>En ese marco, Suescun asegur\u00f3 que \u201c\u00e9ste es el peor momento. Tuvimos el primer caso el 11 de octubre. Estuvimos 8 meses sin registrar casos. Y reci\u00e9n levantamos los controles el 4 de diciembre\u201d<\/p>\n","protected":false},"author":2,"featured_media":71445,"comment_status":"closed","ping_status":"open","sticky":false,"template":"","format":"standard","meta":{"footnotes":""},"categories":[1333],"tags":[1785],"class_list":["post-71444","post","type-post","status-publish","format-standard","has-post-thumbnail","hentry","category-inferior13","tag-coronavirus"],"featured_image_urls":{"full":["https:\/\/infoecos.com.ar\/wp-content\/uploads\/2020\/12\/5f9958a0967c8_1004x565.jpg",1004,565,false],"thumbnail":["https:\/\/infoecos.com.ar\/wp-content\/uploads\/2020\/12\/5f9958a0967c8_1004x565-150x150.jpg",150,150,true],"medium":["https:\/\/infoecos.com.ar\/wp-content\/uploads\/2020\/12\/5f9958a0967c8_1004x565-460x259.jpg",460,259,true],"medium_large":["https:\/\/infoecos.com.ar\/wp-content\/uploads\/2020\/12\/5f9958a0967c8_1004x565-768x432.jpg",640,360,true],"large":["https:\/\/infoecos.com.ar\/wp-content\/uploads\/2020\/12\/5f9958a0967c8_1004x565-920x518.jpg",640,360,true],"1536x1536":["https:\/\/infoecos.com.ar\/wp-content\/uploads\/2020\/12\/5f9958a0967c8_1004x565.jpg",1004,565,false],"2048x2048":["https:\/\/infoecos.com.ar\/wp-content\/uploads\/2020\/12\/5f9958a0967c8_1004x565.jpg",1004,565,false],"covernews-slider-full":["https:\/\/infoecos.com.ar\/wp-content\/uploads\/2020\/12\/5f9958a0967c8_1004x565.jpg",1004,565,false],"covernews-slider-center":["https:\/\/infoecos.com.ar\/wp-content\/uploads\/2020\/12\/5f9958a0967c8_1004x565-936x565.jpg",800,483,true],"covernews-featured":["https:\/\/infoecos.com.ar\/wp-content\/uploads\/2020\/12\/5f9958a0967c8_1004x565.jpg",1004,565,false],"covernews-medium":["https:\/\/infoecos.com.ar\/wp-content\/uploads\/2020\/12\/5f9958a0967c8_1004x565-720x380.jpg",540,285,true],"covernews-medium-square":["https:\/\/infoecos.com.ar\/wp-content\/uploads\/2020\/12\/5f9958a0967c8_1004x565-675x450.jpg",375,250,true]},"author_info":{"info":["Jorge Matheus"]},"category_info":"<a href=\"https:\/\/infoecos.com.ar\/index.php\/category\/inferior13\/\" rel=\"category tag\">Bloque inferior - 13<\/a>","tag_info":"Bloque inferior - 13","comment_count":"0","_links":{"self":[{"href":"https:\/\/infoecos.com.ar\/index.php\/wp-json\/wp\/v2\/posts\/71444","targetHints":{"allow":["GET"]}}],"collection":[{"href":"https:\/\/infoecos.com.ar\/index.php\/wp-json\/wp\/v2\/posts"}],"about":[{"href":"https:\/\/infoecos.com.ar\/index.php\/wp-json\/wp\/v2\/types\/post"}],"author":[{"embeddable":true,"href":"https:\/\/infoecos.com.ar\/index.php\/wp-json\/wp\/v2\/users\/2"}],"replies":[{"embeddable":true,"href":"https:\/\/infoecos.com.ar\/index.php\/wp-json\/wp\/v2\/comments?post=71444"}],"version-history":[{"count":2,"href":"https:\/\/infoecos.com.ar\/index.php\/wp-json\/wp\/v2\/posts\/71444\/revisions"}],"predecessor-version":[{"id":71566,"href":"https:\/\/infoecos.com.ar\/index.php\/wp-json\/wp\/v2\/posts\/71444\/revisions\/71566"}],"wp:featuredmedia":[{"embeddable":true,"href":"https:\/\/infoecos.com.ar\/index.php\/wp-json\/wp\/v2\/media\/71445"}],"wp:attachment":[{"href":"https:\/\/infoecos.com.ar\/index.php\/wp-json\/wp\/v2\/media?parent=71444"}],"wp:term":[{"taxonomy":"category","embeddable":true,"href":"https:\/\/infoecos.com.ar\/index.php\/wp-json\/wp\/v2\/categories?post=71444"},{"taxonomy":"post_tag","embeddable":true,"href":"https:\/\/infoecos.com.ar\/index.php\/wp-json\/wp\/v2\/tags?post=71444"}],"curies":[{"name":"wp","href":"https:\/\/api.w.org\/{rel}","templated":true}]}}