{"id":71456,"date":"2020-12-16T15:22:23","date_gmt":"2020-12-16T18:22:23","guid":{"rendered":"http:\/\/infoecos.com.ar\/?p=71456"},"modified":"2020-12-18T01:41:05","modified_gmt":"2020-12-18T04:41:05","slug":"la-opinion-de-la-cooperativa-de-electricidad-de-trenque-lauquen-sobre-la-importancia-de-su-implementacion-virtual","status":"publish","type":"post","link":"https:\/\/infoecos.com.ar\/index.php\/la-opinion-de-la-cooperativa-de-electricidad-de-trenque-lauquen-sobre-la-importancia-de-su-implementacion-virtual\/","title":{"rendered":"La opini\u00f3n de la Cooperativa de Electricidad de Trenque Lauquen sobre la importancia de su implementaci\u00f3n virtual"},"content":{"rendered":"\n<p>Ni siquiera los efectos de la pandemia pudieron frenar el entusiasmo de alumnos y docentes que forman parte del proyecto educativo sobre valores cooperativos que lleva adelante la Cooperativa de Electricidad de Trenque Lauquen.<\/p>\n\n\n\n<div class=\"wp-block-image\"><figure class=\"aligncenter size-medium\"><img loading=\"lazy\" decoding=\"async\" width=\"345\" height=\"460\" src=\"http:\/\/infoecos.com.ar\/wp-content\/uploads\/2020\/12\/TRABAJOS-2020-345x460.jpg\" alt=\"\" class=\"wp-image-71457\" srcset=\"https:\/\/infoecos.com.ar\/wp-content\/uploads\/2020\/12\/TRABAJOS-2020-345x460.jpg 345w, https:\/\/infoecos.com.ar\/wp-content\/uploads\/2020\/12\/TRABAJOS-2020-690x920.jpg 690w, https:\/\/infoecos.com.ar\/wp-content\/uploads\/2020\/12\/TRABAJOS-2020-768x1024.jpg 768w, https:\/\/infoecos.com.ar\/wp-content\/uploads\/2020\/12\/TRABAJOS-2020-1152x1536.jpg 1152w, https:\/\/infoecos.com.ar\/wp-content\/uploads\/2020\/12\/TRABAJOS-2020-1536x2048.jpg 1536w, https:\/\/infoecos.com.ar\/wp-content\/uploads\/2020\/12\/TRABAJOS-2020-1024x1365.jpg 1024w, https:\/\/infoecos.com.ar\/wp-content\/uploads\/2020\/12\/TRABAJOS-2020-scaled.jpg 1920w\" sizes=\"(max-width: 345px) 100vw, 345px\" \/><\/figure><\/div>\n\n\n\n<p>La implementaci\u00f3n de talleres virtuales permiti\u00f3 la continuidad de la experiencia educativa iniciada el a\u00f1o pasado con las escuelas 2, 8 y 45, a las que se suma el Centro Educativo Complementario Nro. 802.<\/p>\n\n\n\n<p>El balance de lo realizado (a pesar de un a\u00f1o especialmente at\u00edpico) ha sido sumamente positivo para el desarrollo del proyecto, gracias a la activa participaci\u00f3n de directivos, docentes gu\u00edas, autoridades educativas y consejeros de la Cooperativa, con la coordinaci\u00f3n de la capacitadora Lic. Romina Louge.<\/p>\n\n\n\n<p>El objetivo general es contribuir a que alumnos y docentes de las escuelas conozcan los valores, filosof\u00eda y organizaci\u00f3n de las cooperativas, as\u00ed como las acciones de estas instituciones en su comunidad, promoviendo el ejercicio de valores como solidaridad, ayuda mutua, democracia, responsabilidad, equidad, igualdad, preocupaci\u00f3n por los dem\u00e1s, honestidad, responsabilidad social y transparencia.<\/p>\n\n\n\n<p>Dentro de los objetivos a cumplir se encuentra la conformaci\u00f3n de cooperativas escolares, integradas por los alumnos y la gu\u00eda de sus docentes.<\/p>\n\n\n\n<p><em><u><strong>La virtualidad como herramienta<\/strong><\/u><\/em><\/p>\n\n\n\n<div class=\"wp-block-image\"><figure class=\"aligncenter size-medium\"><img loading=\"lazy\" decoding=\"async\" width=\"460\" height=\"282\" src=\"http:\/\/infoecos.com.ar\/wp-content\/uploads\/2020\/12\/VC-Cooperativas-Escolares1-460x282.jpg\" alt=\"\" class=\"wp-image-71458\" srcset=\"https:\/\/infoecos.com.ar\/wp-content\/uploads\/2020\/12\/VC-Cooperativas-Escolares1-460x282.jpg 460w, https:\/\/infoecos.com.ar\/wp-content\/uploads\/2020\/12\/VC-Cooperativas-Escolares1-920x563.jpg 920w, https:\/\/infoecos.com.ar\/wp-content\/uploads\/2020\/12\/VC-Cooperativas-Escolares1-768x470.jpg 768w, https:\/\/infoecos.com.ar\/wp-content\/uploads\/2020\/12\/VC-Cooperativas-Escolares1-1024x627.jpg 1024w, https:\/\/infoecos.com.ar\/wp-content\/uploads\/2020\/12\/VC-Cooperativas-Escolares1.jpg 1174w\" sizes=\"(max-width: 460px) 100vw, 460px\" \/><\/figure><\/div>\n\n\n\n<p>Cabe recordar que la Cooperativa lleva muchos a\u00f1os apostando a la educaci\u00f3n cooperativa con los concursos escolares de FEDECOBA y con la implementaci\u00f3n de proyectos propios, como el iniciado el a\u00f1o pasado con las tres escuelas primarias mencionadas.<\/p>\n\n\n\n<p>Las nuevas condiciones que impuso la pandemia este a\u00f1o obligaron a la realizaci\u00f3n de talleres virtuales a partir de la segunda mitad del ciclo lectivo, debido a la imposibilidad de desarrollar clases presenciales.<\/p>\n\n\n\n<p>Se realiz\u00f3 un total de siete talleres virtuales a partir de la segunda mitad del a\u00f1o. Entre las actividades, se destacan la entrevista que los alumnos de las escuelas participantes realizaron a los consejeros, con atinadas preguntas relacionadas con el funcionamiento institucional y los servicios que presta esta entidad solidaria de servicios.<\/p>\n\n\n\n<p>Como tarea final, los alumnos de sexto grado de las escuelas 2, 8 y 45 expusieron trabajos art\u00edsticos con mensajes alusivos al cooperativismo, aplicando los conocimientos impartidos hasta el momento en los talleres. La exposici\u00f3n se realiz\u00f3 en el hall central de la Cooperativa (atenci\u00f3n al p\u00fablico del servicio El\u00e9ctrico, sal\u00f3n de ventas y en el ingreso al hall Municipal.<\/p>\n\n\n\n<p>La Cooperativa, a su vez, distribuy\u00f3 remeras con logo institucional a los alumnos participantes.<\/p>\n\n\n\n<p>Como corolario, se puede afirmar que s\u00f3lo a partir del entusiasmo puesto de manifiesto por alumnos y docentes fue posible, en este a\u00f1o 2020, continuar ense\u00f1ando los valores cooperativos en las aulas con la expectativa de que el a\u00f1o pr\u00f3ximo se retomen las clases presenciales y, con ellas, el desarrollos de los talleres para seguir sembrando cooperaci\u00f3n en las nuevas generaciones.<\/p>\n","protected":false},"excerpt":{"rendered":"<p>La implementaci\u00f3n de talleres virtuales permiti\u00f3 la continuidad de la experiencia educativa iniciada el a\u00f1o pasado con las escuelas 2, 8 y 45, a las que se suma el Centro Educativo Complementario Nro. 802<\/p>\n","protected":false},"author":2,"featured_media":71458,"comment_status":"closed","ping_status":"open","sticky":false,"template":"","format":"standard","meta":{"footnotes":""},"categories":[43],"tags":[2439],"class_list":["post-71456","post","type-post","status-publish","format-standard","has-post-thumbnail","hentry","category-inferior4","tag-proyecto-educativo-sobre-valores-cooperativos"],"yoast_head":"<!-- This site is optimized with the Yoast SEO plugin v23.4 - https:\/\/yoast.com\/wordpress\/plugins\/seo\/ -->\n<title>La opini\u00f3n de la Cooperativa de Electricidad de Trenque Lauquen sobre la importancia de su implementaci\u00f3n virtual - Infoecos<\/title>\n<meta name=\"robots\" content=\"index, follow, max-snippet:-1, max-image-preview:large, max-video-preview:-1\" \/>\n<link rel=\"canonical\" href=\"https:\/\/infoecos.com.ar\/index.php\/la-opinion-de-la-cooperativa-de-electricidad-de-trenque-lauquen-sobre-la-importancia-de-su-implementacion-virtual\/\" \/>\n<meta property=\"og:locale\" content=\"es_ES\" \/>\n<meta property=\"og:type\" content=\"article\" \/>\n<meta property=\"og:title\" content=\"La opini\u00f3n de la Cooperativa de Electricidad de Trenque Lauquen sobre la importancia de su implementaci\u00f3n virtual - Infoecos\" \/>\n<meta property=\"og:description\" content=\"La implementaci\u00f3n de talleres virtuales permiti\u00f3 la continuidad de la experiencia educativa iniciada el a\u00f1o pasado con las escuelas 2, 8 y 45, a las que se suma el Centro Educativo Complementario Nro. 802\" \/>\n<meta property=\"og:url\" content=\"https:\/\/infoecos.com.ar\/index.php\/la-opinion-de-la-cooperativa-de-electricidad-de-trenque-lauquen-sobre-la-importancia-de-su-implementacion-virtual\/\" \/>\n<meta property=\"og:site_name\" content=\"Infoecos\" \/>\n<meta property=\"article:publisher\" content=\"https:\/\/www.facebook.com\/profile.php?id=100063200290284\" \/>\n<meta property=\"article:published_time\" content=\"2020-12-16T18:22:23+00:00\" \/>\n<meta property=\"article:modified_time\" content=\"2020-12-18T04:41:05+00:00\" \/>\n<meta property=\"og:image\" content=\"https:\/\/infoecos.com.ar\/wp-content\/uploads\/2020\/12\/VC-Cooperativas-Escolares1.jpg\" \/>\n\t<meta property=\"og:image:width\" content=\"1174\" \/>\n\t<meta property=\"og:image:height\" content=\"719\" \/>\n\t<meta property=\"og:image:type\" content=\"image\/jpeg\" \/>\n<meta name=\"author\" content=\"Jorge Matheus\" \/>\n<meta name=\"twitter:card\" content=\"summary_large_image\" \/>\n<meta name=\"twitter:creator\" content=\"@infoecos\" \/>\n<meta name=\"twitter:site\" content=\"@infoecos\" \/>\n<meta name=\"twitter:label1\" content=\"Escrito por\" \/>\n\t<meta name=\"twitter:data1\" content=\"Jorge Matheus\" \/>\n\t<meta name=\"twitter:label2\" content=\"Tiempo de lectura\" \/>\n\t<meta name=\"twitter:data2\" content=\"2 minutos\" \/>\n<script type=\"application\/ld+json\" class=\"yoast-schema-graph\">{\"@context\":\"https:\/\/schema.org\",\"@graph\":[{\"@type\":\"Article\",\"@id\":\"https:\/\/infoecos.com.ar\/index.php\/la-opinion-de-la-cooperativa-de-electricidad-de-trenque-lauquen-sobre-la-importancia-de-su-implementacion-virtual\/#article\",\"isPartOf\":{\"@id\":\"https:\/\/infoecos.com.ar\/index.php\/la-opinion-de-la-cooperativa-de-electricidad-de-trenque-lauquen-sobre-la-importancia-de-su-implementacion-virtual\/\"},\"author\":{\"name\":\"Jorge Matheus\",\"@id\":\"https:\/\/infoecos.com.ar\/#\/schema\/person\/8f5ace5ce73b4b4aac4b7245aee6f191\"},\"headline\":\"La opini\u00f3n de la Cooperativa de Electricidad de Trenque Lauquen sobre la importancia de su implementaci\u00f3n virtual\",\"datePublished\":\"2020-12-16T18:22:23+00:00\",\"dateModified\":\"2020-12-18T04:41:05+00:00\",\"mainEntityOfPage\":{\"@id\":\"https:\/\/infoecos.com.ar\/index.php\/la-opinion-de-la-cooperativa-de-electricidad-de-trenque-lauquen-sobre-la-importancia-de-su-implementacion-virtual\/\"},\"wordCount\":496,\"publisher\":{\"@id\":\"https:\/\/infoecos.com.ar\/#organization\"},\"image\":{\"@id\":\"https:\/\/infoecos.com.ar\/index.php\/la-opinion-de-la-cooperativa-de-electricidad-de-trenque-lauquen-sobre-la-importancia-de-su-implementacion-virtual\/#primaryimage\"},\"thumbnailUrl\":\"https:\/\/infoecos.com.ar\/wp-content\/uploads\/2020\/12\/VC-Cooperativas-Escolares1.jpg\",\"keywords\":[\"Proyecto educativo sobre valores cooperativos\"],\"articleSection\":[\"Bloque inferior - 4\"],\"inLanguage\":\"es\"},{\"@type\":\"WebPage\",\"@id\":\"https:\/\/infoecos.com.ar\/index.php\/la-opinion-de-la-cooperativa-de-electricidad-de-trenque-lauquen-sobre-la-importancia-de-su-implementacion-virtual\/\",\"url\":\"https:\/\/infoecos.com.ar\/index.php\/la-opinion-de-la-cooperativa-de-electricidad-de-trenque-lauquen-sobre-la-importancia-de-su-implementacion-virtual\/\",\"name\":\"La opini\u00f3n de la Cooperativa de Electricidad de Trenque Lauquen sobre la importancia de su implementaci\u00f3n virtual - Infoecos\",\"isPartOf\":{\"@id\":\"https:\/\/infoecos.com.ar\/#website\"},\"primaryImageOfPage\":{\"@id\":\"https:\/\/infoecos.com.ar\/index.php\/la-opinion-de-la-cooperativa-de-electricidad-de-trenque-lauquen-sobre-la-importancia-de-su-implementacion-virtual\/#primaryimage\"},\"image\":{\"@id\":\"https:\/\/infoecos.com.ar\/index.php\/la-opinion-de-la-cooperativa-de-electricidad-de-trenque-lauquen-sobre-la-importancia-de-su-implementacion-virtual\/#primaryimage\"},\"thumbnailUrl\":\"https:\/\/infoecos.com.ar\/wp-content\/uploads\/2020\/12\/VC-Cooperativas-Escolares1.jpg\",\"datePublished\":\"2020-12-16T18:22:23+00:00\",\"dateModified\":\"2020-12-18T04:41:05+00:00\",\"breadcrumb\":{\"@id\":\"https:\/\/infoecos.com.ar\/index.php\/la-opinion-de-la-cooperativa-de-electricidad-de-trenque-lauquen-sobre-la-importancia-de-su-implementacion-virtual\/#breadcrumb\"},\"inLanguage\":\"es\",\"potentialAction\":[{\"@type\":\"ReadAction\",\"target\":[\"https:\/\/infoecos.com.ar\/index.php\/la-opinion-de-la-cooperativa-de-electricidad-de-trenque-lauquen-sobre-la-importancia-de-su-implementacion-virtual\/\"]}]},{\"@type\":\"ImageObject\",\"inLanguage\":\"es\",\"@id\":\"https:\/\/infoecos.com.ar\/index.php\/la-opinion-de-la-cooperativa-de-electricidad-de-trenque-lauquen-sobre-la-importancia-de-su-implementacion-virtual\/#primaryimage\",\"url\":\"https:\/\/infoecos.com.ar\/wp-content\/uploads\/2020\/12\/VC-Cooperativas-Escolares1.jpg\",\"contentUrl\":\"https:\/\/infoecos.com.ar\/wp-content\/uploads\/2020\/12\/VC-Cooperativas-Escolares1.jpg\",\"width\":1174,\"height\":719},{\"@type\":\"BreadcrumbList\",\"@id\":\"https:\/\/infoecos.com.ar\/index.php\/la-opinion-de-la-cooperativa-de-electricidad-de-trenque-lauquen-sobre-la-importancia-de-su-implementacion-virtual\/#breadcrumb\",\"itemListElement\":[{\"@type\":\"ListItem\",\"position\":1,\"name\":\"Portada\",\"item\":\"https:\/\/infoecos.com.ar\/\"},{\"@type\":\"ListItem\",\"position\":2,\"name\":\"La opini\u00f3n de la Cooperativa de Electricidad de Trenque Lauquen sobre la importancia de su implementaci\u00f3n virtual\"}]},{\"@type\":\"WebSite\",\"@id\":\"https:\/\/infoecos.com.ar\/#website\",\"url\":\"https:\/\/infoecos.com.ar\/\",\"name\":\"Infoecos\",\"description\":\"Noticias de trenque lauquen y la zona\",\"publisher\":{\"@id\":\"https:\/\/infoecos.com.ar\/#organization\"},\"alternateName\":\"Noticias\",\"potentialAction\":[{\"@type\":\"SearchAction\",\"target\":{\"@type\":\"EntryPoint\",\"urlTemplate\":\"https:\/\/infoecos.com.ar\/?s={search_term_string}\"},\"query-input\":{\"@type\":\"PropertyValueSpecification\",\"valueRequired\":true,\"valueName\":\"search_term_string\"}}],\"inLanguage\":\"es\"},{\"@type\":\"Organization\",\"@id\":\"https:\/\/infoecos.com.ar\/#organization\",\"name\":\"Infoecos\",\"alternateName\":\"Noticias\",\"url\":\"https:\/\/infoecos.com.ar\/\",\"logo\":{\"@type\":\"ImageObject\",\"inLanguage\":\"es\",\"@id\":\"https:\/\/infoecos.com.ar\/#\/schema\/logo\/image\/\",\"url\":\"https:\/\/infoecos.com.ar\/wp-content\/uploads\/2024\/03\/cropped-logo.png\",\"contentUrl\":\"https:\/\/infoecos.com.ar\/wp-content\/uploads\/2024\/03\/cropped-logo.png\",\"width\":374,\"height\":90,\"caption\":\"Infoecos\"},\"image\":{\"@id\":\"https:\/\/infoecos.com.ar\/#\/schema\/logo\/image\/\"},\"sameAs\":[\"https:\/\/www.facebook.com\/profile.php?id=100063200290284\",\"https:\/\/x.com\/infoecos\"]},{\"@type\":\"Person\",\"@id\":\"https:\/\/infoecos.com.ar\/#\/schema\/person\/8f5ace5ce73b4b4aac4b7245aee6f191\",\"name\":\"Jorge Matheus\",\"url\":\"https:\/\/infoecos.com.ar\/index.php\/author\/jomatheus\/\"}]}<\/script>\n<!-- \/ Yoast SEO plugin. -->","yoast_head_json":{"title":"La opini\u00f3n de la Cooperativa de Electricidad de Trenque Lauquen sobre la importancia de su implementaci\u00f3n virtual - Infoecos","robots":{"index":"index","follow":"follow","max-snippet":"max-snippet:-1","max-image-preview":"max-image-preview:large","max-video-preview":"max-video-preview:-1"},"canonical":"https:\/\/infoecos.com.ar\/index.php\/la-opinion-de-la-cooperativa-de-electricidad-de-trenque-lauquen-sobre-la-importancia-de-su-implementacion-virtual\/","og_locale":"es_ES","og_type":"article","og_title":"La opini\u00f3n de la Cooperativa de Electricidad de Trenque Lauquen sobre la importancia de su implementaci\u00f3n virtual - Infoecos","og_description":"La implementaci\u00f3n de talleres virtuales permiti\u00f3 la continuidad de la experiencia educativa iniciada el a\u00f1o pasado con las escuelas 2, 8 y 45, a las que se suma el Centro Educativo Complementario Nro. 802","og_url":"https:\/\/infoecos.com.ar\/index.php\/la-opinion-de-la-cooperativa-de-electricidad-de-trenque-lauquen-sobre-la-importancia-de-su-implementacion-virtual\/","og_site_name":"Infoecos","article_publisher":"https:\/\/www.facebook.com\/profile.php?id=100063200290284","article_published_time":"2020-12-16T18:22:23+00:00","article_modified_time":"2020-12-18T04:41:05+00:00","og_image":[{"width":1174,"height":719,"url":"https:\/\/infoecos.com.ar\/wp-content\/uploads\/2020\/12\/VC-Cooperativas-Escolares1.jpg","type":"image\/jpeg"}],"author":"Jorge Matheus","twitter_card":"summary_large_image","twitter_creator":"@infoecos","twitter_site":"@infoecos","twitter_misc":{"Escrito por":"Jorge Matheus","Tiempo de lectura":"2 minutos"},"schema":{"@context":"https:\/\/schema.org","@graph":[{"@type":"Article","@id":"https:\/\/infoecos.com.ar\/index.php\/la-opinion-de-la-cooperativa-de-electricidad-de-trenque-lauquen-sobre-la-importancia-de-su-implementacion-virtual\/#article","isPartOf":{"@id":"https:\/\/infoecos.com.ar\/index.php\/la-opinion-de-la-cooperativa-de-electricidad-de-trenque-lauquen-sobre-la-importancia-de-su-implementacion-virtual\/"},"author":{"name":"Jorge Matheus","@id":"https:\/\/infoecos.com.ar\/#\/schema\/person\/8f5ace5ce73b4b4aac4b7245aee6f191"},"headline":"La opini\u00f3n de la Cooperativa de Electricidad de Trenque Lauquen sobre la importancia de su implementaci\u00f3n virtual","datePublished":"2020-12-16T18:22:23+00:00","dateModified":"2020-12-18T04:41:05+00:00","mainEntityOfPage":{"@id":"https:\/\/infoecos.com.ar\/index.php\/la-opinion-de-la-cooperativa-de-electricidad-de-trenque-lauquen-sobre-la-importancia-de-su-implementacion-virtual\/"},"wordCount":496,"publisher":{"@id":"https:\/\/infoecos.com.ar\/#organization"},"image":{"@id":"https:\/\/infoecos.com.ar\/index.php\/la-opinion-de-la-cooperativa-de-electricidad-de-trenque-lauquen-sobre-la-importancia-de-su-implementacion-virtual\/#primaryimage"},"thumbnailUrl":"https:\/\/infoecos.com.ar\/wp-content\/uploads\/2020\/12\/VC-Cooperativas-Escolares1.jpg","keywords":["Proyecto educativo sobre valores cooperativos"],"articleSection":["Bloque inferior - 4"],"inLanguage":"es"},{"@type":"WebPage","@id":"https:\/\/infoecos.com.ar\/index.php\/la-opinion-de-la-cooperativa-de-electricidad-de-trenque-lauquen-sobre-la-importancia-de-su-implementacion-virtual\/","url":"https:\/\/infoecos.com.ar\/index.php\/la-opinion-de-la-cooperativa-de-electricidad-de-trenque-lauquen-sobre-la-importancia-de-su-implementacion-virtual\/","name":"La opini\u00f3n de la Cooperativa de Electricidad de Trenque Lauquen sobre la importancia de su implementaci\u00f3n virtual - Infoecos","isPartOf":{"@id":"https:\/\/infoecos.com.ar\/#website"},"primaryImageOfPage":{"@id":"https:\/\/infoecos.com.ar\/index.php\/la-opinion-de-la-cooperativa-de-electricidad-de-trenque-lauquen-sobre-la-importancia-de-su-implementacion-virtual\/#primaryimage"},"image":{"@id":"https:\/\/infoecos.com.ar\/index.php\/la-opinion-de-la-cooperativa-de-electricidad-de-trenque-lauquen-sobre-la-importancia-de-su-implementacion-virtual\/#primaryimage"},"thumbnailUrl":"https:\/\/infoecos.com.ar\/wp-content\/uploads\/2020\/12\/VC-Cooperativas-Escolares1.jpg","datePublished":"2020-12-16T18:22:23+00:00","dateModified":"2020-12-18T04:41:05+00:00","breadcrumb":{"@id":"https:\/\/infoecos.com.ar\/index.php\/la-opinion-de-la-cooperativa-de-electricidad-de-trenque-lauquen-sobre-la-importancia-de-su-implementacion-virtual\/#breadcrumb"},"inLanguage":"es","potentialAction":[{"@type":"ReadAction","target":["https:\/\/infoecos.com.ar\/index.php\/la-opinion-de-la-cooperativa-de-electricidad-de-trenque-lauquen-sobre-la-importancia-de-su-implementacion-virtual\/"]}]},{"@type":"ImageObject","inLanguage":"es","@id":"https:\/\/infoecos.com.ar\/index.php\/la-opinion-de-la-cooperativa-de-electricidad-de-trenque-lauquen-sobre-la-importancia-de-su-implementacion-virtual\/#primaryimage","url":"https:\/\/infoecos.com.ar\/wp-content\/uploads\/2020\/12\/VC-Cooperativas-Escolares1.jpg","contentUrl":"https:\/\/infoecos.com.ar\/wp-content\/uploads\/2020\/12\/VC-Cooperativas-Escolares1.jpg","width":1174,"height":719},{"@type":"BreadcrumbList","@id":"https:\/\/infoecos.com.ar\/index.php\/la-opinion-de-la-cooperativa-de-electricidad-de-trenque-lauquen-sobre-la-importancia-de-su-implementacion-virtual\/#breadcrumb","itemListElement":[{"@type":"ListItem","position":1,"name":"Portada","item":"https:\/\/infoecos.com.ar\/"},{"@type":"ListItem","position":2,"name":"La opini\u00f3n de la Cooperativa de Electricidad de Trenque Lauquen sobre la importancia de su implementaci\u00f3n virtual"}]},{"@type":"WebSite","@id":"https:\/\/infoecos.com.ar\/#website","url":"https:\/\/infoecos.com.ar\/","name":"Infoecos","description":"Noticias de trenque lauquen y la zona","publisher":{"@id":"https:\/\/infoecos.com.ar\/#organization"},"alternateName":"Noticias","potentialAction":[{"@type":"SearchAction","target":{"@type":"EntryPoint","urlTemplate":"https:\/\/infoecos.com.ar\/?s={search_term_string}"},"query-input":{"@type":"PropertyValueSpecification","valueRequired":true,"valueName":"search_term_string"}}],"inLanguage":"es"},{"@type":"Organization","@id":"https:\/\/infoecos.com.ar\/#organization","name":"Infoecos","alternateName":"Noticias","url":"https:\/\/infoecos.com.ar\/","logo":{"@type":"ImageObject","inLanguage":"es","@id":"https:\/\/infoecos.com.ar\/#\/schema\/logo\/image\/","url":"https:\/\/infoecos.com.ar\/wp-content\/uploads\/2024\/03\/cropped-logo.png","contentUrl":"https:\/\/infoecos.com.ar\/wp-content\/uploads\/2024\/03\/cropped-logo.png","width":374,"height":90,"caption":"Infoecos"},"image":{"@id":"https:\/\/infoecos.com.ar\/#\/schema\/logo\/image\/"},"sameAs":["https:\/\/www.facebook.com\/profile.php?id=100063200290284","https:\/\/x.com\/infoecos"]},{"@type":"Person","@id":"https:\/\/infoecos.com.ar\/#\/schema\/person\/8f5ace5ce73b4b4aac4b7245aee6f191","name":"Jorge Matheus","url":"https:\/\/infoecos.com.ar\/index.php\/author\/jomatheus\/"}]}},"featured_image_urls":{"full":["https:\/\/infoecos.com.ar\/wp-content\/uploads\/2020\/12\/VC-Cooperativas-Escolares1.jpg",1174,719,false],"thumbnail":["https:\/\/infoecos.com.ar\/wp-content\/uploads\/2020\/12\/VC-Cooperativas-Escolares1-150x150.jpg",150,150,true],"medium":["https:\/\/infoecos.com.ar\/wp-content\/uploads\/2020\/12\/VC-Cooperativas-Escolares1-460x282.jpg",460,282,true],"medium_large":["https:\/\/infoecos.com.ar\/wp-content\/uploads\/2020\/12\/VC-Cooperativas-Escolares1-768x470.jpg",640,392,true],"large":["https:\/\/infoecos.com.ar\/wp-content\/uploads\/2020\/12\/VC-Cooperativas-Escolares1-920x563.jpg",640,392,true],"1536x1536":["https:\/\/infoecos.com.ar\/wp-content\/uploads\/2020\/12\/VC-Cooperativas-Escolares1.jpg",1174,719,false],"2048x2048":["https:\/\/infoecos.com.ar\/wp-content\/uploads\/2020\/12\/VC-Cooperativas-Escolares1.jpg",1174,719,false],"covernews-slider-full":["https:\/\/infoecos.com.ar\/wp-content\/uploads\/2020\/12\/VC-Cooperativas-Escolares1.jpg",1115,683,false],"covernews-slider-center":["https:\/\/infoecos.com.ar\/wp-content\/uploads\/2020\/12\/VC-Cooperativas-Escolares1-936x719.jpg",651,500,true],"covernews-featured":["https:\/\/infoecos.com.ar\/wp-content\/uploads\/2020\/12\/VC-Cooperativas-Escolares1-1024x627.jpg",1024,627,true],"covernews-medium":["https:\/\/infoecos.com.ar\/wp-content\/uploads\/2020\/12\/VC-Cooperativas-Escolares1-720x380.jpg",540,285,true],"covernews-medium-square":["https:\/\/infoecos.com.ar\/wp-content\/uploads\/2020\/12\/VC-Cooperativas-Escolares1-675x450.jpg",375,250,true]},"author_info":{"info":["Jorge Matheus"]},"category_info":"<a href=\"https:\/\/infoecos.com.ar\/index.php\/category\/inferior4\/\" rel=\"category tag\">Bloque inferior - 4<\/a>","tag_info":"Bloque inferior - 4","comment_count":"0","_links":{"self":[{"href":"https:\/\/infoecos.com.ar\/index.php\/wp-json\/wp\/v2\/posts\/71456"}],"collection":[{"href":"https:\/\/infoecos.com.ar\/index.php\/wp-json\/wp\/v2\/posts"}],"about":[{"href":"https:\/\/infoecos.com.ar\/index.php\/wp-json\/wp\/v2\/types\/post"}],"author":[{"embeddable":true,"href":"https:\/\/infoecos.com.ar\/index.php\/wp-json\/wp\/v2\/users\/2"}],"replies":[{"embeddable":true,"href":"https:\/\/infoecos.com.ar\/index.php\/wp-json\/wp\/v2\/comments?post=71456"}],"version-history":[{"count":1,"href":"https:\/\/infoecos.com.ar\/index.php\/wp-json\/wp\/v2\/posts\/71456\/revisions"}],"predecessor-version":[{"id":71459,"href":"https:\/\/infoecos.com.ar\/index.php\/wp-json\/wp\/v2\/posts\/71456\/revisions\/71459"}],"wp:featuredmedia":[{"embeddable":true,"href":"https:\/\/infoecos.com.ar\/index.php\/wp-json\/wp\/v2\/media\/71458"}],"wp:attachment":[{"href":"https:\/\/infoecos.com.ar\/index.php\/wp-json\/wp\/v2\/media?parent=71456"}],"wp:term":[{"taxonomy":"category","embeddable":true,"href":"https:\/\/infoecos.com.ar\/index.php\/wp-json\/wp\/v2\/categories?post=71456"},{"taxonomy":"post_tag","embeddable":true,"href":"https:\/\/infoecos.com.ar\/index.php\/wp-json\/wp\/v2\/tags?post=71456"}],"curies":[{"name":"wp","href":"https:\/\/api.w.org\/{rel}","templated":true}]}}