{"id":71465,"date":"2020-12-16T15:51:39","date_gmt":"2020-12-16T18:51:39","guid":{"rendered":"http:\/\/infoecos.com.ar\/?p=71465"},"modified":"2020-12-18T01:39:47","modified_gmt":"2020-12-18T04:39:47","slug":"se-puede-solicitar-al-municipio-de-trenque-lauquen-la-utilizacion-de-calles-para-reunirse-las-noches-del-24-y-31-de-diciembre","status":"publish","type":"post","link":"https:\/\/infoecos.com.ar\/index.php\/se-puede-solicitar-al-municipio-de-trenque-lauquen-la-utilizacion-de-calles-para-reunirse-las-noches-del-24-y-31-de-diciembre\/","title":{"rendered":"Se puede solicitar al municipio de Trenque Lauquen la utilizaci\u00f3n de calles para reunirse las noches del 24 y 31 de diciembre"},"content":{"rendered":"\n<p class=\"wp-block-paragraph\">Ya se encuentran en vigencia en todo el distrito de Trenque Lauquen las nuevas medidas de apertura y mayor flexibilidad para la realizaci\u00f3n de diferentes actividades en el marco de la situaci\u00f3n sanitaria actual.<\/p>\n\n\n\n<div class=\"wp-block-image\"><figure class=\"aligncenter size-large\"><img decoding=\"async\" src=\"http:\/\/infoecos.com.ar\/wp-content\/uploads\/cc.jpg\" alt=\"\" class=\"wp-image-23973\"\/><figcaption>Trenque Lauquen &#8211; Centro C\u00edvico<\/figcaption><\/figure><\/div>\n\n\n\n<p class=\"wp-block-paragraph\">En declaraciones que formul\u00f3 a distintos medios, la subsecretaria de Producci\u00f3n del municipio, Clarisa Fabris, se refiri\u00f3 a las reuniones que se programan a nivel familiar y social para los d\u00edas 24 y 31 de diciembre. <\/p>\n\n\n\n<p class=\"wp-block-paragraph\">La funcionaria municipal indic\u00f3 que de no contarse con los espacios al aire libre suficientes en casas particulares u otros lugares en especial, se \u00abpuede solicitar el corte de calle, registr\u00e1ndose en el municipio\u00bb. Manifest\u00f3, reiterando lo que se viene apuntando desde todas las esferas p\u00fablicas vinculadas con la salud que \u00abfestejar al aire libre reduce los riesgos\u00bb.&nbsp;&nbsp;<\/p>\n","protected":false},"excerpt":{"rendered":"<p>En declaraciones que formul\u00f3 a distintos medios, la subsecretaria de Producci\u00f3n del municipio, Clarisa Fabris, se refiri\u00f3 a las reuniones que se programan a nivel familiar y social para los d\u00edas 24 y 31 de diciembre<\/p>\n","protected":false},"author":2,"featured_media":23973,"comment_status":"closed","ping_status":"open","sticky":false,"template":"","format":"standard","meta":{"footnotes":""},"categories":[42],"tags":[2443],"class_list":["post-71465","post","type-post","status-publish","format-standard","has-post-thumbnail","hentry","category-inferior3","tag-interesante-alternativa"],"featured_image_urls":{"full":"","thumbnail":"","medium":"","medium_large":"","large":"","1536x1536":"","2048x2048":"","covernews-slider-full":"","covernews-slider-center":"","covernews-featured":"","covernews-medium":"","covernews-medium-square":""},"author_info":{"info":["Jorge Matheus"]},"category_info":"<a href=\"https:\/\/infoecos.com.ar\/index.php\/category\/inferior3\/\" rel=\"category tag\">Bloque inferior - 3<\/a>","tag_info":"Bloque inferior - 3","comment_count":"0","_links":{"self":[{"href":"https:\/\/infoecos.com.ar\/index.php\/wp-json\/wp\/v2\/posts\/71465","targetHints":{"allow":["GET"]}}],"collection":[{"href":"https:\/\/infoecos.com.ar\/index.php\/wp-json\/wp\/v2\/posts"}],"about":[{"href":"https:\/\/infoecos.com.ar\/index.php\/wp-json\/wp\/v2\/types\/post"}],"author":[{"embeddable":true,"href":"https:\/\/infoecos.com.ar\/index.php\/wp-json\/wp\/v2\/users\/2"}],"replies":[{"embeddable":true,"href":"https:\/\/infoecos.com.ar\/index.php\/wp-json\/wp\/v2\/comments?post=71465"}],"version-history":[{"count":2,"href":"https:\/\/infoecos.com.ar\/index.php\/wp-json\/wp\/v2\/posts\/71465\/revisions"}],"predecessor-version":[{"id":71467,"href":"https:\/\/infoecos.com.ar\/index.php\/wp-json\/wp\/v2\/posts\/71465\/revisions\/71467"}],"wp:attachment":[{"href":"https:\/\/infoecos.com.ar\/index.php\/wp-json\/wp\/v2\/media?parent=71465"}],"wp:term":[{"taxonomy":"category","embeddable":true,"href":"https:\/\/infoecos.com.ar\/index.php\/wp-json\/wp\/v2\/categories?post=71465"},{"taxonomy":"post_tag","embeddable":true,"href":"https:\/\/infoecos.com.ar\/index.php\/wp-json\/wp\/v2\/tags?post=71465"}],"curies":[{"name":"wp","href":"https:\/\/api.w.org\/{rel}","templated":true}]}}