{"id":71505,"date":"2020-12-17T14:34:16","date_gmt":"2020-12-17T17:34:16","guid":{"rendered":"http:\/\/infoecos.com.ar\/?p=71505"},"modified":"2020-12-17T14:34:22","modified_gmt":"2020-12-17T17:34:22","slug":"se-culmino-con-la-obra-de-asfalto-en-levalle-norte-entre-llambias-y-marconi-y-en-guardias-nacionales-de-junin-entre-belgrano-y-dorrego","status":"publish","type":"post","link":"https:\/\/infoecos.com.ar\/index.php\/se-culmino-con-la-obra-de-asfalto-en-levalle-norte-entre-llambias-y-marconi-y-en-guardias-nacionales-de-junin-entre-belgrano-y-dorrego\/","title":{"rendered":"Se culmin\u00f3 con la obra de asfalto en Levalle Norte, entre Llamb\u00edas y Marconi, y en Guardias Nacionales de Jun\u00edn, entre Belgrano y Dorrego"},"content":{"rendered":"\n<p>La direcci\u00f3n de Infraestructura municipal de Trenque Lauquen culmin\u00f3 la obra de asfalto en Levalle Norte, entre Llamb\u00edas y Marconi, y en Guardias Nacionales de Jun\u00edn, entre Belgrano y Dorrego.<\/p>\n\n\n\n<div class=\"wp-block-image\"><figure class=\"aligncenter size-medium\"><img loading=\"lazy\" decoding=\"async\" width=\"460\" height=\"259\" src=\"http:\/\/infoecos.com.ar\/wp-content\/uploads\/2020\/12\/Asfalto-2-460x259.jpg\" alt=\"\" class=\"wp-image-71506\" srcset=\"https:\/\/infoecos.com.ar\/wp-content\/uploads\/2020\/12\/Asfalto-2-460x259.jpg 460w, https:\/\/infoecos.com.ar\/wp-content\/uploads\/2020\/12\/Asfalto-2-920x518.jpg 920w, https:\/\/infoecos.com.ar\/wp-content\/uploads\/2020\/12\/Asfalto-2-768x432.jpg 768w, https:\/\/infoecos.com.ar\/wp-content\/uploads\/2020\/12\/Asfalto-2-1024x576.jpg 1024w, https:\/\/infoecos.com.ar\/wp-content\/uploads\/2020\/12\/Asfalto-2.jpg 1280w\" sizes=\"(max-width: 460px) 100vw, 460px\" \/><\/figure><\/div>\n\n\n\n<p>Tambi\u00e9n termin\u00f3 los trabajos de pavimentaci\u00f3n en un bad\u00e9n en la colectora Balb\u00edn y Racedo de la ciudad cabecera.<\/p>\n\n\n\n<p>\u201cHasta ahora llevamos un avance del 60 por ciento del plan de pavimentaci\u00f3n que comenzamos el 3 de noviembre pasado\u201d, coment\u00f3 el director del \u00e1rea, Marcos Soriano.<\/p>\n\n\n\n<div class=\"wp-block-image\"><figure class=\"aligncenter size-medium\"><img loading=\"lazy\" decoding=\"async\" width=\"460\" height=\"259\" src=\"http:\/\/infoecos.com.ar\/wp-content\/uploads\/2020\/12\/Asfalto-3-460x259.jpg\" alt=\"\" class=\"wp-image-71507\" srcset=\"https:\/\/infoecos.com.ar\/wp-content\/uploads\/2020\/12\/Asfalto-3-460x259.jpg 460w, https:\/\/infoecos.com.ar\/wp-content\/uploads\/2020\/12\/Asfalto-3-920x518.jpg 920w, https:\/\/infoecos.com.ar\/wp-content\/uploads\/2020\/12\/Asfalto-3-768x432.jpg 768w, https:\/\/infoecos.com.ar\/wp-content\/uploads\/2020\/12\/Asfalto-3-1024x576.jpg 1024w, https:\/\/infoecos.com.ar\/wp-content\/uploads\/2020\/12\/Asfalto-3.jpg 1280w\" sizes=\"(max-width: 460px) 100vw, 460px\" \/><\/figure><\/div>\n\n\n\n<p>El funcionario adelant\u00f3 que las tareas continuar\u00e1n con una obra de repavimentaci\u00f3n \u201cen una calle que tiene el pavimento muy deteriorado: Monferrand, esquina Mariano Moreno\u201d, precis\u00f3.<\/p>\n\n\n\n<p>Es importante recordar que en cuanto al presupuesto destinado al plan de asfalto y como se inform\u00f3 oportunamente la Etapa 1 demand\u00f3 una inversi\u00f3n de 2.500.000 de pesos y la segunda etapa, de 4.100.000 pesos.<\/p>\n\n\n\n<div class=\"wp-block-image\"><figure class=\"aligncenter size-medium\"><img loading=\"lazy\" decoding=\"async\" width=\"460\" height=\"259\" src=\"http:\/\/infoecos.com.ar\/wp-content\/uploads\/2020\/12\/Asfalto-1-460x259.jpg\" alt=\"\" class=\"wp-image-71508\" srcset=\"https:\/\/infoecos.com.ar\/wp-content\/uploads\/2020\/12\/Asfalto-1-460x259.jpg 460w, https:\/\/infoecos.com.ar\/wp-content\/uploads\/2020\/12\/Asfalto-1-920x518.jpg 920w, https:\/\/infoecos.com.ar\/wp-content\/uploads\/2020\/12\/Asfalto-1-768x432.jpg 768w, https:\/\/infoecos.com.ar\/wp-content\/uploads\/2020\/12\/Asfalto-1-1024x576.jpg 1024w, https:\/\/infoecos.com.ar\/wp-content\/uploads\/2020\/12\/Asfalto-1.jpg 1280w\" sizes=\"(max-width: 460px) 100vw, 460px\" \/><\/figure><\/div>\n\n\n\n<p>La Etapa 3 demandar\u00e1 una inversi\u00f3n de 3.539.000 pesos y la 4, otros 3.400.000 pesos.<\/p>\n","protected":false},"excerpt":{"rendered":"<p>Tambi\u00e9n termin\u00f3 los trabajos de pavimentaci\u00f3n en un bad\u00e9n en la colectora Balb\u00edn y Racedo de la ciudad cabecera<\/p>\n","protected":false},"author":2,"featured_media":71507,"comment_status":"closed","ping_status":"open","sticky":false,"template":"","format":"standard","meta":{"footnotes":""},"categories":[50],"tags":[2399],"class_list":["post-71505","post","type-post","status-publish","format-standard","has-post-thumbnail","hentry","category-c1nota4","tag-oficial-trenque-lauquen"],"yoast_head":"<!-- This site is optimized with the Yoast SEO plugin v23.4 - https:\/\/yoast.com\/wordpress\/plugins\/seo\/ -->\n<title>Se culmin\u00f3 con la obra de asfalto en Levalle Norte, entre Llamb\u00edas y Marconi, y en Guardias Nacionales de Jun\u00edn, entre Belgrano y Dorrego - Infoecos<\/title>\n<meta name=\"robots\" content=\"index, follow, max-snippet:-1, max-image-preview:large, max-video-preview:-1\" \/>\n<link rel=\"canonical\" href=\"https:\/\/infoecos.com.ar\/index.php\/se-culmino-con-la-obra-de-asfalto-en-levalle-norte-entre-llambias-y-marconi-y-en-guardias-nacionales-de-junin-entre-belgrano-y-dorrego\/\" \/>\n<meta property=\"og:locale\" content=\"es_ES\" \/>\n<meta property=\"og:type\" content=\"article\" \/>\n<meta property=\"og:title\" content=\"Se culmin\u00f3 con la obra de asfalto en Levalle Norte, entre Llamb\u00edas y Marconi, y en Guardias Nacionales de Jun\u00edn, entre Belgrano y Dorrego - Infoecos\" \/>\n<meta property=\"og:description\" content=\"Tambi\u00e9n termin\u00f3 los trabajos de pavimentaci\u00f3n en un bad\u00e9n en la colectora Balb\u00edn y Racedo de la ciudad cabecera\" \/>\n<meta property=\"og:url\" content=\"https:\/\/infoecos.com.ar\/index.php\/se-culmino-con-la-obra-de-asfalto-en-levalle-norte-entre-llambias-y-marconi-y-en-guardias-nacionales-de-junin-entre-belgrano-y-dorrego\/\" \/>\n<meta property=\"og:site_name\" content=\"Infoecos\" \/>\n<meta property=\"article:publisher\" content=\"https:\/\/www.facebook.com\/profile.php?id=100063200290284\" \/>\n<meta property=\"article:published_time\" content=\"2020-12-17T17:34:16+00:00\" \/>\n<meta property=\"article:modified_time\" content=\"2020-12-17T17:34:22+00:00\" \/>\n<meta property=\"og:image\" content=\"https:\/\/infoecos.com.ar\/wp-content\/uploads\/2020\/12\/Asfalto-3.jpg\" \/>\n\t<meta property=\"og:image:width\" content=\"1280\" \/>\n\t<meta property=\"og:image:height\" content=\"720\" \/>\n\t<meta property=\"og:image:type\" content=\"image\/jpeg\" \/>\n<meta name=\"author\" content=\"Jorge Matheus\" \/>\n<meta name=\"twitter:card\" content=\"summary_large_image\" \/>\n<meta name=\"twitter:creator\" content=\"@infoecos\" \/>\n<meta name=\"twitter:site\" content=\"@infoecos\" \/>\n<meta name=\"twitter:label1\" content=\"Escrito por\" \/>\n\t<meta name=\"twitter:data1\" content=\"Jorge Matheus\" \/>\n\t<meta name=\"twitter:label2\" content=\"Tiempo de lectura\" \/>\n\t<meta name=\"twitter:data2\" content=\"1 minuto\" \/>\n<script type=\"application\/ld+json\" class=\"yoast-schema-graph\">{\"@context\":\"https:\/\/schema.org\",\"@graph\":[{\"@type\":\"Article\",\"@id\":\"https:\/\/infoecos.com.ar\/index.php\/se-culmino-con-la-obra-de-asfalto-en-levalle-norte-entre-llambias-y-marconi-y-en-guardias-nacionales-de-junin-entre-belgrano-y-dorrego\/#article\",\"isPartOf\":{\"@id\":\"https:\/\/infoecos.com.ar\/index.php\/se-culmino-con-la-obra-de-asfalto-en-levalle-norte-entre-llambias-y-marconi-y-en-guardias-nacionales-de-junin-entre-belgrano-y-dorrego\/\"},\"author\":{\"name\":\"Jorge Matheus\",\"@id\":\"https:\/\/infoecos.com.ar\/#\/schema\/person\/8f5ace5ce73b4b4aac4b7245aee6f191\"},\"headline\":\"Se culmin\u00f3 con la obra de asfalto en Levalle Norte, entre Llamb\u00edas y Marconi, y en Guardias Nacionales de Jun\u00edn, entre Belgrano y Dorrego\",\"datePublished\":\"2020-12-17T17:34:16+00:00\",\"dateModified\":\"2020-12-17T17:34:22+00:00\",\"mainEntityOfPage\":{\"@id\":\"https:\/\/infoecos.com.ar\/index.php\/se-culmino-con-la-obra-de-asfalto-en-levalle-norte-entre-llambias-y-marconi-y-en-guardias-nacionales-de-junin-entre-belgrano-y-dorrego\/\"},\"wordCount\":181,\"publisher\":{\"@id\":\"https:\/\/infoecos.com.ar\/#organization\"},\"image\":{\"@id\":\"https:\/\/infoecos.com.ar\/index.php\/se-culmino-con-la-obra-de-asfalto-en-levalle-norte-entre-llambias-y-marconi-y-en-guardias-nacionales-de-junin-entre-belgrano-y-dorrego\/#primaryimage\"},\"thumbnailUrl\":\"https:\/\/infoecos.com.ar\/wp-content\/uploads\/2020\/12\/Asfalto-3.jpg\",\"keywords\":[\"OFICIAL TRENQUE LAUQUEN\"],\"articleSection\":[\"C1 N4\"],\"inLanguage\":\"es\"},{\"@type\":\"WebPage\",\"@id\":\"https:\/\/infoecos.com.ar\/index.php\/se-culmino-con-la-obra-de-asfalto-en-levalle-norte-entre-llambias-y-marconi-y-en-guardias-nacionales-de-junin-entre-belgrano-y-dorrego\/\",\"url\":\"https:\/\/infoecos.com.ar\/index.php\/se-culmino-con-la-obra-de-asfalto-en-levalle-norte-entre-llambias-y-marconi-y-en-guardias-nacionales-de-junin-entre-belgrano-y-dorrego\/\",\"name\":\"Se culmin\u00f3 con la obra de asfalto en Levalle Norte, entre Llamb\u00edas y Marconi, y en Guardias Nacionales de Jun\u00edn, entre Belgrano y Dorrego - Infoecos\",\"isPartOf\":{\"@id\":\"https:\/\/infoecos.com.ar\/#website\"},\"primaryImageOfPage\":{\"@id\":\"https:\/\/infoecos.com.ar\/index.php\/se-culmino-con-la-obra-de-asfalto-en-levalle-norte-entre-llambias-y-marconi-y-en-guardias-nacionales-de-junin-entre-belgrano-y-dorrego\/#primaryimage\"},\"image\":{\"@id\":\"https:\/\/infoecos.com.ar\/index.php\/se-culmino-con-la-obra-de-asfalto-en-levalle-norte-entre-llambias-y-marconi-y-en-guardias-nacionales-de-junin-entre-belgrano-y-dorrego\/#primaryimage\"},\"thumbnailUrl\":\"https:\/\/infoecos.com.ar\/wp-content\/uploads\/2020\/12\/Asfalto-3.jpg\",\"datePublished\":\"2020-12-17T17:34:16+00:00\",\"dateModified\":\"2020-12-17T17:34:22+00:00\",\"breadcrumb\":{\"@id\":\"https:\/\/infoecos.com.ar\/index.php\/se-culmino-con-la-obra-de-asfalto-en-levalle-norte-entre-llambias-y-marconi-y-en-guardias-nacionales-de-junin-entre-belgrano-y-dorrego\/#breadcrumb\"},\"inLanguage\":\"es\",\"potentialAction\":[{\"@type\":\"ReadAction\",\"target\":[\"https:\/\/infoecos.com.ar\/index.php\/se-culmino-con-la-obra-de-asfalto-en-levalle-norte-entre-llambias-y-marconi-y-en-guardias-nacionales-de-junin-entre-belgrano-y-dorrego\/\"]}]},{\"@type\":\"ImageObject\",\"inLanguage\":\"es\",\"@id\":\"https:\/\/infoecos.com.ar\/index.php\/se-culmino-con-la-obra-de-asfalto-en-levalle-norte-entre-llambias-y-marconi-y-en-guardias-nacionales-de-junin-entre-belgrano-y-dorrego\/#primaryimage\",\"url\":\"https:\/\/infoecos.com.ar\/wp-content\/uploads\/2020\/12\/Asfalto-3.jpg\",\"contentUrl\":\"https:\/\/infoecos.com.ar\/wp-content\/uploads\/2020\/12\/Asfalto-3.jpg\",\"width\":1280,\"height\":720},{\"@type\":\"BreadcrumbList\",\"@id\":\"https:\/\/infoecos.com.ar\/index.php\/se-culmino-con-la-obra-de-asfalto-en-levalle-norte-entre-llambias-y-marconi-y-en-guardias-nacionales-de-junin-entre-belgrano-y-dorrego\/#breadcrumb\",\"itemListElement\":[{\"@type\":\"ListItem\",\"position\":1,\"name\":\"Portada\",\"item\":\"https:\/\/infoecos.com.ar\/\"},{\"@type\":\"ListItem\",\"position\":2,\"name\":\"Se culmin\u00f3 con la obra de asfalto en Levalle Norte, entre Llamb\u00edas y Marconi, y en Guardias Nacionales de Jun\u00edn, entre Belgrano y Dorrego\"}]},{\"@type\":\"WebSite\",\"@id\":\"https:\/\/infoecos.com.ar\/#website\",\"url\":\"https:\/\/infoecos.com.ar\/\",\"name\":\"Infoecos\",\"description\":\"Noticias de trenque lauquen y la zona\",\"publisher\":{\"@id\":\"https:\/\/infoecos.com.ar\/#organization\"},\"alternateName\":\"Noticias\",\"potentialAction\":[{\"@type\":\"SearchAction\",\"target\":{\"@type\":\"EntryPoint\",\"urlTemplate\":\"https:\/\/infoecos.com.ar\/?s={search_term_string}\"},\"query-input\":{\"@type\":\"PropertyValueSpecification\",\"valueRequired\":true,\"valueName\":\"search_term_string\"}}],\"inLanguage\":\"es\"},{\"@type\":\"Organization\",\"@id\":\"https:\/\/infoecos.com.ar\/#organization\",\"name\":\"Infoecos\",\"alternateName\":\"Noticias\",\"url\":\"https:\/\/infoecos.com.ar\/\",\"logo\":{\"@type\":\"ImageObject\",\"inLanguage\":\"es\",\"@id\":\"https:\/\/infoecos.com.ar\/#\/schema\/logo\/image\/\",\"url\":\"https:\/\/infoecos.com.ar\/wp-content\/uploads\/2024\/03\/cropped-logo.png\",\"contentUrl\":\"https:\/\/infoecos.com.ar\/wp-content\/uploads\/2024\/03\/cropped-logo.png\",\"width\":374,\"height\":90,\"caption\":\"Infoecos\"},\"image\":{\"@id\":\"https:\/\/infoecos.com.ar\/#\/schema\/logo\/image\/\"},\"sameAs\":[\"https:\/\/www.facebook.com\/profile.php?id=100063200290284\",\"https:\/\/x.com\/infoecos\"]},{\"@type\":\"Person\",\"@id\":\"https:\/\/infoecos.com.ar\/#\/schema\/person\/8f5ace5ce73b4b4aac4b7245aee6f191\",\"name\":\"Jorge Matheus\",\"url\":\"https:\/\/infoecos.com.ar\/index.php\/author\/jomatheus\/\"}]}<\/script>\n<!-- \/ Yoast SEO plugin. -->","yoast_head_json":{"title":"Se culmin\u00f3 con la obra de asfalto en Levalle Norte, entre Llamb\u00edas y Marconi, y en Guardias Nacionales de Jun\u00edn, entre Belgrano y Dorrego - Infoecos","robots":{"index":"index","follow":"follow","max-snippet":"max-snippet:-1","max-image-preview":"max-image-preview:large","max-video-preview":"max-video-preview:-1"},"canonical":"https:\/\/infoecos.com.ar\/index.php\/se-culmino-con-la-obra-de-asfalto-en-levalle-norte-entre-llambias-y-marconi-y-en-guardias-nacionales-de-junin-entre-belgrano-y-dorrego\/","og_locale":"es_ES","og_type":"article","og_title":"Se culmin\u00f3 con la obra de asfalto en Levalle Norte, entre Llamb\u00edas y Marconi, y en Guardias Nacionales de Jun\u00edn, entre Belgrano y Dorrego - Infoecos","og_description":"Tambi\u00e9n termin\u00f3 los trabajos de pavimentaci\u00f3n en un bad\u00e9n en la colectora Balb\u00edn y Racedo de la ciudad cabecera","og_url":"https:\/\/infoecos.com.ar\/index.php\/se-culmino-con-la-obra-de-asfalto-en-levalle-norte-entre-llambias-y-marconi-y-en-guardias-nacionales-de-junin-entre-belgrano-y-dorrego\/","og_site_name":"Infoecos","article_publisher":"https:\/\/www.facebook.com\/profile.php?id=100063200290284","article_published_time":"2020-12-17T17:34:16+00:00","article_modified_time":"2020-12-17T17:34:22+00:00","og_image":[{"width":1280,"height":720,"url":"https:\/\/infoecos.com.ar\/wp-content\/uploads\/2020\/12\/Asfalto-3.jpg","type":"image\/jpeg"}],"author":"Jorge Matheus","twitter_card":"summary_large_image","twitter_creator":"@infoecos","twitter_site":"@infoecos","twitter_misc":{"Escrito por":"Jorge Matheus","Tiempo de lectura":"1 minuto"},"schema":{"@context":"https:\/\/schema.org","@graph":[{"@type":"Article","@id":"https:\/\/infoecos.com.ar\/index.php\/se-culmino-con-la-obra-de-asfalto-en-levalle-norte-entre-llambias-y-marconi-y-en-guardias-nacionales-de-junin-entre-belgrano-y-dorrego\/#article","isPartOf":{"@id":"https:\/\/infoecos.com.ar\/index.php\/se-culmino-con-la-obra-de-asfalto-en-levalle-norte-entre-llambias-y-marconi-y-en-guardias-nacionales-de-junin-entre-belgrano-y-dorrego\/"},"author":{"name":"Jorge Matheus","@id":"https:\/\/infoecos.com.ar\/#\/schema\/person\/8f5ace5ce73b4b4aac4b7245aee6f191"},"headline":"Se culmin\u00f3 con la obra de asfalto en Levalle Norte, entre Llamb\u00edas y Marconi, y en Guardias Nacionales de Jun\u00edn, entre Belgrano y Dorrego","datePublished":"2020-12-17T17:34:16+00:00","dateModified":"2020-12-17T17:34:22+00:00","mainEntityOfPage":{"@id":"https:\/\/infoecos.com.ar\/index.php\/se-culmino-con-la-obra-de-asfalto-en-levalle-norte-entre-llambias-y-marconi-y-en-guardias-nacionales-de-junin-entre-belgrano-y-dorrego\/"},"wordCount":181,"publisher":{"@id":"https:\/\/infoecos.com.ar\/#organization"},"image":{"@id":"https:\/\/infoecos.com.ar\/index.php\/se-culmino-con-la-obra-de-asfalto-en-levalle-norte-entre-llambias-y-marconi-y-en-guardias-nacionales-de-junin-entre-belgrano-y-dorrego\/#primaryimage"},"thumbnailUrl":"https:\/\/infoecos.com.ar\/wp-content\/uploads\/2020\/12\/Asfalto-3.jpg","keywords":["OFICIAL TRENQUE LAUQUEN"],"articleSection":["C1 N4"],"inLanguage":"es"},{"@type":"WebPage","@id":"https:\/\/infoecos.com.ar\/index.php\/se-culmino-con-la-obra-de-asfalto-en-levalle-norte-entre-llambias-y-marconi-y-en-guardias-nacionales-de-junin-entre-belgrano-y-dorrego\/","url":"https:\/\/infoecos.com.ar\/index.php\/se-culmino-con-la-obra-de-asfalto-en-levalle-norte-entre-llambias-y-marconi-y-en-guardias-nacionales-de-junin-entre-belgrano-y-dorrego\/","name":"Se culmin\u00f3 con la obra de asfalto en Levalle Norte, entre Llamb\u00edas y Marconi, y en Guardias Nacionales de Jun\u00edn, entre Belgrano y Dorrego - Infoecos","isPartOf":{"@id":"https:\/\/infoecos.com.ar\/#website"},"primaryImageOfPage":{"@id":"https:\/\/infoecos.com.ar\/index.php\/se-culmino-con-la-obra-de-asfalto-en-levalle-norte-entre-llambias-y-marconi-y-en-guardias-nacionales-de-junin-entre-belgrano-y-dorrego\/#primaryimage"},"image":{"@id":"https:\/\/infoecos.com.ar\/index.php\/se-culmino-con-la-obra-de-asfalto-en-levalle-norte-entre-llambias-y-marconi-y-en-guardias-nacionales-de-junin-entre-belgrano-y-dorrego\/#primaryimage"},"thumbnailUrl":"https:\/\/infoecos.com.ar\/wp-content\/uploads\/2020\/12\/Asfalto-3.jpg","datePublished":"2020-12-17T17:34:16+00:00","dateModified":"2020-12-17T17:34:22+00:00","breadcrumb":{"@id":"https:\/\/infoecos.com.ar\/index.php\/se-culmino-con-la-obra-de-asfalto-en-levalle-norte-entre-llambias-y-marconi-y-en-guardias-nacionales-de-junin-entre-belgrano-y-dorrego\/#breadcrumb"},"inLanguage":"es","potentialAction":[{"@type":"ReadAction","target":["https:\/\/infoecos.com.ar\/index.php\/se-culmino-con-la-obra-de-asfalto-en-levalle-norte-entre-llambias-y-marconi-y-en-guardias-nacionales-de-junin-entre-belgrano-y-dorrego\/"]}]},{"@type":"ImageObject","inLanguage":"es","@id":"https:\/\/infoecos.com.ar\/index.php\/se-culmino-con-la-obra-de-asfalto-en-levalle-norte-entre-llambias-y-marconi-y-en-guardias-nacionales-de-junin-entre-belgrano-y-dorrego\/#primaryimage","url":"https:\/\/infoecos.com.ar\/wp-content\/uploads\/2020\/12\/Asfalto-3.jpg","contentUrl":"https:\/\/infoecos.com.ar\/wp-content\/uploads\/2020\/12\/Asfalto-3.jpg","width":1280,"height":720},{"@type":"BreadcrumbList","@id":"https:\/\/infoecos.com.ar\/index.php\/se-culmino-con-la-obra-de-asfalto-en-levalle-norte-entre-llambias-y-marconi-y-en-guardias-nacionales-de-junin-entre-belgrano-y-dorrego\/#breadcrumb","itemListElement":[{"@type":"ListItem","position":1,"name":"Portada","item":"https:\/\/infoecos.com.ar\/"},{"@type":"ListItem","position":2,"name":"Se culmin\u00f3 con la obra de asfalto en Levalle Norte, entre Llamb\u00edas y Marconi, y en Guardias Nacionales de Jun\u00edn, entre Belgrano y Dorrego"}]},{"@type":"WebSite","@id":"https:\/\/infoecos.com.ar\/#website","url":"https:\/\/infoecos.com.ar\/","name":"Infoecos","description":"Noticias de trenque lauquen y la zona","publisher":{"@id":"https:\/\/infoecos.com.ar\/#organization"},"alternateName":"Noticias","potentialAction":[{"@type":"SearchAction","target":{"@type":"EntryPoint","urlTemplate":"https:\/\/infoecos.com.ar\/?s={search_term_string}"},"query-input":{"@type":"PropertyValueSpecification","valueRequired":true,"valueName":"search_term_string"}}],"inLanguage":"es"},{"@type":"Organization","@id":"https:\/\/infoecos.com.ar\/#organization","name":"Infoecos","alternateName":"Noticias","url":"https:\/\/infoecos.com.ar\/","logo":{"@type":"ImageObject","inLanguage":"es","@id":"https:\/\/infoecos.com.ar\/#\/schema\/logo\/image\/","url":"https:\/\/infoecos.com.ar\/wp-content\/uploads\/2024\/03\/cropped-logo.png","contentUrl":"https:\/\/infoecos.com.ar\/wp-content\/uploads\/2024\/03\/cropped-logo.png","width":374,"height":90,"caption":"Infoecos"},"image":{"@id":"https:\/\/infoecos.com.ar\/#\/schema\/logo\/image\/"},"sameAs":["https:\/\/www.facebook.com\/profile.php?id=100063200290284","https:\/\/x.com\/infoecos"]},{"@type":"Person","@id":"https:\/\/infoecos.com.ar\/#\/schema\/person\/8f5ace5ce73b4b4aac4b7245aee6f191","name":"Jorge Matheus","url":"https:\/\/infoecos.com.ar\/index.php\/author\/jomatheus\/"}]}},"featured_image_urls":{"full":["https:\/\/infoecos.com.ar\/wp-content\/uploads\/2020\/12\/Asfalto-3.jpg",1280,720,false],"thumbnail":["https:\/\/infoecos.com.ar\/wp-content\/uploads\/2020\/12\/Asfalto-3-150x150.jpg",150,150,true],"medium":["https:\/\/infoecos.com.ar\/wp-content\/uploads\/2020\/12\/Asfalto-3-460x259.jpg",460,259,true],"medium_large":["https:\/\/infoecos.com.ar\/wp-content\/uploads\/2020\/12\/Asfalto-3-768x432.jpg",640,360,true],"large":["https:\/\/infoecos.com.ar\/wp-content\/uploads\/2020\/12\/Asfalto-3-920x518.jpg",640,360,true],"1536x1536":["https:\/\/infoecos.com.ar\/wp-content\/uploads\/2020\/12\/Asfalto-3.jpg",1280,720,false],"2048x2048":["https:\/\/infoecos.com.ar\/wp-content\/uploads\/2020\/12\/Asfalto-3.jpg",1280,720,false],"covernews-slider-full":["https:\/\/infoecos.com.ar\/wp-content\/uploads\/2020\/12\/Asfalto-3.jpg",1115,627,false],"covernews-slider-center":["https:\/\/infoecos.com.ar\/wp-content\/uploads\/2020\/12\/Asfalto-3-936x720.jpg",650,500,true],"covernews-featured":["https:\/\/infoecos.com.ar\/wp-content\/uploads\/2020\/12\/Asfalto-3-1024x576.jpg",1024,576,true],"covernews-medium":["https:\/\/infoecos.com.ar\/wp-content\/uploads\/2020\/12\/Asfalto-3-720x380.jpg",540,285,true],"covernews-medium-square":["https:\/\/infoecos.com.ar\/wp-content\/uploads\/2020\/12\/Asfalto-3-675x450.jpg",375,250,true]},"author_info":{"info":["Jorge Matheus"]},"category_info":"<a href=\"https:\/\/infoecos.com.ar\/index.php\/category\/c1nota4\/\" rel=\"category tag\">C1 N4<\/a>","tag_info":"C1 N4","comment_count":"0","_links":{"self":[{"href":"https:\/\/infoecos.com.ar\/index.php\/wp-json\/wp\/v2\/posts\/71505"}],"collection":[{"href":"https:\/\/infoecos.com.ar\/index.php\/wp-json\/wp\/v2\/posts"}],"about":[{"href":"https:\/\/infoecos.com.ar\/index.php\/wp-json\/wp\/v2\/types\/post"}],"author":[{"embeddable":true,"href":"https:\/\/infoecos.com.ar\/index.php\/wp-json\/wp\/v2\/users\/2"}],"replies":[{"embeddable":true,"href":"https:\/\/infoecos.com.ar\/index.php\/wp-json\/wp\/v2\/comments?post=71505"}],"version-history":[{"count":1,"href":"https:\/\/infoecos.com.ar\/index.php\/wp-json\/wp\/v2\/posts\/71505\/revisions"}],"predecessor-version":[{"id":71509,"href":"https:\/\/infoecos.com.ar\/index.php\/wp-json\/wp\/v2\/posts\/71505\/revisions\/71509"}],"wp:featuredmedia":[{"embeddable":true,"href":"https:\/\/infoecos.com.ar\/index.php\/wp-json\/wp\/v2\/media\/71507"}],"wp:attachment":[{"href":"https:\/\/infoecos.com.ar\/index.php\/wp-json\/wp\/v2\/media?parent=71505"}],"wp:term":[{"taxonomy":"category","embeddable":true,"href":"https:\/\/infoecos.com.ar\/index.php\/wp-json\/wp\/v2\/categories?post=71505"},{"taxonomy":"post_tag","embeddable":true,"href":"https:\/\/infoecos.com.ar\/index.php\/wp-json\/wp\/v2\/tags?post=71505"}],"curies":[{"name":"wp","href":"https:\/\/api.w.org\/{rel}","templated":true}]}}