{"id":71511,"date":"2020-12-17T14:45:56","date_gmt":"2020-12-17T17:45:56","guid":{"rendered":"http:\/\/infoecos.com.ar\/?p=71511"},"modified":"2020-12-17T14:46:00","modified_gmt":"2020-12-17T17:46:00","slug":"este-viernes-se-realizara-el-cierre-anual-de-actividades-de-la-casa-del-nino","status":"publish","type":"post","link":"https:\/\/infoecos.com.ar\/index.php\/este-viernes-se-realizara-el-cierre-anual-de-actividades-de-la-casa-del-nino\/","title":{"rendered":"Este viernes se realizar\u00e1 el cierre anual de actividades de la Casa del Ni\u00f1o"},"content":{"rendered":"\n<p>La comunidad educativa de Casa del Ni\u00f1o realizar\u00e1 este viernes el cierre anual de actividades haciendo un festejo especial que se desarrollar\u00e1 en la vereda de la instituci\u00f3n con la participaci\u00f3n de los alumnos y sus familias bajo un estricto protocolo debido a la situaci\u00f3n sanitaria provocada por la pandemia de Covid-19.<\/p>\n\n\n\n<div class=\"wp-block-image\"><figure class=\"aligncenter size-medium\"><img loading=\"lazy\" decoding=\"async\" width=\"460\" height=\"307\" src=\"http:\/\/infoecos.com.ar\/wp-content\/uploads\/2020\/12\/Casa-del-Nino-1-460x307.jpg\" alt=\"\" class=\"wp-image-71512\" srcset=\"https:\/\/infoecos.com.ar\/wp-content\/uploads\/2020\/12\/Casa-del-Nino-1-460x307.jpg 460w, https:\/\/infoecos.com.ar\/wp-content\/uploads\/2020\/12\/Casa-del-Nino-1-768x512.jpg 768w, https:\/\/infoecos.com.ar\/wp-content\/uploads\/2020\/12\/Casa-del-Nino-1-675x450.jpg 675w, https:\/\/infoecos.com.ar\/wp-content\/uploads\/2020\/12\/Casa-del-Nino-1.jpg 852w\" sizes=\"(max-width: 460px) 100vw, 460px\" \/><\/figure><\/div>\n\n\n\n<p>La actividad, que comenzar\u00e1 a las 9 de la ma\u00f1ana y se extender\u00e1 hasta el mediod\u00eda, contempla la entrega de regalos para los chicos que podr\u00e1n dejar cartitas con sus deseos y expectativas para el a\u00f1o pr\u00f3ximo y as\u00ed participar del sorteo de un premio sorpresa que est\u00e1 previsto para el pr\u00f3ximo mi\u00e9rcoles 23.<\/p>\n\n\n\n<p>La misma consigna est\u00e1 destinada a la comunidad en general que tambi\u00e9n, a partir del mediod\u00eda, podr\u00e1 depositar en la urna que se colocar\u00e1 en el frente de la instituci\u00f3n, todos los aprendizajes de este a\u00f1o marcado por la pandemia, expectativas y deseos para el pr\u00f3ximo a\u00f1o.<\/p>\n\n\n\n<div class=\"wp-block-image\"><figure class=\"aligncenter size-medium\"><img loading=\"lazy\" decoding=\"async\" width=\"460\" height=\"307\" src=\"http:\/\/infoecos.com.ar\/wp-content\/uploads\/2020\/12\/Casa-del-Nino-460x307.jpg\" alt=\"\" class=\"wp-image-71513\" srcset=\"https:\/\/infoecos.com.ar\/wp-content\/uploads\/2020\/12\/Casa-del-Nino-460x307.jpg 460w, https:\/\/infoecos.com.ar\/wp-content\/uploads\/2020\/12\/Casa-del-Nino-768x512.jpg 768w, https:\/\/infoecos.com.ar\/wp-content\/uploads\/2020\/12\/Casa-del-Nino-675x450.jpg 675w, https:\/\/infoecos.com.ar\/wp-content\/uploads\/2020\/12\/Casa-del-Nino.jpg 852w\" sizes=\"(max-width: 460px) 100vw, 460px\" \/><\/figure><\/div>\n\n\n\n<p>\u201cEl cierre de a\u00f1o se va a realizar de una forma particular, se van a acercar las familias en un horario determinado bajo un protocolo (por la situaci\u00f3n sanitaria provocada por la pandemia de Covid-19) para que los chicos reciban un peque\u00f1o regalo de todo el plantel docente de Casa del Ni\u00f1o\u201d, coment\u00f3 este jueves la directora de la instituci\u00f3n, Marilina Arg\u00fcelles.<\/p>\n\n\n\n<p>Se colocar\u00e1n dos urnas en el frente de la instituci\u00f3n, una para que los chicos dejen sus cartitas durante la ma\u00f1ana y otra para que las familias puedan dejar sus deseos y aprendizajes.<\/p>\n\n\n\n<p><\/p>\n","protected":false},"excerpt":{"rendered":"<p>Se desarrollar\u00e1 en la vereda de la instituci\u00f3n con la participaci\u00f3n de los alumnos y sus familias bajo un estricto protocolo debido a la situaci\u00f3n sanitaria provocada por la pandemia de Covid-19<\/p>\n","protected":false},"author":2,"featured_media":71514,"comment_status":"closed","ping_status":"open","sticky":false,"template":"","format":"standard","meta":{"footnotes":""},"categories":[51],"tags":[2399],"class_list":["post-71511","post","type-post","status-publish","format-standard","has-post-thumbnail","hentry","category-c2nota4","tag-oficial-trenque-lauquen"],"yoast_head":"<!-- This site is optimized with the Yoast SEO plugin v23.4 - https:\/\/yoast.com\/wordpress\/plugins\/seo\/ -->\n<title>Este viernes se realizar\u00e1 el cierre anual de actividades de la Casa del Ni\u00f1o - Infoecos<\/title>\n<meta name=\"robots\" content=\"index, follow, max-snippet:-1, max-image-preview:large, max-video-preview:-1\" \/>\n<link rel=\"canonical\" href=\"https:\/\/infoecos.com.ar\/index.php\/este-viernes-se-realizara-el-cierre-anual-de-actividades-de-la-casa-del-nino\/\" \/>\n<meta property=\"og:locale\" content=\"es_ES\" \/>\n<meta property=\"og:type\" content=\"article\" \/>\n<meta property=\"og:title\" content=\"Este viernes se realizar\u00e1 el cierre anual de actividades de la Casa del Ni\u00f1o - Infoecos\" \/>\n<meta property=\"og:description\" content=\"Se desarrollar\u00e1 en la vereda de la instituci\u00f3n con la participaci\u00f3n de los alumnos y sus familias bajo un estricto protocolo debido a la situaci\u00f3n sanitaria provocada por la pandemia de Covid-19\" \/>\n<meta property=\"og:url\" content=\"https:\/\/infoecos.com.ar\/index.php\/este-viernes-se-realizara-el-cierre-anual-de-actividades-de-la-casa-del-nino\/\" \/>\n<meta property=\"og:site_name\" content=\"Infoecos\" \/>\n<meta property=\"article:publisher\" content=\"https:\/\/www.facebook.com\/profile.php?id=100063200290284\" \/>\n<meta property=\"article:published_time\" content=\"2020-12-17T17:45:56+00:00\" \/>\n<meta property=\"article:modified_time\" content=\"2020-12-17T17:46:00+00:00\" \/>\n<meta property=\"og:image\" content=\"https:\/\/infoecos.com.ar\/wp-content\/uploads\/2020\/12\/Casa-del-Nino-2.jpg\" \/>\n\t<meta property=\"og:image:width\" content=\"852\" \/>\n\t<meta property=\"og:image:height\" content=\"568\" \/>\n\t<meta property=\"og:image:type\" content=\"image\/jpeg\" \/>\n<meta name=\"author\" content=\"Jorge Matheus\" \/>\n<meta name=\"twitter:card\" content=\"summary_large_image\" \/>\n<meta name=\"twitter:creator\" content=\"@infoecos\" \/>\n<meta name=\"twitter:site\" content=\"@infoecos\" \/>\n<meta name=\"twitter:label1\" content=\"Escrito por\" \/>\n\t<meta name=\"twitter:data1\" content=\"Jorge Matheus\" \/>\n\t<meta name=\"twitter:label2\" content=\"Tiempo de lectura\" \/>\n\t<meta name=\"twitter:data2\" content=\"1 minuto\" \/>\n<script type=\"application\/ld+json\" class=\"yoast-schema-graph\">{\"@context\":\"https:\/\/schema.org\",\"@graph\":[{\"@type\":\"Article\",\"@id\":\"https:\/\/infoecos.com.ar\/index.php\/este-viernes-se-realizara-el-cierre-anual-de-actividades-de-la-casa-del-nino\/#article\",\"isPartOf\":{\"@id\":\"https:\/\/infoecos.com.ar\/index.php\/este-viernes-se-realizara-el-cierre-anual-de-actividades-de-la-casa-del-nino\/\"},\"author\":{\"name\":\"Jorge Matheus\",\"@id\":\"https:\/\/infoecos.com.ar\/#\/schema\/person\/8f5ace5ce73b4b4aac4b7245aee6f191\"},\"headline\":\"Este viernes se realizar\u00e1 el cierre anual de actividades de la Casa del Ni\u00f1o\",\"datePublished\":\"2020-12-17T17:45:56+00:00\",\"dateModified\":\"2020-12-17T17:46:00+00:00\",\"mainEntityOfPage\":{\"@id\":\"https:\/\/infoecos.com.ar\/index.php\/este-viernes-se-realizara-el-cierre-anual-de-actividades-de-la-casa-del-nino\/\"},\"wordCount\":287,\"publisher\":{\"@id\":\"https:\/\/infoecos.com.ar\/#organization\"},\"image\":{\"@id\":\"https:\/\/infoecos.com.ar\/index.php\/este-viernes-se-realizara-el-cierre-anual-de-actividades-de-la-casa-del-nino\/#primaryimage\"},\"thumbnailUrl\":\"https:\/\/infoecos.com.ar\/wp-content\/uploads\/2020\/12\/Casa-del-Nino-2.jpg\",\"keywords\":[\"OFICIAL TRENQUE LAUQUEN\"],\"articleSection\":[\"C2 N4\"],\"inLanguage\":\"es\"},{\"@type\":\"WebPage\",\"@id\":\"https:\/\/infoecos.com.ar\/index.php\/este-viernes-se-realizara-el-cierre-anual-de-actividades-de-la-casa-del-nino\/\",\"url\":\"https:\/\/infoecos.com.ar\/index.php\/este-viernes-se-realizara-el-cierre-anual-de-actividades-de-la-casa-del-nino\/\",\"name\":\"Este viernes se realizar\u00e1 el cierre anual de actividades de la Casa del Ni\u00f1o - Infoecos\",\"isPartOf\":{\"@id\":\"https:\/\/infoecos.com.ar\/#website\"},\"primaryImageOfPage\":{\"@id\":\"https:\/\/infoecos.com.ar\/index.php\/este-viernes-se-realizara-el-cierre-anual-de-actividades-de-la-casa-del-nino\/#primaryimage\"},\"image\":{\"@id\":\"https:\/\/infoecos.com.ar\/index.php\/este-viernes-se-realizara-el-cierre-anual-de-actividades-de-la-casa-del-nino\/#primaryimage\"},\"thumbnailUrl\":\"https:\/\/infoecos.com.ar\/wp-content\/uploads\/2020\/12\/Casa-del-Nino-2.jpg\",\"datePublished\":\"2020-12-17T17:45:56+00:00\",\"dateModified\":\"2020-12-17T17:46:00+00:00\",\"breadcrumb\":{\"@id\":\"https:\/\/infoecos.com.ar\/index.php\/este-viernes-se-realizara-el-cierre-anual-de-actividades-de-la-casa-del-nino\/#breadcrumb\"},\"inLanguage\":\"es\",\"potentialAction\":[{\"@type\":\"ReadAction\",\"target\":[\"https:\/\/infoecos.com.ar\/index.php\/este-viernes-se-realizara-el-cierre-anual-de-actividades-de-la-casa-del-nino\/\"]}]},{\"@type\":\"ImageObject\",\"inLanguage\":\"es\",\"@id\":\"https:\/\/infoecos.com.ar\/index.php\/este-viernes-se-realizara-el-cierre-anual-de-actividades-de-la-casa-del-nino\/#primaryimage\",\"url\":\"https:\/\/infoecos.com.ar\/wp-content\/uploads\/2020\/12\/Casa-del-Nino-2.jpg\",\"contentUrl\":\"https:\/\/infoecos.com.ar\/wp-content\/uploads\/2020\/12\/Casa-del-Nino-2.jpg\",\"width\":852,\"height\":568},{\"@type\":\"BreadcrumbList\",\"@id\":\"https:\/\/infoecos.com.ar\/index.php\/este-viernes-se-realizara-el-cierre-anual-de-actividades-de-la-casa-del-nino\/#breadcrumb\",\"itemListElement\":[{\"@type\":\"ListItem\",\"position\":1,\"name\":\"Portada\",\"item\":\"https:\/\/infoecos.com.ar\/\"},{\"@type\":\"ListItem\",\"position\":2,\"name\":\"Este viernes se realizar\u00e1 el cierre anual de actividades de la Casa del Ni\u00f1o\"}]},{\"@type\":\"WebSite\",\"@id\":\"https:\/\/infoecos.com.ar\/#website\",\"url\":\"https:\/\/infoecos.com.ar\/\",\"name\":\"Infoecos\",\"description\":\"Noticias de trenque lauquen y la zona\",\"publisher\":{\"@id\":\"https:\/\/infoecos.com.ar\/#organization\"},\"alternateName\":\"Noticias\",\"potentialAction\":[{\"@type\":\"SearchAction\",\"target\":{\"@type\":\"EntryPoint\",\"urlTemplate\":\"https:\/\/infoecos.com.ar\/?s={search_term_string}\"},\"query-input\":{\"@type\":\"PropertyValueSpecification\",\"valueRequired\":true,\"valueName\":\"search_term_string\"}}],\"inLanguage\":\"es\"},{\"@type\":\"Organization\",\"@id\":\"https:\/\/infoecos.com.ar\/#organization\",\"name\":\"Infoecos\",\"alternateName\":\"Noticias\",\"url\":\"https:\/\/infoecos.com.ar\/\",\"logo\":{\"@type\":\"ImageObject\",\"inLanguage\":\"es\",\"@id\":\"https:\/\/infoecos.com.ar\/#\/schema\/logo\/image\/\",\"url\":\"https:\/\/infoecos.com.ar\/wp-content\/uploads\/2024\/03\/cropped-logo.png\",\"contentUrl\":\"https:\/\/infoecos.com.ar\/wp-content\/uploads\/2024\/03\/cropped-logo.png\",\"width\":374,\"height\":90,\"caption\":\"Infoecos\"},\"image\":{\"@id\":\"https:\/\/infoecos.com.ar\/#\/schema\/logo\/image\/\"},\"sameAs\":[\"https:\/\/www.facebook.com\/profile.php?id=100063200290284\",\"https:\/\/x.com\/infoecos\"]},{\"@type\":\"Person\",\"@id\":\"https:\/\/infoecos.com.ar\/#\/schema\/person\/8f5ace5ce73b4b4aac4b7245aee6f191\",\"name\":\"Jorge Matheus\",\"url\":\"https:\/\/infoecos.com.ar\/index.php\/author\/jomatheus\/\"}]}<\/script>\n<!-- \/ Yoast SEO plugin. -->","yoast_head_json":{"title":"Este viernes se realizar\u00e1 el cierre anual de actividades de la Casa del Ni\u00f1o - Infoecos","robots":{"index":"index","follow":"follow","max-snippet":"max-snippet:-1","max-image-preview":"max-image-preview:large","max-video-preview":"max-video-preview:-1"},"canonical":"https:\/\/infoecos.com.ar\/index.php\/este-viernes-se-realizara-el-cierre-anual-de-actividades-de-la-casa-del-nino\/","og_locale":"es_ES","og_type":"article","og_title":"Este viernes se realizar\u00e1 el cierre anual de actividades de la Casa del Ni\u00f1o - Infoecos","og_description":"Se desarrollar\u00e1 en la vereda de la instituci\u00f3n con la participaci\u00f3n de los alumnos y sus familias bajo un estricto protocolo debido a la situaci\u00f3n sanitaria provocada por la pandemia de Covid-19","og_url":"https:\/\/infoecos.com.ar\/index.php\/este-viernes-se-realizara-el-cierre-anual-de-actividades-de-la-casa-del-nino\/","og_site_name":"Infoecos","article_publisher":"https:\/\/www.facebook.com\/profile.php?id=100063200290284","article_published_time":"2020-12-17T17:45:56+00:00","article_modified_time":"2020-12-17T17:46:00+00:00","og_image":[{"width":852,"height":568,"url":"https:\/\/infoecos.com.ar\/wp-content\/uploads\/2020\/12\/Casa-del-Nino-2.jpg","type":"image\/jpeg"}],"author":"Jorge Matheus","twitter_card":"summary_large_image","twitter_creator":"@infoecos","twitter_site":"@infoecos","twitter_misc":{"Escrito por":"Jorge Matheus","Tiempo de lectura":"1 minuto"},"schema":{"@context":"https:\/\/schema.org","@graph":[{"@type":"Article","@id":"https:\/\/infoecos.com.ar\/index.php\/este-viernes-se-realizara-el-cierre-anual-de-actividades-de-la-casa-del-nino\/#article","isPartOf":{"@id":"https:\/\/infoecos.com.ar\/index.php\/este-viernes-se-realizara-el-cierre-anual-de-actividades-de-la-casa-del-nino\/"},"author":{"name":"Jorge Matheus","@id":"https:\/\/infoecos.com.ar\/#\/schema\/person\/8f5ace5ce73b4b4aac4b7245aee6f191"},"headline":"Este viernes se realizar\u00e1 el cierre anual de actividades de la Casa del Ni\u00f1o","datePublished":"2020-12-17T17:45:56+00:00","dateModified":"2020-12-17T17:46:00+00:00","mainEntityOfPage":{"@id":"https:\/\/infoecos.com.ar\/index.php\/este-viernes-se-realizara-el-cierre-anual-de-actividades-de-la-casa-del-nino\/"},"wordCount":287,"publisher":{"@id":"https:\/\/infoecos.com.ar\/#organization"},"image":{"@id":"https:\/\/infoecos.com.ar\/index.php\/este-viernes-se-realizara-el-cierre-anual-de-actividades-de-la-casa-del-nino\/#primaryimage"},"thumbnailUrl":"https:\/\/infoecos.com.ar\/wp-content\/uploads\/2020\/12\/Casa-del-Nino-2.jpg","keywords":["OFICIAL TRENQUE LAUQUEN"],"articleSection":["C2 N4"],"inLanguage":"es"},{"@type":"WebPage","@id":"https:\/\/infoecos.com.ar\/index.php\/este-viernes-se-realizara-el-cierre-anual-de-actividades-de-la-casa-del-nino\/","url":"https:\/\/infoecos.com.ar\/index.php\/este-viernes-se-realizara-el-cierre-anual-de-actividades-de-la-casa-del-nino\/","name":"Este viernes se realizar\u00e1 el cierre anual de actividades de la Casa del Ni\u00f1o - Infoecos","isPartOf":{"@id":"https:\/\/infoecos.com.ar\/#website"},"primaryImageOfPage":{"@id":"https:\/\/infoecos.com.ar\/index.php\/este-viernes-se-realizara-el-cierre-anual-de-actividades-de-la-casa-del-nino\/#primaryimage"},"image":{"@id":"https:\/\/infoecos.com.ar\/index.php\/este-viernes-se-realizara-el-cierre-anual-de-actividades-de-la-casa-del-nino\/#primaryimage"},"thumbnailUrl":"https:\/\/infoecos.com.ar\/wp-content\/uploads\/2020\/12\/Casa-del-Nino-2.jpg","datePublished":"2020-12-17T17:45:56+00:00","dateModified":"2020-12-17T17:46:00+00:00","breadcrumb":{"@id":"https:\/\/infoecos.com.ar\/index.php\/este-viernes-se-realizara-el-cierre-anual-de-actividades-de-la-casa-del-nino\/#breadcrumb"},"inLanguage":"es","potentialAction":[{"@type":"ReadAction","target":["https:\/\/infoecos.com.ar\/index.php\/este-viernes-se-realizara-el-cierre-anual-de-actividades-de-la-casa-del-nino\/"]}]},{"@type":"ImageObject","inLanguage":"es","@id":"https:\/\/infoecos.com.ar\/index.php\/este-viernes-se-realizara-el-cierre-anual-de-actividades-de-la-casa-del-nino\/#primaryimage","url":"https:\/\/infoecos.com.ar\/wp-content\/uploads\/2020\/12\/Casa-del-Nino-2.jpg","contentUrl":"https:\/\/infoecos.com.ar\/wp-content\/uploads\/2020\/12\/Casa-del-Nino-2.jpg","width":852,"height":568},{"@type":"BreadcrumbList","@id":"https:\/\/infoecos.com.ar\/index.php\/este-viernes-se-realizara-el-cierre-anual-de-actividades-de-la-casa-del-nino\/#breadcrumb","itemListElement":[{"@type":"ListItem","position":1,"name":"Portada","item":"https:\/\/infoecos.com.ar\/"},{"@type":"ListItem","position":2,"name":"Este viernes se realizar\u00e1 el cierre anual de actividades de la Casa del Ni\u00f1o"}]},{"@type":"WebSite","@id":"https:\/\/infoecos.com.ar\/#website","url":"https:\/\/infoecos.com.ar\/","name":"Infoecos","description":"Noticias de trenque lauquen y la zona","publisher":{"@id":"https:\/\/infoecos.com.ar\/#organization"},"alternateName":"Noticias","potentialAction":[{"@type":"SearchAction","target":{"@type":"EntryPoint","urlTemplate":"https:\/\/infoecos.com.ar\/?s={search_term_string}"},"query-input":{"@type":"PropertyValueSpecification","valueRequired":true,"valueName":"search_term_string"}}],"inLanguage":"es"},{"@type":"Organization","@id":"https:\/\/infoecos.com.ar\/#organization","name":"Infoecos","alternateName":"Noticias","url":"https:\/\/infoecos.com.ar\/","logo":{"@type":"ImageObject","inLanguage":"es","@id":"https:\/\/infoecos.com.ar\/#\/schema\/logo\/image\/","url":"https:\/\/infoecos.com.ar\/wp-content\/uploads\/2024\/03\/cropped-logo.png","contentUrl":"https:\/\/infoecos.com.ar\/wp-content\/uploads\/2024\/03\/cropped-logo.png","width":374,"height":90,"caption":"Infoecos"},"image":{"@id":"https:\/\/infoecos.com.ar\/#\/schema\/logo\/image\/"},"sameAs":["https:\/\/www.facebook.com\/profile.php?id=100063200290284","https:\/\/x.com\/infoecos"]},{"@type":"Person","@id":"https:\/\/infoecos.com.ar\/#\/schema\/person\/8f5ace5ce73b4b4aac4b7245aee6f191","name":"Jorge Matheus","url":"https:\/\/infoecos.com.ar\/index.php\/author\/jomatheus\/"}]}},"featured_image_urls":{"full":["https:\/\/infoecos.com.ar\/wp-content\/uploads\/2020\/12\/Casa-del-Nino-2.jpg",852,568,false],"thumbnail":["https:\/\/infoecos.com.ar\/wp-content\/uploads\/2020\/12\/Casa-del-Nino-2-150x150.jpg",150,150,true],"medium":["https:\/\/infoecos.com.ar\/wp-content\/uploads\/2020\/12\/Casa-del-Nino-2-460x307.jpg",460,307,true],"medium_large":["https:\/\/infoecos.com.ar\/wp-content\/uploads\/2020\/12\/Casa-del-Nino-2-768x512.jpg",640,427,true],"large":["https:\/\/infoecos.com.ar\/wp-content\/uploads\/2020\/12\/Casa-del-Nino-2.jpg",640,427,false],"1536x1536":["https:\/\/infoecos.com.ar\/wp-content\/uploads\/2020\/12\/Casa-del-Nino-2.jpg",852,568,false],"2048x2048":["https:\/\/infoecos.com.ar\/wp-content\/uploads\/2020\/12\/Casa-del-Nino-2.jpg",852,568,false],"covernews-slider-full":["https:\/\/infoecos.com.ar\/wp-content\/uploads\/2020\/12\/Casa-del-Nino-2.jpg",852,568,false],"covernews-slider-center":["https:\/\/infoecos.com.ar\/wp-content\/uploads\/2020\/12\/Casa-del-Nino-2.jpg",750,500,false],"covernews-featured":["https:\/\/infoecos.com.ar\/wp-content\/uploads\/2020\/12\/Casa-del-Nino-2.jpg",852,568,false],"covernews-medium":["https:\/\/infoecos.com.ar\/wp-content\/uploads\/2020\/12\/Casa-del-Nino-2-720x380.jpg",540,285,true],"covernews-medium-square":["https:\/\/infoecos.com.ar\/wp-content\/uploads\/2020\/12\/Casa-del-Nino-2-675x450.jpg",375,250,true]},"author_info":{"info":["Jorge Matheus"]},"category_info":"<a href=\"https:\/\/infoecos.com.ar\/index.php\/category\/c2nota4\/\" rel=\"category tag\">C2 N4<\/a>","tag_info":"C2 N4","comment_count":"0","_links":{"self":[{"href":"https:\/\/infoecos.com.ar\/index.php\/wp-json\/wp\/v2\/posts\/71511"}],"collection":[{"href":"https:\/\/infoecos.com.ar\/index.php\/wp-json\/wp\/v2\/posts"}],"about":[{"href":"https:\/\/infoecos.com.ar\/index.php\/wp-json\/wp\/v2\/types\/post"}],"author":[{"embeddable":true,"href":"https:\/\/infoecos.com.ar\/index.php\/wp-json\/wp\/v2\/users\/2"}],"replies":[{"embeddable":true,"href":"https:\/\/infoecos.com.ar\/index.php\/wp-json\/wp\/v2\/comments?post=71511"}],"version-history":[{"count":1,"href":"https:\/\/infoecos.com.ar\/index.php\/wp-json\/wp\/v2\/posts\/71511\/revisions"}],"predecessor-version":[{"id":71515,"href":"https:\/\/infoecos.com.ar\/index.php\/wp-json\/wp\/v2\/posts\/71511\/revisions\/71515"}],"wp:featuredmedia":[{"embeddable":true,"href":"https:\/\/infoecos.com.ar\/index.php\/wp-json\/wp\/v2\/media\/71514"}],"wp:attachment":[{"href":"https:\/\/infoecos.com.ar\/index.php\/wp-json\/wp\/v2\/media?parent=71511"}],"wp:term":[{"taxonomy":"category","embeddable":true,"href":"https:\/\/infoecos.com.ar\/index.php\/wp-json\/wp\/v2\/categories?post=71511"},{"taxonomy":"post_tag","embeddable":true,"href":"https:\/\/infoecos.com.ar\/index.php\/wp-json\/wp\/v2\/tags?post=71511"}],"curies":[{"name":"wp","href":"https:\/\/api.w.org\/{rel}","templated":true}]}}