{"id":71516,"date":"2020-12-17T14:52:06","date_gmt":"2020-12-17T17:52:06","guid":{"rendered":"http:\/\/infoecos.com.ar\/?p=71516"},"modified":"2020-12-19T03:16:07","modified_gmt":"2020-12-19T06:16:07","slug":"jovenes-del-programa-envion-arman-un-arbol-de-navidad-y-el-martes-se-sorteara-un-premio-entre-los-que-participaron-de-la-actividad","status":"publish","type":"post","link":"https:\/\/infoecos.com.ar\/index.php\/jovenes-del-programa-envion-arman-un-arbol-de-navidad-y-el-martes-se-sorteara-un-premio-entre-los-que-participaron-de-la-actividad\/","title":{"rendered":"J\u00f3venes del programa Envi\u00f3n arman \u00e1rbol de Navidad y el martes se sortear\u00e1 un premio entre los que participaron"},"content":{"rendered":"\n<p>Los j\u00f3venes del programa Envi\u00f3n en Trenque Lauquen participan activamente en el armado del \u00e1rbol de Navidad que est\u00e1 ubicado en el exterior de la sede que funciona en calle Schweitzer, entre Curie y Leloir, en los barrios Evita-Centenario y Parque.<\/p>\n\n\n\n<div class=\"wp-block-image\"><figure class=\"aligncenter size-medium\"><img loading=\"lazy\" decoding=\"async\" width=\"460\" height=\"316\" src=\"http:\/\/infoecos.com.ar\/wp-content\/uploads\/2020\/12\/Envion-460x316.jpeg\" alt=\"\" class=\"wp-image-71517\" srcset=\"https:\/\/infoecos.com.ar\/wp-content\/uploads\/2020\/12\/Envion-460x316.jpeg 460w, https:\/\/infoecos.com.ar\/wp-content\/uploads\/2020\/12\/Envion-920x632.jpeg 920w, https:\/\/infoecos.com.ar\/wp-content\/uploads\/2020\/12\/Envion-768x527.jpeg 768w, https:\/\/infoecos.com.ar\/wp-content\/uploads\/2020\/12\/Envion-1024x703.jpeg 1024w, https:\/\/infoecos.com.ar\/wp-content\/uploads\/2020\/12\/Envion.jpeg 1280w\" sizes=\"(max-width: 460px) 100vw, 460px\" \/><\/figure><\/div>\n\n\n\n<p>\u201cEl objetivo de esta actividad navide\u00f1a es que cada destinatario\/a se acerque y participe en la confecci\u00f3n del \u00e1rbol de Navidad colocando una cinta de color a su elecci\u00f3n, teniendo como horizonte la idea que ellos tienen sobre el programa al cual consideran su segunda casa\u201d, coment\u00f3 el coordinador del programa a nivel local, Carlos Luppi.<\/p>\n\n\n\n<p>Por tal motivo los j\u00f3venes se acercan, retiran una cinta para colocar en el \u00e1rbol, anotan su nombre en un papel y lo ingresan en una urna, ya que el pr\u00f3ximo martes 22 se realizar\u00e1 un sorteo en vivo de un lindo premio entre todos aquellos\/as que participaron de la actividad.<\/p>\n\n\n\n<div class=\"wp-block-image\"><figure class=\"aligncenter size-medium\"><img loading=\"lazy\" decoding=\"async\" width=\"460\" height=\"218\" src=\"http:\/\/infoecos.com.ar\/wp-content\/uploads\/2020\/12\/Envion-1-460x218.jpeg\" alt=\"\" class=\"wp-image-71518\" srcset=\"https:\/\/infoecos.com.ar\/wp-content\/uploads\/2020\/12\/Envion-1-460x218.jpeg 460w, https:\/\/infoecos.com.ar\/wp-content\/uploads\/2020\/12\/Envion-1-920x436.jpeg 920w, https:\/\/infoecos.com.ar\/wp-content\/uploads\/2020\/12\/Envion-1-768x364.jpeg 768w, https:\/\/infoecos.com.ar\/wp-content\/uploads\/2020\/12\/Envion-1-1024x485.jpeg 1024w, https:\/\/infoecos.com.ar\/wp-content\/uploads\/2020\/12\/Envion-1.jpeg 1032w\" sizes=\"(max-width: 460px) 100vw, 460px\" \/><\/figure><\/div>\n","protected":false},"excerpt":{"rendered":"<p>El \u00e1rbol de Navidad que est\u00e1 ubicado en el exterior de la sede que funciona en calle Schweitzer, entre Curie y Leloir, en los barrios Evita-Centenario y Parque<\/p>\n","protected":false},"author":2,"featured_media":71517,"comment_status":"closed","ping_status":"open","sticky":false,"template":"","format":"standard","meta":{"footnotes":""},"categories":[1614],"tags":[2399],"class_list":["post-71516","post","type-post","status-publish","format-standard","has-post-thumbnail","hentry","category-c2nota7","tag-oficial-trenque-lauquen"],"yoast_head":"<!-- This site is optimized with the Yoast SEO plugin v23.4 - https:\/\/yoast.com\/wordpress\/plugins\/seo\/ -->\n<title>J\u00f3venes del programa Envi\u00f3n arman \u00e1rbol de Navidad y el martes se sortear\u00e1 un premio entre los que participaron - Infoecos<\/title>\n<meta name=\"robots\" content=\"index, follow, max-snippet:-1, max-image-preview:large, max-video-preview:-1\" \/>\n<link rel=\"canonical\" href=\"https:\/\/infoecos.com.ar\/index.php\/jovenes-del-programa-envion-arman-un-arbol-de-navidad-y-el-martes-se-sorteara-un-premio-entre-los-que-participaron-de-la-actividad\/\" \/>\n<meta property=\"og:locale\" content=\"es_ES\" \/>\n<meta property=\"og:type\" content=\"article\" \/>\n<meta property=\"og:title\" content=\"J\u00f3venes del programa Envi\u00f3n arman \u00e1rbol de Navidad y el martes se sortear\u00e1 un premio entre los que participaron - Infoecos\" \/>\n<meta property=\"og:description\" content=\"El \u00e1rbol de Navidad que est\u00e1 ubicado en el exterior de la sede que funciona en calle Schweitzer, entre Curie y Leloir, en los barrios Evita-Centenario y Parque\" \/>\n<meta property=\"og:url\" content=\"https:\/\/infoecos.com.ar\/index.php\/jovenes-del-programa-envion-arman-un-arbol-de-navidad-y-el-martes-se-sorteara-un-premio-entre-los-que-participaron-de-la-actividad\/\" \/>\n<meta property=\"og:site_name\" content=\"Infoecos\" \/>\n<meta property=\"article:publisher\" content=\"https:\/\/www.facebook.com\/profile.php?id=100063200290284\" \/>\n<meta property=\"article:published_time\" content=\"2020-12-17T17:52:06+00:00\" \/>\n<meta property=\"article:modified_time\" content=\"2020-12-19T06:16:07+00:00\" \/>\n<meta property=\"og:image\" content=\"https:\/\/infoecos.com.ar\/wp-content\/uploads\/2020\/12\/Envion.jpeg\" \/>\n\t<meta property=\"og:image:width\" content=\"1280\" \/>\n\t<meta property=\"og:image:height\" content=\"879\" \/>\n\t<meta property=\"og:image:type\" content=\"image\/jpeg\" \/>\n<meta name=\"author\" content=\"Jorge Matheus\" \/>\n<meta name=\"twitter:card\" content=\"summary_large_image\" \/>\n<meta name=\"twitter:creator\" content=\"@infoecos\" \/>\n<meta name=\"twitter:site\" content=\"@infoecos\" \/>\n<meta name=\"twitter:label1\" content=\"Escrito por\" \/>\n\t<meta name=\"twitter:data1\" content=\"Jorge Matheus\" \/>\n\t<meta name=\"twitter:label2\" content=\"Tiempo de lectura\" \/>\n\t<meta name=\"twitter:data2\" content=\"1 minuto\" \/>\n<script type=\"application\/ld+json\" class=\"yoast-schema-graph\">{\"@context\":\"https:\/\/schema.org\",\"@graph\":[{\"@type\":\"Article\",\"@id\":\"https:\/\/infoecos.com.ar\/index.php\/jovenes-del-programa-envion-arman-un-arbol-de-navidad-y-el-martes-se-sorteara-un-premio-entre-los-que-participaron-de-la-actividad\/#article\",\"isPartOf\":{\"@id\":\"https:\/\/infoecos.com.ar\/index.php\/jovenes-del-programa-envion-arman-un-arbol-de-navidad-y-el-martes-se-sorteara-un-premio-entre-los-que-participaron-de-la-actividad\/\"},\"author\":{\"name\":\"Jorge Matheus\",\"@id\":\"https:\/\/infoecos.com.ar\/#\/schema\/person\/8f5ace5ce73b4b4aac4b7245aee6f191\"},\"headline\":\"J\u00f3venes del programa Envi\u00f3n arman \u00e1rbol de Navidad y el martes se sortear\u00e1 un premio entre los que participaron\",\"datePublished\":\"2020-12-17T17:52:06+00:00\",\"dateModified\":\"2020-12-19T06:16:07+00:00\",\"mainEntityOfPage\":{\"@id\":\"https:\/\/infoecos.com.ar\/index.php\/jovenes-del-programa-envion-arman-un-arbol-de-navidad-y-el-martes-se-sorteara-un-premio-entre-los-que-participaron-de-la-actividad\/\"},\"wordCount\":177,\"publisher\":{\"@id\":\"https:\/\/infoecos.com.ar\/#organization\"},\"image\":{\"@id\":\"https:\/\/infoecos.com.ar\/index.php\/jovenes-del-programa-envion-arman-un-arbol-de-navidad-y-el-martes-se-sorteara-un-premio-entre-los-que-participaron-de-la-actividad\/#primaryimage\"},\"thumbnailUrl\":\"https:\/\/infoecos.com.ar\/wp-content\/uploads\/2020\/12\/Envion.jpeg\",\"keywords\":[\"OFICIAL TRENQUE LAUQUEN\"],\"articleSection\":[\"C2 N7\"],\"inLanguage\":\"es\"},{\"@type\":\"WebPage\",\"@id\":\"https:\/\/infoecos.com.ar\/index.php\/jovenes-del-programa-envion-arman-un-arbol-de-navidad-y-el-martes-se-sorteara-un-premio-entre-los-que-participaron-de-la-actividad\/\",\"url\":\"https:\/\/infoecos.com.ar\/index.php\/jovenes-del-programa-envion-arman-un-arbol-de-navidad-y-el-martes-se-sorteara-un-premio-entre-los-que-participaron-de-la-actividad\/\",\"name\":\"J\u00f3venes del programa Envi\u00f3n arman \u00e1rbol de Navidad y el martes se sortear\u00e1 un premio entre los que participaron - Infoecos\",\"isPartOf\":{\"@id\":\"https:\/\/infoecos.com.ar\/#website\"},\"primaryImageOfPage\":{\"@id\":\"https:\/\/infoecos.com.ar\/index.php\/jovenes-del-programa-envion-arman-un-arbol-de-navidad-y-el-martes-se-sorteara-un-premio-entre-los-que-participaron-de-la-actividad\/#primaryimage\"},\"image\":{\"@id\":\"https:\/\/infoecos.com.ar\/index.php\/jovenes-del-programa-envion-arman-un-arbol-de-navidad-y-el-martes-se-sorteara-un-premio-entre-los-que-participaron-de-la-actividad\/#primaryimage\"},\"thumbnailUrl\":\"https:\/\/infoecos.com.ar\/wp-content\/uploads\/2020\/12\/Envion.jpeg\",\"datePublished\":\"2020-12-17T17:52:06+00:00\",\"dateModified\":\"2020-12-19T06:16:07+00:00\",\"breadcrumb\":{\"@id\":\"https:\/\/infoecos.com.ar\/index.php\/jovenes-del-programa-envion-arman-un-arbol-de-navidad-y-el-martes-se-sorteara-un-premio-entre-los-que-participaron-de-la-actividad\/#breadcrumb\"},\"inLanguage\":\"es\",\"potentialAction\":[{\"@type\":\"ReadAction\",\"target\":[\"https:\/\/infoecos.com.ar\/index.php\/jovenes-del-programa-envion-arman-un-arbol-de-navidad-y-el-martes-se-sorteara-un-premio-entre-los-que-participaron-de-la-actividad\/\"]}]},{\"@type\":\"ImageObject\",\"inLanguage\":\"es\",\"@id\":\"https:\/\/infoecos.com.ar\/index.php\/jovenes-del-programa-envion-arman-un-arbol-de-navidad-y-el-martes-se-sorteara-un-premio-entre-los-que-participaron-de-la-actividad\/#primaryimage\",\"url\":\"https:\/\/infoecos.com.ar\/wp-content\/uploads\/2020\/12\/Envion.jpeg\",\"contentUrl\":\"https:\/\/infoecos.com.ar\/wp-content\/uploads\/2020\/12\/Envion.jpeg\",\"width\":1280,\"height\":879},{\"@type\":\"BreadcrumbList\",\"@id\":\"https:\/\/infoecos.com.ar\/index.php\/jovenes-del-programa-envion-arman-un-arbol-de-navidad-y-el-martes-se-sorteara-un-premio-entre-los-que-participaron-de-la-actividad\/#breadcrumb\",\"itemListElement\":[{\"@type\":\"ListItem\",\"position\":1,\"name\":\"Portada\",\"item\":\"https:\/\/infoecos.com.ar\/\"},{\"@type\":\"ListItem\",\"position\":2,\"name\":\"J\u00f3venes del programa Envi\u00f3n arman \u00e1rbol de Navidad y el martes se sortear\u00e1 un premio entre los que participaron\"}]},{\"@type\":\"WebSite\",\"@id\":\"https:\/\/infoecos.com.ar\/#website\",\"url\":\"https:\/\/infoecos.com.ar\/\",\"name\":\"Infoecos\",\"description\":\"Noticias de trenque lauquen y la zona\",\"publisher\":{\"@id\":\"https:\/\/infoecos.com.ar\/#organization\"},\"alternateName\":\"Noticias\",\"potentialAction\":[{\"@type\":\"SearchAction\",\"target\":{\"@type\":\"EntryPoint\",\"urlTemplate\":\"https:\/\/infoecos.com.ar\/?s={search_term_string}\"},\"query-input\":{\"@type\":\"PropertyValueSpecification\",\"valueRequired\":true,\"valueName\":\"search_term_string\"}}],\"inLanguage\":\"es\"},{\"@type\":\"Organization\",\"@id\":\"https:\/\/infoecos.com.ar\/#organization\",\"name\":\"Infoecos\",\"alternateName\":\"Noticias\",\"url\":\"https:\/\/infoecos.com.ar\/\",\"logo\":{\"@type\":\"ImageObject\",\"inLanguage\":\"es\",\"@id\":\"https:\/\/infoecos.com.ar\/#\/schema\/logo\/image\/\",\"url\":\"https:\/\/infoecos.com.ar\/wp-content\/uploads\/2024\/03\/cropped-logo.png\",\"contentUrl\":\"https:\/\/infoecos.com.ar\/wp-content\/uploads\/2024\/03\/cropped-logo.png\",\"width\":374,\"height\":90,\"caption\":\"Infoecos\"},\"image\":{\"@id\":\"https:\/\/infoecos.com.ar\/#\/schema\/logo\/image\/\"},\"sameAs\":[\"https:\/\/www.facebook.com\/profile.php?id=100063200290284\",\"https:\/\/x.com\/infoecos\"]},{\"@type\":\"Person\",\"@id\":\"https:\/\/infoecos.com.ar\/#\/schema\/person\/8f5ace5ce73b4b4aac4b7245aee6f191\",\"name\":\"Jorge Matheus\",\"url\":\"https:\/\/infoecos.com.ar\/index.php\/author\/jomatheus\/\"}]}<\/script>\n<!-- \/ Yoast SEO plugin. -->","yoast_head_json":{"title":"J\u00f3venes del programa Envi\u00f3n arman \u00e1rbol de Navidad y el martes se sortear\u00e1 un premio entre los que participaron - Infoecos","robots":{"index":"index","follow":"follow","max-snippet":"max-snippet:-1","max-image-preview":"max-image-preview:large","max-video-preview":"max-video-preview:-1"},"canonical":"https:\/\/infoecos.com.ar\/index.php\/jovenes-del-programa-envion-arman-un-arbol-de-navidad-y-el-martes-se-sorteara-un-premio-entre-los-que-participaron-de-la-actividad\/","og_locale":"es_ES","og_type":"article","og_title":"J\u00f3venes del programa Envi\u00f3n arman \u00e1rbol de Navidad y el martes se sortear\u00e1 un premio entre los que participaron - Infoecos","og_description":"El \u00e1rbol de Navidad que est\u00e1 ubicado en el exterior de la sede que funciona en calle Schweitzer, entre Curie y Leloir, en los barrios Evita-Centenario y Parque","og_url":"https:\/\/infoecos.com.ar\/index.php\/jovenes-del-programa-envion-arman-un-arbol-de-navidad-y-el-martes-se-sorteara-un-premio-entre-los-que-participaron-de-la-actividad\/","og_site_name":"Infoecos","article_publisher":"https:\/\/www.facebook.com\/profile.php?id=100063200290284","article_published_time":"2020-12-17T17:52:06+00:00","article_modified_time":"2020-12-19T06:16:07+00:00","og_image":[{"width":1280,"height":879,"url":"https:\/\/infoecos.com.ar\/wp-content\/uploads\/2020\/12\/Envion.jpeg","type":"image\/jpeg"}],"author":"Jorge Matheus","twitter_card":"summary_large_image","twitter_creator":"@infoecos","twitter_site":"@infoecos","twitter_misc":{"Escrito por":"Jorge Matheus","Tiempo de lectura":"1 minuto"},"schema":{"@context":"https:\/\/schema.org","@graph":[{"@type":"Article","@id":"https:\/\/infoecos.com.ar\/index.php\/jovenes-del-programa-envion-arman-un-arbol-de-navidad-y-el-martes-se-sorteara-un-premio-entre-los-que-participaron-de-la-actividad\/#article","isPartOf":{"@id":"https:\/\/infoecos.com.ar\/index.php\/jovenes-del-programa-envion-arman-un-arbol-de-navidad-y-el-martes-se-sorteara-un-premio-entre-los-que-participaron-de-la-actividad\/"},"author":{"name":"Jorge Matheus","@id":"https:\/\/infoecos.com.ar\/#\/schema\/person\/8f5ace5ce73b4b4aac4b7245aee6f191"},"headline":"J\u00f3venes del programa Envi\u00f3n arman \u00e1rbol de Navidad y el martes se sortear\u00e1 un premio entre los que participaron","datePublished":"2020-12-17T17:52:06+00:00","dateModified":"2020-12-19T06:16:07+00:00","mainEntityOfPage":{"@id":"https:\/\/infoecos.com.ar\/index.php\/jovenes-del-programa-envion-arman-un-arbol-de-navidad-y-el-martes-se-sorteara-un-premio-entre-los-que-participaron-de-la-actividad\/"},"wordCount":177,"publisher":{"@id":"https:\/\/infoecos.com.ar\/#organization"},"image":{"@id":"https:\/\/infoecos.com.ar\/index.php\/jovenes-del-programa-envion-arman-un-arbol-de-navidad-y-el-martes-se-sorteara-un-premio-entre-los-que-participaron-de-la-actividad\/#primaryimage"},"thumbnailUrl":"https:\/\/infoecos.com.ar\/wp-content\/uploads\/2020\/12\/Envion.jpeg","keywords":["OFICIAL TRENQUE LAUQUEN"],"articleSection":["C2 N7"],"inLanguage":"es"},{"@type":"WebPage","@id":"https:\/\/infoecos.com.ar\/index.php\/jovenes-del-programa-envion-arman-un-arbol-de-navidad-y-el-martes-se-sorteara-un-premio-entre-los-que-participaron-de-la-actividad\/","url":"https:\/\/infoecos.com.ar\/index.php\/jovenes-del-programa-envion-arman-un-arbol-de-navidad-y-el-martes-se-sorteara-un-premio-entre-los-que-participaron-de-la-actividad\/","name":"J\u00f3venes del programa Envi\u00f3n arman \u00e1rbol de Navidad y el martes se sortear\u00e1 un premio entre los que participaron - Infoecos","isPartOf":{"@id":"https:\/\/infoecos.com.ar\/#website"},"primaryImageOfPage":{"@id":"https:\/\/infoecos.com.ar\/index.php\/jovenes-del-programa-envion-arman-un-arbol-de-navidad-y-el-martes-se-sorteara-un-premio-entre-los-que-participaron-de-la-actividad\/#primaryimage"},"image":{"@id":"https:\/\/infoecos.com.ar\/index.php\/jovenes-del-programa-envion-arman-un-arbol-de-navidad-y-el-martes-se-sorteara-un-premio-entre-los-que-participaron-de-la-actividad\/#primaryimage"},"thumbnailUrl":"https:\/\/infoecos.com.ar\/wp-content\/uploads\/2020\/12\/Envion.jpeg","datePublished":"2020-12-17T17:52:06+00:00","dateModified":"2020-12-19T06:16:07+00:00","breadcrumb":{"@id":"https:\/\/infoecos.com.ar\/index.php\/jovenes-del-programa-envion-arman-un-arbol-de-navidad-y-el-martes-se-sorteara-un-premio-entre-los-que-participaron-de-la-actividad\/#breadcrumb"},"inLanguage":"es","potentialAction":[{"@type":"ReadAction","target":["https:\/\/infoecos.com.ar\/index.php\/jovenes-del-programa-envion-arman-un-arbol-de-navidad-y-el-martes-se-sorteara-un-premio-entre-los-que-participaron-de-la-actividad\/"]}]},{"@type":"ImageObject","inLanguage":"es","@id":"https:\/\/infoecos.com.ar\/index.php\/jovenes-del-programa-envion-arman-un-arbol-de-navidad-y-el-martes-se-sorteara-un-premio-entre-los-que-participaron-de-la-actividad\/#primaryimage","url":"https:\/\/infoecos.com.ar\/wp-content\/uploads\/2020\/12\/Envion.jpeg","contentUrl":"https:\/\/infoecos.com.ar\/wp-content\/uploads\/2020\/12\/Envion.jpeg","width":1280,"height":879},{"@type":"BreadcrumbList","@id":"https:\/\/infoecos.com.ar\/index.php\/jovenes-del-programa-envion-arman-un-arbol-de-navidad-y-el-martes-se-sorteara-un-premio-entre-los-que-participaron-de-la-actividad\/#breadcrumb","itemListElement":[{"@type":"ListItem","position":1,"name":"Portada","item":"https:\/\/infoecos.com.ar\/"},{"@type":"ListItem","position":2,"name":"J\u00f3venes del programa Envi\u00f3n arman \u00e1rbol de Navidad y el martes se sortear\u00e1 un premio entre los que participaron"}]},{"@type":"WebSite","@id":"https:\/\/infoecos.com.ar\/#website","url":"https:\/\/infoecos.com.ar\/","name":"Infoecos","description":"Noticias de trenque lauquen y la zona","publisher":{"@id":"https:\/\/infoecos.com.ar\/#organization"},"alternateName":"Noticias","potentialAction":[{"@type":"SearchAction","target":{"@type":"EntryPoint","urlTemplate":"https:\/\/infoecos.com.ar\/?s={search_term_string}"},"query-input":{"@type":"PropertyValueSpecification","valueRequired":true,"valueName":"search_term_string"}}],"inLanguage":"es"},{"@type":"Organization","@id":"https:\/\/infoecos.com.ar\/#organization","name":"Infoecos","alternateName":"Noticias","url":"https:\/\/infoecos.com.ar\/","logo":{"@type":"ImageObject","inLanguage":"es","@id":"https:\/\/infoecos.com.ar\/#\/schema\/logo\/image\/","url":"https:\/\/infoecos.com.ar\/wp-content\/uploads\/2024\/03\/cropped-logo.png","contentUrl":"https:\/\/infoecos.com.ar\/wp-content\/uploads\/2024\/03\/cropped-logo.png","width":374,"height":90,"caption":"Infoecos"},"image":{"@id":"https:\/\/infoecos.com.ar\/#\/schema\/logo\/image\/"},"sameAs":["https:\/\/www.facebook.com\/profile.php?id=100063200290284","https:\/\/x.com\/infoecos"]},{"@type":"Person","@id":"https:\/\/infoecos.com.ar\/#\/schema\/person\/8f5ace5ce73b4b4aac4b7245aee6f191","name":"Jorge Matheus","url":"https:\/\/infoecos.com.ar\/index.php\/author\/jomatheus\/"}]}},"featured_image_urls":{"full":["https:\/\/infoecos.com.ar\/wp-content\/uploads\/2020\/12\/Envion.jpeg",1280,879,false],"thumbnail":["https:\/\/infoecos.com.ar\/wp-content\/uploads\/2020\/12\/Envion-150x150.jpeg",150,150,true],"medium":["https:\/\/infoecos.com.ar\/wp-content\/uploads\/2020\/12\/Envion-460x316.jpeg",460,316,true],"medium_large":["https:\/\/infoecos.com.ar\/wp-content\/uploads\/2020\/12\/Envion-768x527.jpeg",640,439,true],"large":["https:\/\/infoecos.com.ar\/wp-content\/uploads\/2020\/12\/Envion-920x632.jpeg",640,440,true],"1536x1536":["https:\/\/infoecos.com.ar\/wp-content\/uploads\/2020\/12\/Envion.jpeg",1280,879,false],"2048x2048":["https:\/\/infoecos.com.ar\/wp-content\/uploads\/2020\/12\/Envion.jpeg",1280,879,false],"covernews-slider-full":["https:\/\/infoecos.com.ar\/wp-content\/uploads\/2020\/12\/Envion.jpeg",1041,715,false],"covernews-slider-center":["https:\/\/infoecos.com.ar\/wp-content\/uploads\/2020\/12\/Envion-936x879.jpeg",532,500,true],"covernews-featured":["https:\/\/infoecos.com.ar\/wp-content\/uploads\/2020\/12\/Envion-1024x703.jpeg",1024,703,true],"covernews-medium":["https:\/\/infoecos.com.ar\/wp-content\/uploads\/2020\/12\/Envion-720x380.jpeg",540,285,true],"covernews-medium-square":["https:\/\/infoecos.com.ar\/wp-content\/uploads\/2020\/12\/Envion-675x450.jpeg",375,250,true]},"author_info":{"info":["Jorge Matheus"]},"category_info":"<a href=\"https:\/\/infoecos.com.ar\/index.php\/category\/c2nota7\/\" rel=\"category tag\">C2 N7<\/a>","tag_info":"C2 N7","comment_count":"0","_links":{"self":[{"href":"https:\/\/infoecos.com.ar\/index.php\/wp-json\/wp\/v2\/posts\/71516"}],"collection":[{"href":"https:\/\/infoecos.com.ar\/index.php\/wp-json\/wp\/v2\/posts"}],"about":[{"href":"https:\/\/infoecos.com.ar\/index.php\/wp-json\/wp\/v2\/types\/post"}],"author":[{"embeddable":true,"href":"https:\/\/infoecos.com.ar\/index.php\/wp-json\/wp\/v2\/users\/2"}],"replies":[{"embeddable":true,"href":"https:\/\/infoecos.com.ar\/index.php\/wp-json\/wp\/v2\/comments?post=71516"}],"version-history":[{"count":2,"href":"https:\/\/infoecos.com.ar\/index.php\/wp-json\/wp\/v2\/posts\/71516\/revisions"}],"predecessor-version":[{"id":71520,"href":"https:\/\/infoecos.com.ar\/index.php\/wp-json\/wp\/v2\/posts\/71516\/revisions\/71520"}],"wp:featuredmedia":[{"embeddable":true,"href":"https:\/\/infoecos.com.ar\/index.php\/wp-json\/wp\/v2\/media\/71517"}],"wp:attachment":[{"href":"https:\/\/infoecos.com.ar\/index.php\/wp-json\/wp\/v2\/media?parent=71516"}],"wp:term":[{"taxonomy":"category","embeddable":true,"href":"https:\/\/infoecos.com.ar\/index.php\/wp-json\/wp\/v2\/categories?post=71516"},{"taxonomy":"post_tag","embeddable":true,"href":"https:\/\/infoecos.com.ar\/index.php\/wp-json\/wp\/v2\/tags?post=71516"}],"curies":[{"name":"wp","href":"https:\/\/api.w.org\/{rel}","templated":true}]}}