{"id":71526,"date":"2020-12-17T21:57:00","date_gmt":"2020-12-18T00:57:00","guid":{"rendered":"http:\/\/infoecos.com.ar\/?p=71526"},"modified":"2020-12-18T15:40:13","modified_gmt":"2020-12-18T18:40:13","slug":"kicillof-se-reunio-con-intendentes-e-integrantes-del-comite-de-expertos-y-llamo-a-fortalecer-los-cuidados","status":"publish","type":"post","link":"https:\/\/infoecos.com.ar\/index.php\/kicillof-se-reunio-con-intendentes-e-integrantes-del-comite-de-expertos-y-llamo-a-fortalecer-los-cuidados\/","title":{"rendered":"Kicillof se reuni\u00f3 con intendentes e integrantes del Comit\u00e9 de Expertos y llam\u00f3 a fortalecer los cuidados"},"content":{"rendered":"\n<p class=\"wp-block-paragraph\">El gobernador Axel Kicillof se reuni\u00f3 este jueves con intendentes e integrantes del Comit\u00e9 de Expertos para abordar la situaci\u00f3n epidemiol\u00f3gica de la provincia de Buenos Aires y coordinar los pasos a seguir en vistas de la pr\u00f3xima etapa del Distanciamiento Social Preventivo y Obligatorio (DISPO). Participaron&nbsp; tambi\u00e9n la vicegobernadora, Ver\u00f3nica Magario; el jefe de Gabinete, Carlos Bianco; la ministra de Gobierno, Teresa Garc\u00eda; el ministro de Salud, Daniel Gollan, y el viceministro Nicol\u00e1s Kreplak.<\/p>\n\n\n\n<div class=\"wp-block-image\"><figure class=\"aligncenter size-medium\"><img loading=\"lazy\" decoding=\"async\" width=\"460\" height=\"306\" src=\"http:\/\/infoecos.com.ar\/wp-content\/uploads\/2020\/12\/201217-AK-CONF_5764-460x306.jpg\" alt=\"\" class=\"wp-image-71527\" srcset=\"https:\/\/infoecos.com.ar\/wp-content\/uploads\/2020\/12\/201217-AK-CONF_5764-460x306.jpg 460w, https:\/\/infoecos.com.ar\/wp-content\/uploads\/2020\/12\/201217-AK-CONF_5764-920x612.jpg 920w, https:\/\/infoecos.com.ar\/wp-content\/uploads\/2020\/12\/201217-AK-CONF_5764-768x511.jpg 768w, https:\/\/infoecos.com.ar\/wp-content\/uploads\/2020\/12\/201217-AK-CONF_5764-1536x1020.jpg 1536w, https:\/\/infoecos.com.ar\/wp-content\/uploads\/2020\/12\/201217-AK-CONF_5764-2048x1363.jpg 2048w, https:\/\/infoecos.com.ar\/wp-content\/uploads\/2020\/12\/201217-AK-CONF_5764-1024x682.jpg 1024w, https:\/\/infoecos.com.ar\/wp-content\/uploads\/2020\/12\/201217-AK-CONF_5764-675x450.jpg 675w\" sizes=\"auto, (max-width: 460px) 100vw, 460px\" \/><\/figure><\/div>\n\n\n\n<p class=\"wp-block-paragraph\">Durante la reuni\u00f3n virtual con especialistas, Kicillof sostuvo que \u201cestamos en un momento que requiere reforzar las campa\u00f1as de cuidado, en tanto que se redujo la velocidad de ca\u00edda de los casos positivos que llevaba m\u00e1s de tres meses\u201d. \u201cHemos pasado de una situaci\u00f3n de disminuci\u00f3n sostenida a otra de estancamiento e incluso de aumento en algunos distritos\u201d, agreg\u00f3.<\/p>\n\n\n\n<p class=\"wp-block-paragraph\">Por su parte, Gollan remarc\u00f3: \u201cEstamos viendo con preocupaci\u00f3n el aumento de los casos, ya que ayer hubo 800 m\u00e1s que el mi\u00e9rcoles de la semana pasada, y tambi\u00e9n se reciben m\u00e1s llamados al 148\u201d. Asimismo indic\u00f3 que \u201cen toda la Provincia sigue funcionando el sistema de fases y hoy estamos observando con mucha atenci\u00f3n lo que sucede en Mar del Plata de cara a la temporada tur\u00edstica\u201d.<\/p>\n\n\n\n<div class=\"wp-block-image\"><figure class=\"aligncenter size-medium\"><img loading=\"lazy\" decoding=\"async\" width=\"460\" height=\"306\" src=\"http:\/\/infoecos.com.ar\/wp-content\/uploads\/2020\/12\/201217-AK-CONF_5694-460x306.jpg\" alt=\"\" class=\"wp-image-71528\" srcset=\"https:\/\/infoecos.com.ar\/wp-content\/uploads\/2020\/12\/201217-AK-CONF_5694-460x306.jpg 460w, https:\/\/infoecos.com.ar\/wp-content\/uploads\/2020\/12\/201217-AK-CONF_5694-920x612.jpg 920w, https:\/\/infoecos.com.ar\/wp-content\/uploads\/2020\/12\/201217-AK-CONF_5694-768x511.jpg 768w, https:\/\/infoecos.com.ar\/wp-content\/uploads\/2020\/12\/201217-AK-CONF_5694-1536x1020.jpg 1536w, https:\/\/infoecos.com.ar\/wp-content\/uploads\/2020\/12\/201217-AK-CONF_5694-2048x1363.jpg 2048w, https:\/\/infoecos.com.ar\/wp-content\/uploads\/2020\/12\/201217-AK-CONF_5694-1024x681.jpg 1024w, https:\/\/infoecos.com.ar\/wp-content\/uploads\/2020\/12\/201217-AK-CONF_5694-675x450.jpg 675w\" sizes=\"auto, (max-width: 460px) 100vw, 460px\" \/><\/figure><\/div>\n\n\n\n<p class=\"wp-block-paragraph\">El especialista Jorge Rachid hizo hincapi\u00e9 en \u201cla importancia de apuntalar que los j\u00f3venes deben seguir teniendo actitudes responsables para cuidar a sus familias\u201d.&nbsp;<\/p>\n\n\n\n<p class=\"wp-block-paragraph\">A continuaci\u00f3n, Kicillof dialog\u00f3 con intendentes e intendentas de toda la Provincia y coincidi\u00f3 en \u201cla necesidad de fortalecer los cuidados en los d\u00edas previos a las fiestas para evitar que se conviertan en un momento de preocupaci\u00f3n\u201d.&nbsp;<\/p>\n\n\n\n<p class=\"wp-block-paragraph\">Por otra parte, se refiri\u00f3 a la preparaci\u00f3n de la campa\u00f1a de vacunaci\u00f3n y destac\u00f3 que \u201cen la Argentina, las autoridades sanitarias est\u00e1n tomando todos los recaudos necesarios para alcanzar los mayores est\u00e1ndares de seguridad y eficacia en la aplicaci\u00f3n de las vacunas\u201d.<\/p>\n\n\n\n<div class=\"wp-block-image\"><figure class=\"aligncenter size-medium\"><img loading=\"lazy\" decoding=\"async\" width=\"460\" height=\"306\" src=\"http:\/\/infoecos.com.ar\/wp-content\/uploads\/2020\/12\/201217-AK-CONF_5835-460x306.jpg\" alt=\"\" class=\"wp-image-71529\" srcset=\"https:\/\/infoecos.com.ar\/wp-content\/uploads\/2020\/12\/201217-AK-CONF_5835-460x306.jpg 460w, https:\/\/infoecos.com.ar\/wp-content\/uploads\/2020\/12\/201217-AK-CONF_5835-920x612.jpg 920w, https:\/\/infoecos.com.ar\/wp-content\/uploads\/2020\/12\/201217-AK-CONF_5835-768x511.jpg 768w, https:\/\/infoecos.com.ar\/wp-content\/uploads\/2020\/12\/201217-AK-CONF_5835-1536x1020.jpg 1536w, https:\/\/infoecos.com.ar\/wp-content\/uploads\/2020\/12\/201217-AK-CONF_5835-2048x1363.jpg 2048w, https:\/\/infoecos.com.ar\/wp-content\/uploads\/2020\/12\/201217-AK-CONF_5835-1024x681.jpg 1024w, https:\/\/infoecos.com.ar\/wp-content\/uploads\/2020\/12\/201217-AK-CONF_5835-675x450.jpg 675w\" sizes=\"auto, (max-width: 460px) 100vw, 460px\" \/><\/figure><\/div>\n\n\n\n<p class=\"wp-block-paragraph\">Asimismo, Magario destac\u00f3 \u201cel compromiso y la responsabilidad para llevar adelante un gran tarea en conjunto sobre el territorio, con todos los intendentes e intendentas, para que las vacunas lleguen primero a quienes m\u00e1s las necesitan\u201d.<\/p>\n\n\n\n<p class=\"wp-block-paragraph\">\u201cEl 2021 ser\u00e1 el a\u00f1o del proceso de vacunaci\u00f3n. Estamos trabajando en un operativo muy ambicioso, que contempla los aspectos de log\u00edstica y extensi\u00f3n territorial de toda la Provincia\u201d, concluy\u00f3 el Gobernador.<br><\/p>\n","protected":false},"excerpt":{"rendered":"<p>\u201cHemos pasado de una situaci\u00f3n de disminuci\u00f3n sostenida a otra de estancamiento e incluso de aumento en algunos distritos\u201d, se\u00f1al\u00f3 entre otras cosas<\/p>\n","protected":false},"author":2,"featured_media":71530,"comment_status":"closed","ping_status":"open","sticky":false,"template":"","format":"standard","meta":{"footnotes":""},"categories":[51],"tags":[1785],"class_list":["post-71526","post","type-post","status-publish","format-standard","has-post-thumbnail","hentry","category-c2nota4","tag-coronavirus"],"featured_image_urls":{"full":["https:\/\/infoecos.com.ar\/wp-content\/uploads\/2020\/12\/201217-AK-CONF_5729-scaled.jpg",2560,1704,false],"thumbnail":["https:\/\/infoecos.com.ar\/wp-content\/uploads\/2020\/12\/201217-AK-CONF_5729-150x150.jpg",150,150,true],"medium":["https:\/\/infoecos.com.ar\/wp-content\/uploads\/2020\/12\/201217-AK-CONF_5729-460x306.jpg",460,306,true],"medium_large":["https:\/\/infoecos.com.ar\/wp-content\/uploads\/2020\/12\/201217-AK-CONF_5729-768x511.jpg",640,426,true],"large":["https:\/\/infoecos.com.ar\/wp-content\/uploads\/2020\/12\/201217-AK-CONF_5729-920x612.jpg",640,426,true],"1536x1536":["https:\/\/infoecos.com.ar\/wp-content\/uploads\/2020\/12\/201217-AK-CONF_5729-1536x1023.jpg",1536,1023,true],"2048x2048":["https:\/\/infoecos.com.ar\/wp-content\/uploads\/2020\/12\/201217-AK-CONF_5729-2048x1363.jpg",2048,1363,true],"covernews-slider-full":["https:\/\/infoecos.com.ar\/wp-content\/uploads\/2020\/12\/201217-AK-CONF_5729-1536x1020.jpg",1077,715,true],"covernews-slider-center":["https:\/\/infoecos.com.ar\/wp-content\/uploads\/2020\/12\/201217-AK-CONF_5729-936x897.jpg",522,500,true],"covernews-featured":["https:\/\/infoecos.com.ar\/wp-content\/uploads\/2020\/12\/201217-AK-CONF_5729-1024x682.jpg",1024,682,true],"covernews-medium":["https:\/\/infoecos.com.ar\/wp-content\/uploads\/2020\/12\/201217-AK-CONF_5729-720x380.jpg",540,285,true],"covernews-medium-square":["https:\/\/infoecos.com.ar\/wp-content\/uploads\/2020\/12\/201217-AK-CONF_5729-675x450.jpg",375,250,true]},"author_info":{"info":["Jorge Matheus"]},"category_info":"<a href=\"https:\/\/infoecos.com.ar\/index.php\/category\/c2nota4\/\" rel=\"category tag\">C2 N4<\/a>","tag_info":"C2 N4","comment_count":"0","_links":{"self":[{"href":"https:\/\/infoecos.com.ar\/index.php\/wp-json\/wp\/v2\/posts\/71526","targetHints":{"allow":["GET"]}}],"collection":[{"href":"https:\/\/infoecos.com.ar\/index.php\/wp-json\/wp\/v2\/posts"}],"about":[{"href":"https:\/\/infoecos.com.ar\/index.php\/wp-json\/wp\/v2\/types\/post"}],"author":[{"embeddable":true,"href":"https:\/\/infoecos.com.ar\/index.php\/wp-json\/wp\/v2\/users\/2"}],"replies":[{"embeddable":true,"href":"https:\/\/infoecos.com.ar\/index.php\/wp-json\/wp\/v2\/comments?post=71526"}],"version-history":[{"count":2,"href":"https:\/\/infoecos.com.ar\/index.php\/wp-json\/wp\/v2\/posts\/71526\/revisions"}],"predecessor-version":[{"id":71532,"href":"https:\/\/infoecos.com.ar\/index.php\/wp-json\/wp\/v2\/posts\/71526\/revisions\/71532"}],"wp:featuredmedia":[{"embeddable":true,"href":"https:\/\/infoecos.com.ar\/index.php\/wp-json\/wp\/v2\/media\/71530"}],"wp:attachment":[{"href":"https:\/\/infoecos.com.ar\/index.php\/wp-json\/wp\/v2\/media?parent=71526"}],"wp:term":[{"taxonomy":"category","embeddable":true,"href":"https:\/\/infoecos.com.ar\/index.php\/wp-json\/wp\/v2\/categories?post=71526"},{"taxonomy":"post_tag","embeddable":true,"href":"https:\/\/infoecos.com.ar\/index.php\/wp-json\/wp\/v2\/tags?post=71526"}],"curies":[{"name":"wp","href":"https:\/\/api.w.org\/{rel}","templated":true}]}}