{"id":71580,"date":"2020-12-18T15:49:38","date_gmt":"2020-12-18T18:49:38","guid":{"rendered":"http:\/\/infoecos.com.ar\/?p=71580"},"modified":"2020-12-21T02:11:23","modified_gmt":"2020-12-21T05:11:23","slug":"ley-de-aporte-solidario-y-extraordinario-de-las-grandes-fortunas-ya-esta-vigente","status":"publish","type":"post","link":"https:\/\/infoecos.com.ar\/index.php\/ley-de-aporte-solidario-y-extraordinario-de-las-grandes-fortunas-ya-esta-vigente\/","title":{"rendered":"Ley de Aporte Solidario y Extraordinario de las Grandes Fortunas: ya est\u00e1 vigente"},"content":{"rendered":"\n<p>El Gobierno nacional promulg\u00f3 este viernes la Ley 27.605 que establece la creaci\u00f3n de un Aporte Solidario y Extraordinario de las grandes Fortunas <strong>\u00abcon car\u00e1cter de emergencia y por \u00fanica vez\u00bb<\/strong>, a fin de <strong>\u00abmorigerar los efectos de la pandemia\u00bb<\/strong> de coronavirus.<\/p>\n\n\n\n<div class=\"wp-block-image\"><figure class=\"aligncenter size-medium\"><img loading=\"lazy\" decoding=\"async\" width=\"460\" height=\"307\" src=\"http:\/\/infoecos.com.ar\/wp-content\/uploads\/MASSAHCD2-460x307.jpg\" alt=\"\" class=\"wp-image-61677\" srcset=\"https:\/\/infoecos.com.ar\/wp-content\/uploads\/MASSAHCD2-460x307.jpg 460w, https:\/\/infoecos.com.ar\/wp-content\/uploads\/MASSAHCD2-920x613.jpg 920w, https:\/\/infoecos.com.ar\/wp-content\/uploads\/MASSAHCD2-768x512.jpg 768w, https:\/\/infoecos.com.ar\/wp-content\/uploads\/MASSAHCD2-1024x682.jpg 1024w, https:\/\/infoecos.com.ar\/wp-content\/uploads\/MASSAHCD2-675x450.jpg 675w, https:\/\/infoecos.com.ar\/wp-content\/uploads\/MASSAHCD2.jpg 1280w\" sizes=\"(max-width: 460px) 100vw, 460px\" \/><figcaption>Diputados sesi\u00f3n teleconferencia<\/figcaption><\/figure><\/div>\n\n\n\n<p>La norma fue sancionada el 4 de diciembre pasado; y su entrada en vigencia se oficializ\u00f3 mediante la publicaci\u00f3n del Decreto 1024\/2020 en el Bolet\u00edn Oficial, firmado por el presidente Alberto Fern\u00e1ndez; el jefe de Gabinete, Santiago Cafiero; y el ministro de Econom\u00eda, Mart\u00edn Guzm\u00e1n.<\/p>\n\n\n\n<p><strong>La ley prev\u00e9 el cobro por \u00fanica vez de una tasa de entre el 2 y el 3,5 por ciento a los patrimonios de las personas f\u00edsicas que hayan declarado m\u00e1s de 200 millones de pesos, lo que abarcar\u00e1 a 12 mil contribuyentes.<\/strong><\/p>\n\n\n\n<p><strong>Estar\u00e1n alcanzadas las personas f\u00edsicas residentes en el pa\u00eds, por la totalidad de sus bienes en la Argentina y en el exterior.<\/strong><\/p>\n\n\n\n<p>Tambi\u00e9n alcanza a \u201caquellas personas humanas de nacionalidad argentina cuyo domicilio o residencia se encuentre en jurisdicciones no cooperantes o jurisdicciones de baja o nula tributaci\u00f3n, en los t\u00e9rminos de los art\u00edculos 19 y 20 de la Ley de Impuesto a las Ganancias\u201d, seg\u00fan indica la ley.<\/p>\n\n\n\n<p>En tanto,&nbsp;<strong>los que vivan en el exterior, pagar\u00e1n por la totalidad de sus bienes en la Argentina.<\/strong><\/p>\n\n\n\n<p>El monto del aporte a ingresar se basar\u00e1 en una escala publicada este viernes en el Bolet\u00edn Oficial donde<strong>&nbsp;los porcentajes van del 2 al 3,5 por ciento, seg\u00fan la magnitud de las riquezas declaradas.<\/strong><\/p>\n\n\n\n<p>Por otra parte, por el total de los bienes situados en el exterior, los contribuyentes pagar\u00e1n porcentajes que van desde el 3 al 5,25 por ciento, tambi\u00e9n en base a otra escala.<\/p>\n\n\n\n<p>Por otra parte,&nbsp;<strong>la ley prev\u00e9 el destino de los fondos:<\/strong>&nbsp;un 20% ser\u00e1 destinado a la compra y\/o elaboraci\u00f3n de equipamiento m\u00e9dico, otro 20% ir\u00e1 como subsidios a pymes, un 20% ser\u00e1 destinado al programa Progresar; y un 15% al Fondo de Integraci\u00f3n Socio Urbana (FISU).<\/p>\n\n\n\n<p>El 25% restante ir\u00e1 a programas y proyectos que apruebe la Secretar\u00eda de Energ\u00eda de la Naci\u00f3n vinculados a la exploraci\u00f3n, desarrollo y producci\u00f3n de gas natural.<\/p>\n","protected":false},"excerpt":{"rendered":"<p>La ley prev\u00e9 el cobro por \u00fanica vez de una tasa de entre el 2 y el 3,5 por ciento a los patrimonios de las personas f\u00edsicas que hayan declarado m\u00e1s de 200 millones de pesos, lo que abarcar\u00e1 a 12 mil contribuyentes<\/p>\n","protected":false},"author":2,"featured_media":52539,"comment_status":"closed","ping_status":"open","sticky":false,"template":"","format":"standard","meta":{"footnotes":""},"categories":[200],"tags":[1767],"class_list":["post-71580","post","type-post","status-publish","format-standard","has-post-thumbnail","hentry","category-inferior8","tag-politica-y-economia-3"],"yoast_head":"<!-- This site is optimized with the Yoast SEO plugin v23.4 - https:\/\/yoast.com\/wordpress\/plugins\/seo\/ -->\n<title>Ley de Aporte Solidario y Extraordinario de las Grandes Fortunas: ya est\u00e1 vigente - Infoecos<\/title>\n<meta name=\"robots\" content=\"index, follow, max-snippet:-1, max-image-preview:large, max-video-preview:-1\" \/>\n<link rel=\"canonical\" href=\"https:\/\/infoecos.com.ar\/index.php\/ley-de-aporte-solidario-y-extraordinario-de-las-grandes-fortunas-ya-esta-vigente\/\" \/>\n<meta property=\"og:locale\" content=\"es_ES\" \/>\n<meta property=\"og:type\" content=\"article\" \/>\n<meta property=\"og:title\" content=\"Ley de Aporte Solidario y Extraordinario de las Grandes Fortunas: ya est\u00e1 vigente - Infoecos\" \/>\n<meta property=\"og:description\" content=\"La ley prev\u00e9 el cobro por \u00fanica vez de una tasa de entre el 2 y el 3,5 por ciento a los patrimonios de las personas f\u00edsicas que hayan declarado m\u00e1s de 200 millones de pesos, lo que abarcar\u00e1 a 12 mil contribuyentes\" \/>\n<meta property=\"og:url\" content=\"https:\/\/infoecos.com.ar\/index.php\/ley-de-aporte-solidario-y-extraordinario-de-las-grandes-fortunas-ya-esta-vigente\/\" \/>\n<meta property=\"og:site_name\" content=\"Infoecos\" \/>\n<meta property=\"article:publisher\" content=\"https:\/\/www.facebook.com\/profile.php?id=100063200290284\" \/>\n<meta property=\"article:published_time\" content=\"2020-12-18T18:49:38+00:00\" \/>\n<meta property=\"article:modified_time\" content=\"2020-12-21T05:11:23+00:00\" \/>\n<meta property=\"og:image\" content=\"https:\/\/infoecos.com.ar\/wp-content\/uploads\/565587566b3e0_1420_.jpg\" \/>\n\t<meta property=\"og:image:width\" content=\"1420\" \/>\n\t<meta property=\"og:image:height\" content=\"1065\" \/>\n\t<meta property=\"og:image:type\" content=\"image\/jpeg\" \/>\n<meta name=\"author\" content=\"Jorge Matheus\" \/>\n<meta name=\"twitter:card\" content=\"summary_large_image\" \/>\n<meta name=\"twitter:creator\" content=\"@infoecos\" \/>\n<meta name=\"twitter:site\" content=\"@infoecos\" \/>\n<meta name=\"twitter:label1\" content=\"Escrito por\" \/>\n\t<meta name=\"twitter:data1\" content=\"Jorge Matheus\" \/>\n\t<meta name=\"twitter:label2\" content=\"Tiempo de lectura\" \/>\n\t<meta name=\"twitter:data2\" content=\"2 minutos\" \/>\n<script type=\"application\/ld+json\" class=\"yoast-schema-graph\">{\"@context\":\"https:\/\/schema.org\",\"@graph\":[{\"@type\":\"Article\",\"@id\":\"https:\/\/infoecos.com.ar\/index.php\/ley-de-aporte-solidario-y-extraordinario-de-las-grandes-fortunas-ya-esta-vigente\/#article\",\"isPartOf\":{\"@id\":\"https:\/\/infoecos.com.ar\/index.php\/ley-de-aporte-solidario-y-extraordinario-de-las-grandes-fortunas-ya-esta-vigente\/\"},\"author\":{\"name\":\"Jorge Matheus\",\"@id\":\"https:\/\/infoecos.com.ar\/#\/schema\/person\/8f5ace5ce73b4b4aac4b7245aee6f191\"},\"headline\":\"Ley de Aporte Solidario y Extraordinario de las Grandes Fortunas: ya est\u00e1 vigente\",\"datePublished\":\"2020-12-18T18:49:38+00:00\",\"dateModified\":\"2020-12-21T05:11:23+00:00\",\"mainEntityOfPage\":{\"@id\":\"https:\/\/infoecos.com.ar\/index.php\/ley-de-aporte-solidario-y-extraordinario-de-las-grandes-fortunas-ya-esta-vigente\/\"},\"wordCount\":393,\"publisher\":{\"@id\":\"https:\/\/infoecos.com.ar\/#organization\"},\"image\":{\"@id\":\"https:\/\/infoecos.com.ar\/index.php\/ley-de-aporte-solidario-y-extraordinario-de-las-grandes-fortunas-ya-esta-vigente\/#primaryimage\"},\"thumbnailUrl\":\"\",\"keywords\":[\"POL\u00cdTICA Y ECONOM\u00cdA\"],\"articleSection\":[\"Bloque inferior - 8\"],\"inLanguage\":\"es\"},{\"@type\":\"WebPage\",\"@id\":\"https:\/\/infoecos.com.ar\/index.php\/ley-de-aporte-solidario-y-extraordinario-de-las-grandes-fortunas-ya-esta-vigente\/\",\"url\":\"https:\/\/infoecos.com.ar\/index.php\/ley-de-aporte-solidario-y-extraordinario-de-las-grandes-fortunas-ya-esta-vigente\/\",\"name\":\"Ley de Aporte Solidario y Extraordinario de las Grandes Fortunas: ya est\u00e1 vigente - Infoecos\",\"isPartOf\":{\"@id\":\"https:\/\/infoecos.com.ar\/#website\"},\"primaryImageOfPage\":{\"@id\":\"https:\/\/infoecos.com.ar\/index.php\/ley-de-aporte-solidario-y-extraordinario-de-las-grandes-fortunas-ya-esta-vigente\/#primaryimage\"},\"image\":{\"@id\":\"https:\/\/infoecos.com.ar\/index.php\/ley-de-aporte-solidario-y-extraordinario-de-las-grandes-fortunas-ya-esta-vigente\/#primaryimage\"},\"thumbnailUrl\":\"\",\"datePublished\":\"2020-12-18T18:49:38+00:00\",\"dateModified\":\"2020-12-21T05:11:23+00:00\",\"breadcrumb\":{\"@id\":\"https:\/\/infoecos.com.ar\/index.php\/ley-de-aporte-solidario-y-extraordinario-de-las-grandes-fortunas-ya-esta-vigente\/#breadcrumb\"},\"inLanguage\":\"es\",\"potentialAction\":[{\"@type\":\"ReadAction\",\"target\":[\"https:\/\/infoecos.com.ar\/index.php\/ley-de-aporte-solidario-y-extraordinario-de-las-grandes-fortunas-ya-esta-vigente\/\"]}]},{\"@type\":\"ImageObject\",\"inLanguage\":\"es\",\"@id\":\"https:\/\/infoecos.com.ar\/index.php\/ley-de-aporte-solidario-y-extraordinario-de-las-grandes-fortunas-ya-esta-vigente\/#primaryimage\",\"url\":\"\",\"contentUrl\":\"\"},{\"@type\":\"BreadcrumbList\",\"@id\":\"https:\/\/infoecos.com.ar\/index.php\/ley-de-aporte-solidario-y-extraordinario-de-las-grandes-fortunas-ya-esta-vigente\/#breadcrumb\",\"itemListElement\":[{\"@type\":\"ListItem\",\"position\":1,\"name\":\"Portada\",\"item\":\"https:\/\/infoecos.com.ar\/\"},{\"@type\":\"ListItem\",\"position\":2,\"name\":\"Ley de Aporte Solidario y Extraordinario de las Grandes Fortunas: ya est\u00e1 vigente\"}]},{\"@type\":\"WebSite\",\"@id\":\"https:\/\/infoecos.com.ar\/#website\",\"url\":\"https:\/\/infoecos.com.ar\/\",\"name\":\"Infoecos\",\"description\":\"Noticias de trenque lauquen y la zona\",\"publisher\":{\"@id\":\"https:\/\/infoecos.com.ar\/#organization\"},\"alternateName\":\"Noticias\",\"potentialAction\":[{\"@type\":\"SearchAction\",\"target\":{\"@type\":\"EntryPoint\",\"urlTemplate\":\"https:\/\/infoecos.com.ar\/?s={search_term_string}\"},\"query-input\":{\"@type\":\"PropertyValueSpecification\",\"valueRequired\":true,\"valueName\":\"search_term_string\"}}],\"inLanguage\":\"es\"},{\"@type\":\"Organization\",\"@id\":\"https:\/\/infoecos.com.ar\/#organization\",\"name\":\"Infoecos\",\"alternateName\":\"Noticias\",\"url\":\"https:\/\/infoecos.com.ar\/\",\"logo\":{\"@type\":\"ImageObject\",\"inLanguage\":\"es\",\"@id\":\"https:\/\/infoecos.com.ar\/#\/schema\/logo\/image\/\",\"url\":\"https:\/\/infoecos.com.ar\/wp-content\/uploads\/2024\/03\/cropped-logo.png\",\"contentUrl\":\"https:\/\/infoecos.com.ar\/wp-content\/uploads\/2024\/03\/cropped-logo.png\",\"width\":374,\"height\":90,\"caption\":\"Infoecos\"},\"image\":{\"@id\":\"https:\/\/infoecos.com.ar\/#\/schema\/logo\/image\/\"},\"sameAs\":[\"https:\/\/www.facebook.com\/profile.php?id=100063200290284\",\"https:\/\/x.com\/infoecos\"]},{\"@type\":\"Person\",\"@id\":\"https:\/\/infoecos.com.ar\/#\/schema\/person\/8f5ace5ce73b4b4aac4b7245aee6f191\",\"name\":\"Jorge Matheus\",\"url\":\"https:\/\/infoecos.com.ar\/index.php\/author\/jomatheus\/\"}]}<\/script>\n<!-- \/ Yoast SEO plugin. -->","yoast_head_json":{"title":"Ley de Aporte Solidario y Extraordinario de las Grandes Fortunas: ya est\u00e1 vigente - Infoecos","robots":{"index":"index","follow":"follow","max-snippet":"max-snippet:-1","max-image-preview":"max-image-preview:large","max-video-preview":"max-video-preview:-1"},"canonical":"https:\/\/infoecos.com.ar\/index.php\/ley-de-aporte-solidario-y-extraordinario-de-las-grandes-fortunas-ya-esta-vigente\/","og_locale":"es_ES","og_type":"article","og_title":"Ley de Aporte Solidario y Extraordinario de las Grandes Fortunas: ya est\u00e1 vigente - Infoecos","og_description":"La ley prev\u00e9 el cobro por \u00fanica vez de una tasa de entre el 2 y el 3,5 por ciento a los patrimonios de las personas f\u00edsicas que hayan declarado m\u00e1s de 200 millones de pesos, lo que abarcar\u00e1 a 12 mil contribuyentes","og_url":"https:\/\/infoecos.com.ar\/index.php\/ley-de-aporte-solidario-y-extraordinario-de-las-grandes-fortunas-ya-esta-vigente\/","og_site_name":"Infoecos","article_publisher":"https:\/\/www.facebook.com\/profile.php?id=100063200290284","article_published_time":"2020-12-18T18:49:38+00:00","article_modified_time":"2020-12-21T05:11:23+00:00","og_image":[{"width":1420,"height":1065,"url":"https:\/\/infoecos.com.ar\/wp-content\/uploads\/565587566b3e0_1420_.jpg","type":"image\/jpeg"}],"author":"Jorge Matheus","twitter_card":"summary_large_image","twitter_creator":"@infoecos","twitter_site":"@infoecos","twitter_misc":{"Escrito por":"Jorge Matheus","Tiempo de lectura":"2 minutos"},"schema":{"@context":"https:\/\/schema.org","@graph":[{"@type":"Article","@id":"https:\/\/infoecos.com.ar\/index.php\/ley-de-aporte-solidario-y-extraordinario-de-las-grandes-fortunas-ya-esta-vigente\/#article","isPartOf":{"@id":"https:\/\/infoecos.com.ar\/index.php\/ley-de-aporte-solidario-y-extraordinario-de-las-grandes-fortunas-ya-esta-vigente\/"},"author":{"name":"Jorge Matheus","@id":"https:\/\/infoecos.com.ar\/#\/schema\/person\/8f5ace5ce73b4b4aac4b7245aee6f191"},"headline":"Ley de Aporte Solidario y Extraordinario de las Grandes Fortunas: ya est\u00e1 vigente","datePublished":"2020-12-18T18:49:38+00:00","dateModified":"2020-12-21T05:11:23+00:00","mainEntityOfPage":{"@id":"https:\/\/infoecos.com.ar\/index.php\/ley-de-aporte-solidario-y-extraordinario-de-las-grandes-fortunas-ya-esta-vigente\/"},"wordCount":393,"publisher":{"@id":"https:\/\/infoecos.com.ar\/#organization"},"image":{"@id":"https:\/\/infoecos.com.ar\/index.php\/ley-de-aporte-solidario-y-extraordinario-de-las-grandes-fortunas-ya-esta-vigente\/#primaryimage"},"thumbnailUrl":"","keywords":["POL\u00cdTICA Y ECONOM\u00cdA"],"articleSection":["Bloque inferior - 8"],"inLanguage":"es"},{"@type":"WebPage","@id":"https:\/\/infoecos.com.ar\/index.php\/ley-de-aporte-solidario-y-extraordinario-de-las-grandes-fortunas-ya-esta-vigente\/","url":"https:\/\/infoecos.com.ar\/index.php\/ley-de-aporte-solidario-y-extraordinario-de-las-grandes-fortunas-ya-esta-vigente\/","name":"Ley de Aporte Solidario y Extraordinario de las Grandes Fortunas: ya est\u00e1 vigente - Infoecos","isPartOf":{"@id":"https:\/\/infoecos.com.ar\/#website"},"primaryImageOfPage":{"@id":"https:\/\/infoecos.com.ar\/index.php\/ley-de-aporte-solidario-y-extraordinario-de-las-grandes-fortunas-ya-esta-vigente\/#primaryimage"},"image":{"@id":"https:\/\/infoecos.com.ar\/index.php\/ley-de-aporte-solidario-y-extraordinario-de-las-grandes-fortunas-ya-esta-vigente\/#primaryimage"},"thumbnailUrl":"","datePublished":"2020-12-18T18:49:38+00:00","dateModified":"2020-12-21T05:11:23+00:00","breadcrumb":{"@id":"https:\/\/infoecos.com.ar\/index.php\/ley-de-aporte-solidario-y-extraordinario-de-las-grandes-fortunas-ya-esta-vigente\/#breadcrumb"},"inLanguage":"es","potentialAction":[{"@type":"ReadAction","target":["https:\/\/infoecos.com.ar\/index.php\/ley-de-aporte-solidario-y-extraordinario-de-las-grandes-fortunas-ya-esta-vigente\/"]}]},{"@type":"ImageObject","inLanguage":"es","@id":"https:\/\/infoecos.com.ar\/index.php\/ley-de-aporte-solidario-y-extraordinario-de-las-grandes-fortunas-ya-esta-vigente\/#primaryimage","url":"","contentUrl":""},{"@type":"BreadcrumbList","@id":"https:\/\/infoecos.com.ar\/index.php\/ley-de-aporte-solidario-y-extraordinario-de-las-grandes-fortunas-ya-esta-vigente\/#breadcrumb","itemListElement":[{"@type":"ListItem","position":1,"name":"Portada","item":"https:\/\/infoecos.com.ar\/"},{"@type":"ListItem","position":2,"name":"Ley de Aporte Solidario y Extraordinario de las Grandes Fortunas: ya est\u00e1 vigente"}]},{"@type":"WebSite","@id":"https:\/\/infoecos.com.ar\/#website","url":"https:\/\/infoecos.com.ar\/","name":"Infoecos","description":"Noticias de trenque lauquen y la zona","publisher":{"@id":"https:\/\/infoecos.com.ar\/#organization"},"alternateName":"Noticias","potentialAction":[{"@type":"SearchAction","target":{"@type":"EntryPoint","urlTemplate":"https:\/\/infoecos.com.ar\/?s={search_term_string}"},"query-input":{"@type":"PropertyValueSpecification","valueRequired":true,"valueName":"search_term_string"}}],"inLanguage":"es"},{"@type":"Organization","@id":"https:\/\/infoecos.com.ar\/#organization","name":"Infoecos","alternateName":"Noticias","url":"https:\/\/infoecos.com.ar\/","logo":{"@type":"ImageObject","inLanguage":"es","@id":"https:\/\/infoecos.com.ar\/#\/schema\/logo\/image\/","url":"https:\/\/infoecos.com.ar\/wp-content\/uploads\/2024\/03\/cropped-logo.png","contentUrl":"https:\/\/infoecos.com.ar\/wp-content\/uploads\/2024\/03\/cropped-logo.png","width":374,"height":90,"caption":"Infoecos"},"image":{"@id":"https:\/\/infoecos.com.ar\/#\/schema\/logo\/image\/"},"sameAs":["https:\/\/www.facebook.com\/profile.php?id=100063200290284","https:\/\/x.com\/infoecos"]},{"@type":"Person","@id":"https:\/\/infoecos.com.ar\/#\/schema\/person\/8f5ace5ce73b4b4aac4b7245aee6f191","name":"Jorge Matheus","url":"https:\/\/infoecos.com.ar\/index.php\/author\/jomatheus\/"}]}},"featured_image_urls":{"full":"","thumbnail":"","medium":"","medium_large":"","large":"","1536x1536":"","2048x2048":"","covernews-slider-full":"","covernews-slider-center":"","covernews-featured":"","covernews-medium":"","covernews-medium-square":""},"author_info":{"info":["Jorge Matheus"]},"category_info":"<a href=\"https:\/\/infoecos.com.ar\/index.php\/category\/inferior8\/\" rel=\"category tag\">Bloque inferior - 8<\/a>","tag_info":"Bloque inferior - 8","comment_count":"0","_links":{"self":[{"href":"https:\/\/infoecos.com.ar\/index.php\/wp-json\/wp\/v2\/posts\/71580"}],"collection":[{"href":"https:\/\/infoecos.com.ar\/index.php\/wp-json\/wp\/v2\/posts"}],"about":[{"href":"https:\/\/infoecos.com.ar\/index.php\/wp-json\/wp\/v2\/types\/post"}],"author":[{"embeddable":true,"href":"https:\/\/infoecos.com.ar\/index.php\/wp-json\/wp\/v2\/users\/2"}],"replies":[{"embeddable":true,"href":"https:\/\/infoecos.com.ar\/index.php\/wp-json\/wp\/v2\/comments?post=71580"}],"version-history":[{"count":2,"href":"https:\/\/infoecos.com.ar\/index.php\/wp-json\/wp\/v2\/posts\/71580\/revisions"}],"predecessor-version":[{"id":71655,"href":"https:\/\/infoecos.com.ar\/index.php\/wp-json\/wp\/v2\/posts\/71580\/revisions\/71655"}],"wp:featuredmedia":[{"embeddable":true,"href":"https:\/\/infoecos.com.ar\/index.php\/wp-json\/"}],"wp:attachment":[{"href":"https:\/\/infoecos.com.ar\/index.php\/wp-json\/wp\/v2\/media?parent=71580"}],"wp:term":[{"taxonomy":"category","embeddable":true,"href":"https:\/\/infoecos.com.ar\/index.php\/wp-json\/wp\/v2\/categories?post=71580"},{"taxonomy":"post_tag","embeddable":true,"href":"https:\/\/infoecos.com.ar\/index.php\/wp-json\/wp\/v2\/tags?post=71580"}],"curies":[{"name":"wp","href":"https:\/\/api.w.org\/{rel}","templated":true}]}}