{"id":71627,"date":"2020-12-19T02:32:15","date_gmt":"2020-12-19T05:32:15","guid":{"rendered":"http:\/\/infoecos.com.ar\/?p=71627"},"modified":"2020-12-21T02:07:41","modified_gmt":"2020-12-21T05:07:41","slug":"kicillof-en-la-plata-el-objetivo-del-gobierno-bonaerense-es-que-todas-las-familias-terminen-con-comida-en-la-mesa","status":"publish","type":"post","link":"https:\/\/infoecos.com.ar\/index.php\/kicillof-en-la-plata-el-objetivo-del-gobierno-bonaerense-es-que-todas-las-familias-terminen-con-comida-en-la-mesa\/","title":{"rendered":"Kicillof en La Plata: \u201cEl objetivo del gobierno bonaerense es que todas las familias terminen con comida en la mesa\u201d"},"content":{"rendered":"\n<p class=\"wp-block-paragraph\">El gobernador,&nbsp;Axel Kicillof, y la vicegobernadora Ver\u00f3nica Magario&nbsp;encabezaron el acto Desaf\u00edos para la reconstrucci\u00f3n bonaerense. <\/p>\n\n\n\n<div class=\"wp-block-image\"><figure class=\"aligncenter size-large\"><img loading=\"lazy\" decoding=\"async\" width=\"920\" height=\"614\" src=\"http:\/\/infoecos.com.ar\/wp-content\/uploads\/2020\/12\/AB6516_2-920x614.jpg\" alt=\"\" class=\"wp-image-71628\" srcset=\"https:\/\/infoecos.com.ar\/wp-content\/uploads\/2020\/12\/AB6516_2-920x614.jpg 920w, https:\/\/infoecos.com.ar\/wp-content\/uploads\/2020\/12\/AB6516_2-460x307.jpg 460w, https:\/\/infoecos.com.ar\/wp-content\/uploads\/2020\/12\/AB6516_2-768x512.jpg 768w, https:\/\/infoecos.com.ar\/wp-content\/uploads\/2020\/12\/AB6516_2-1536x1024.jpg 1536w, https:\/\/infoecos.com.ar\/wp-content\/uploads\/2020\/12\/AB6516_2-2048x1366.jpg 2048w, https:\/\/infoecos.com.ar\/wp-content\/uploads\/2020\/12\/AB6516_2-1024x683.jpg 1024w, https:\/\/infoecos.com.ar\/wp-content\/uploads\/2020\/12\/AB6516_2-675x450.jpg 675w\" sizes=\"auto, (max-width: 920px) 100vw, 920px\" \/><\/figure><\/div>\n\n\n\n<p class=\"wp-block-paragraph\">Se llev\u00f3 a cabo en el Estadio \u00danico de La Plata y cont\u00f3 con la presencia del presidente de la Naci\u00f3n,&nbsp;<strong>Alberto Fern\u00e1ndez<\/strong>, la vicepresidenta,&nbsp;<strong>Cristina Kirchner<\/strong>, el presidente de Diputados,&nbsp;<strong>Sergio Massa<\/strong>, y el presidente del bloque, Frente de Todos,&nbsp;<strong>M\u00e1ximo Kirchner<\/strong>.<\/p>\n\n\n\n<p class=\"wp-block-paragraph\">El Gobernador anunci\u00f3 una mayor asistencia en<strong>&nbsp;comedores escolares<\/strong>, \u201cen el verano los comedores hist\u00f3ricamente bajan su atenci\u00f3n por eso en enero y febrero se va a sostener en los mismo niveles 8 mil millones de pesos para eso que se iba a usar en enero se duplique en el mes de diciembre\u201d, asegur\u00f3. Tambi\u00e9n anunci\u00f3 m\u00e1s inversiones en las escuelas de la Provincia: \u201cNos preocupa que los chicos y chicas puedan tener escuelas dignas\u201d.<\/p>\n\n\n\n<p class=\"wp-block-paragraph\">Tambi\u00e9n comunic\u00f3 una ampliaci\u00f3n de la<strong>&nbsp;Asignaci\u00f3n Universal por Hijo<\/strong>&nbsp;y tambi\u00e9n resalt\u00f3 la entrega de cajas navide\u00f1as para los sectores m\u00e1s vulnerables. \u201cNos preocupa la mesa de los y las bonaerenses\u201d, complet\u00f3. Respecto a las escuelas, indic\u00f3 que arreglaron m\u00e1s de 1000 escuelas en la provincia, varias de ellas ten\u00edan \u201ctechos que se ca\u00edan\u201d se\u00f1al\u00f3, y advirti\u00f3 es \u201cinadmisible\u201d.<\/p>\n\n\n\n<p class=\"wp-block-paragraph\">Resalt\u00f3: \u201cVamos a extender el programa de 3 mil millones de pesos y lo vamos a extender para empezar las<strong>&nbsp;clases&nbsp;<\/strong>en condiciones. Nos ocupamos de la educaci\u00f3n. Nos preocupa que los chicos y chicas puedan tener escuelas dignas\u201d. Luego anunci\u00f3 que emprendimientos privados cedieron 60 hect\u00e1reas en el municipio de Presidente Per\u00f3n, muy cerca de Guernica, para 1500 lotes.<\/p>\n\n\n\n<p class=\"wp-block-paragraph\">\u201cHemos llamado a 600<strong>&nbsp;barrios privados&nbsp;<\/strong>para que vengan a regularizarse\u201d, agreg\u00f3 Kicillof y plante\u00f3: \u201cHace mucho tiempo que la provincia no pon\u00eda programas de regularizaci\u00f3n de barrios cerrados\u201d. Por eso aclar\u00f3 que \u201cesa regularizaci\u00f3n implica cesi\u00f3n de tierras\u201d y se\u00f1al\u00f3, tras el anuncio de la entrega de tierras de los emprendimientos privados, \u201cahora tenemos la tierra, se gestion\u00f3 y se trabaj\u00f3\u201d. Por \u00faltimo resalt\u00f3: \u201cNos interesa el techo, la casa, la vivienda digna\u201d.<\/p>\n\n\n\n<p class=\"wp-block-paragraph\">Los cuatro anuncios del gobernador:<\/p>\n\n\n\n<p class=\"wp-block-paragraph\"><strong><em>Pol\u00edtica social<\/em>:<\/strong> con el objetivo de que todas las familias bonaerenses accedan a los alimentos necesarios, durante este a\u00f1o se triplicaron las partidas de asistencia a comedores escolares. Se tom\u00f3 la decisi\u00f3n de duplicar la ayuda durante diciembre y sostener los recursos durante el verano. Adem\u00e1s, se prev\u00e9 la ampliaci\u00f3n de la Asignaci\u00f3n Universal por Hijo para 300 mil bonaerenses.<\/p>\n\n\n\n<p class=\"wp-block-paragraph\"><strong><em>Infraestructura escolar<\/em>:<\/strong> la Provincia y la Naci\u00f3n invertir\u00e1n 11 mil millones de pesos para la continuidad del programa \u201cEscuelas a la Obra\u201d, que ha permitido reparar centros educativos para garantizar una escolaridad segura.<\/p>\n\n\n\n<p class=\"wp-block-paragraph\"><strong><em>H\u00e1bitat y vivienda:<\/em>&nbsp;<\/strong>a trav\u00e9s de la Unidad de Tierra y Vivienda, la Provincia prev\u00e9 la construcci\u00f3n de 10 mil unidades habitacionales y 20 mil lotes con servicios. Adem\u00e1s, avanzar\u00e1 en la regularizaci\u00f3n de construcciones y m\u00e1s de 600 barrios privados que se encuentran en condiciones irregulares. Los acuerdos alcanzados con sus representantes incluyen la cesi\u00f3n de tierras que permitir\u00e1n acceder en Presidente Per\u00f3n a 60 hect\u00e1reas para desarrollar 1.500 lotes. <\/p>\n\n\n\n<p class=\"wp-block-paragraph\"><strong><em>Homenajes<\/em>:<\/strong> la Provincia decidi\u00f3 llamar \u201cEstadio \u00danico Diego Armando Maradona\u201d al estadio de La Plata, que adem\u00e1s llevar\u00e1 el nombre de Alejandro Sabella en una de sus tribunas.<\/p>\n","protected":false},"excerpt":{"rendered":"<p>El gobernador, Axel Kicillof, y la vicegobernadora Ver\u00f3nica Magario encabezaron el acto Desaf\u00edos para la reconstrucci\u00f3n bonaerense<\/p>\n","protected":false},"author":2,"featured_media":71628,"comment_status":"closed","ping_status":"open","sticky":false,"template":"","format":"standard","meta":{"footnotes":""},"categories":[43],"tags":[155],"class_list":["post-71627","post","type-post","status-publish","format-standard","has-post-thumbnail","hentry","category-inferior4","tag-politica"],"featured_image_urls":{"full":["https:\/\/infoecos.com.ar\/wp-content\/uploads\/2020\/12\/AB6516_2-scaled.jpg",2560,1707,false],"thumbnail":["https:\/\/infoecos.com.ar\/wp-content\/uploads\/2020\/12\/AB6516_2-150x150.jpg",150,150,true],"medium":["https:\/\/infoecos.com.ar\/wp-content\/uploads\/2020\/12\/AB6516_2-460x307.jpg",460,307,true],"medium_large":["https:\/\/infoecos.com.ar\/wp-content\/uploads\/2020\/12\/AB6516_2-768x512.jpg",640,427,true],"large":["https:\/\/infoecos.com.ar\/wp-content\/uploads\/2020\/12\/AB6516_2-920x614.jpg",640,427,true],"1536x1536":["https:\/\/infoecos.com.ar\/wp-content\/uploads\/2020\/12\/AB6516_2-1536x1024.jpg",1536,1024,true],"2048x2048":["https:\/\/infoecos.com.ar\/wp-content\/uploads\/2020\/12\/AB6516_2-2048x1366.jpg",2048,1366,true],"covernews-slider-full":["https:\/\/infoecos.com.ar\/wp-content\/uploads\/2020\/12\/AB6516_2-1536x1020.jpg",1077,715,true],"covernews-slider-center":["https:\/\/infoecos.com.ar\/wp-content\/uploads\/2020\/12\/AB6516_2-936x897.jpg",522,500,true],"covernews-featured":["https:\/\/infoecos.com.ar\/wp-content\/uploads\/2020\/12\/AB6516_2-1024x683.jpg",1024,683,true],"covernews-medium":["https:\/\/infoecos.com.ar\/wp-content\/uploads\/2020\/12\/AB6516_2-720x380.jpg",540,285,true],"covernews-medium-square":["https:\/\/infoecos.com.ar\/wp-content\/uploads\/2020\/12\/AB6516_2-675x450.jpg",375,250,true]},"author_info":{"info":["Jorge Matheus"]},"category_info":"<a href=\"https:\/\/infoecos.com.ar\/index.php\/category\/inferior4\/\" rel=\"category tag\">Bloque inferior - 4<\/a>","tag_info":"Bloque inferior - 4","comment_count":"0","_links":{"self":[{"href":"https:\/\/infoecos.com.ar\/index.php\/wp-json\/wp\/v2\/posts\/71627","targetHints":{"allow":["GET"]}}],"collection":[{"href":"https:\/\/infoecos.com.ar\/index.php\/wp-json\/wp\/v2\/posts"}],"about":[{"href":"https:\/\/infoecos.com.ar\/index.php\/wp-json\/wp\/v2\/types\/post"}],"author":[{"embeddable":true,"href":"https:\/\/infoecos.com.ar\/index.php\/wp-json\/wp\/v2\/users\/2"}],"replies":[{"embeddable":true,"href":"https:\/\/infoecos.com.ar\/index.php\/wp-json\/wp\/v2\/comments?post=71627"}],"version-history":[{"count":2,"href":"https:\/\/infoecos.com.ar\/index.php\/wp-json\/wp\/v2\/posts\/71627\/revisions"}],"predecessor-version":[{"id":71728,"href":"https:\/\/infoecos.com.ar\/index.php\/wp-json\/wp\/v2\/posts\/71627\/revisions\/71728"}],"wp:featuredmedia":[{"embeddable":true,"href":"https:\/\/infoecos.com.ar\/index.php\/wp-json\/wp\/v2\/media\/71628"}],"wp:attachment":[{"href":"https:\/\/infoecos.com.ar\/index.php\/wp-json\/wp\/v2\/media?parent=71627"}],"wp:term":[{"taxonomy":"category","embeddable":true,"href":"https:\/\/infoecos.com.ar\/index.php\/wp-json\/wp\/v2\/categories?post=71627"},{"taxonomy":"post_tag","embeddable":true,"href":"https:\/\/infoecos.com.ar\/index.php\/wp-json\/wp\/v2\/tags?post=71627"}],"curies":[{"name":"wp","href":"https:\/\/api.w.org\/{rel}","templated":true}]}}