{"id":71671,"date":"2020-12-20T13:36:24","date_gmt":"2020-12-20T16:36:24","guid":{"rendered":"http:\/\/infoecos.com.ar\/?p=71671"},"modified":"2020-12-20T13:36:27","modified_gmt":"2020-12-20T16:36:27","slug":"el-intendente-de-trenque-lauquen-miguel-fernandez-recibio-a-empresarios-gastronomicos-los-que-este-lunes-presentaran-una-propuesta","status":"publish","type":"post","link":"https:\/\/infoecos.com.ar\/index.php\/el-intendente-de-trenque-lauquen-miguel-fernandez-recibio-a-empresarios-gastronomicos-los-que-este-lunes-presentaran-una-propuesta\/","title":{"rendered":"El intendente de Trenque Lauquen, Miguel Fern\u00e1ndez, recibi\u00f3 a empresarios gastron\u00f3micos, los que este lunes presentar\u00e1n una propuesta"},"content":{"rendered":"\n<p class=\"wp-block-paragraph\">El intendente recibir\u00e1 el lunes a empresarios del sector gastron\u00f3mico a instancias de una inquietud planteada a trav\u00e9s de la C\u00e1mara de Comercio. Ser\u00e1 continuidad de un encuentro que se concret\u00f3 el viernes en horas de la tarde y del que particip\u00f3, entre otros, el presidente de la entidad, Ignacio Concepci\u00f3n.<\/p>\n\n\n\n<div class=\"wp-block-image\"><figure class=\"aligncenter size-medium\"><img loading=\"lazy\" decoding=\"async\" width=\"460\" height=\"345\" src=\"http:\/\/infoecos.com.ar\/wp-content\/uploads\/2020\/12\/fernancongas1-460x345.jpg\" alt=\"\" class=\"wp-image-71672\" srcset=\"https:\/\/infoecos.com.ar\/wp-content\/uploads\/2020\/12\/fernancongas1-460x345.jpg 460w, https:\/\/infoecos.com.ar\/wp-content\/uploads\/2020\/12\/fernancongas1-920x690.jpg 920w, https:\/\/infoecos.com.ar\/wp-content\/uploads\/2020\/12\/fernancongas1-768x576.jpg 768w, https:\/\/infoecos.com.ar\/wp-content\/uploads\/2020\/12\/fernancongas1-1024x768.jpg 1024w, https:\/\/infoecos.com.ar\/wp-content\/uploads\/2020\/12\/fernancongas1.jpg 1280w\" sizes=\"auto, (max-width: 460px) 100vw, 460px\" \/><\/figure><\/div>\n\n\n\n<p class=\"wp-block-paragraph\">La informaci\u00f3n oficial dada a conocer por el municipio da cuenta, con respecto a la reuni\u00f3n anterior, que <strong>luego de intercambiar ideas y sumar aportes que permitan encontrar soluciones y un equilibrio entre la necesidad de seguir manteniendo medidas preventivas b\u00e1sicas de cuidado sanitario en la comunidad y el desarrollo laboral de una actividad como la gastron\u00f3mica, se consensu\u00f3 que los propietarios de comercios del rubro presentar\u00e1n propuestas para el aforo de cada uno de sus locales \u2013espacio interior- y a partir de las mismas buscar entre ambas partes las mejores alternativas de soluci\u00f3n<\/strong>.<\/p>\n\n\n\n<div class=\"wp-block-image\"><figure class=\"aligncenter size-medium\"><img loading=\"lazy\" decoding=\"async\" width=\"460\" height=\"345\" src=\"http:\/\/infoecos.com.ar\/wp-content\/uploads\/2020\/12\/fernancongas2-460x345.jpg\" alt=\"\" class=\"wp-image-71673\" srcset=\"https:\/\/infoecos.com.ar\/wp-content\/uploads\/2020\/12\/fernancongas2-460x345.jpg 460w, https:\/\/infoecos.com.ar\/wp-content\/uploads\/2020\/12\/fernancongas2-920x690.jpg 920w, https:\/\/infoecos.com.ar\/wp-content\/uploads\/2020\/12\/fernancongas2-768x576.jpg 768w, https:\/\/infoecos.com.ar\/wp-content\/uploads\/2020\/12\/fernancongas2-1024x768.jpg 1024w, https:\/\/infoecos.com.ar\/wp-content\/uploads\/2020\/12\/fernancongas2.jpg 1280w\" sizes=\"auto, (max-width: 460px) 100vw, 460px\" \/><\/figure><\/div>\n\n\n\n<p class=\"wp-block-paragraph\">Propietarios de restaurantes, fundamentalmente, hicieron conocer la semana pasada una dura posici\u00f3n con respecto a las decisiones adoptadas por el gobierno municipal. Fue una de las cr\u00edticas con mayor crudeza que recibi\u00f3 el Departamento Ejecutivo, en lo que va de la prolongada pandemia, y luego de haber hecho anuncios de significaci\u00f3n con respecto a la posibilidad de ampliar las posibilidades laborales de distintas actividades. <\/p>\n","protected":false},"excerpt":{"rendered":"<p>Se consensu\u00f3 que los propietarios de comercios del rubro presentar\u00e1n propuestas para el aforo de cada uno de sus locales<\/p>\n","protected":false},"author":2,"featured_media":71675,"comment_status":"closed","ping_status":"open","sticky":false,"template":"","format":"standard","meta":{"footnotes":""},"categories":[29],"tags":[2464],"class_list":["post-71671","post","type-post","status-publish","format-standard","has-post-thumbnail","hentry","category-c2nota1","tag-intento-de-acuerdo"],"featured_image_urls":{"full":["https:\/\/infoecos.com.ar\/wp-content\/uploads\/2020\/12\/fernancongas.jpg",1280,960,false],"thumbnail":["https:\/\/infoecos.com.ar\/wp-content\/uploads\/2020\/12\/fernancongas-150x150.jpg",150,150,true],"medium":["https:\/\/infoecos.com.ar\/wp-content\/uploads\/2020\/12\/fernancongas-460x345.jpg",460,345,true],"medium_large":["https:\/\/infoecos.com.ar\/wp-content\/uploads\/2020\/12\/fernancongas-768x576.jpg",640,480,true],"large":["https:\/\/infoecos.com.ar\/wp-content\/uploads\/2020\/12\/fernancongas-920x690.jpg",640,480,true],"1536x1536":["https:\/\/infoecos.com.ar\/wp-content\/uploads\/2020\/12\/fernancongas.jpg",1280,960,false],"2048x2048":["https:\/\/infoecos.com.ar\/wp-content\/uploads\/2020\/12\/fernancongas.jpg",1280,960,false],"covernews-slider-full":["https:\/\/infoecos.com.ar\/wp-content\/uploads\/2020\/12\/fernancongas.jpg",953,715,false],"covernews-slider-center":["https:\/\/infoecos.com.ar\/wp-content\/uploads\/2020\/12\/fernancongas-936x897.jpg",522,500,true],"covernews-featured":["https:\/\/infoecos.com.ar\/wp-content\/uploads\/2020\/12\/fernancongas-1024x768.jpg",1024,768,true],"covernews-medium":["https:\/\/infoecos.com.ar\/wp-content\/uploads\/2020\/12\/fernancongas-720x380.jpg",540,285,true],"covernews-medium-square":["https:\/\/infoecos.com.ar\/wp-content\/uploads\/2020\/12\/fernancongas-675x450.jpg",375,250,true]},"author_info":{"info":["Jorge Matheus"]},"category_info":"<a href=\"https:\/\/infoecos.com.ar\/index.php\/category\/c2nota1\/\" rel=\"category tag\">C2 nota 1<\/a>","tag_info":"C2 nota 1","comment_count":"0","_links":{"self":[{"href":"https:\/\/infoecos.com.ar\/index.php\/wp-json\/wp\/v2\/posts\/71671","targetHints":{"allow":["GET"]}}],"collection":[{"href":"https:\/\/infoecos.com.ar\/index.php\/wp-json\/wp\/v2\/posts"}],"about":[{"href":"https:\/\/infoecos.com.ar\/index.php\/wp-json\/wp\/v2\/types\/post"}],"author":[{"embeddable":true,"href":"https:\/\/infoecos.com.ar\/index.php\/wp-json\/wp\/v2\/users\/2"}],"replies":[{"embeddable":true,"href":"https:\/\/infoecos.com.ar\/index.php\/wp-json\/wp\/v2\/comments?post=71671"}],"version-history":[{"count":1,"href":"https:\/\/infoecos.com.ar\/index.php\/wp-json\/wp\/v2\/posts\/71671\/revisions"}],"predecessor-version":[{"id":71676,"href":"https:\/\/infoecos.com.ar\/index.php\/wp-json\/wp\/v2\/posts\/71671\/revisions\/71676"}],"wp:featuredmedia":[{"embeddable":true,"href":"https:\/\/infoecos.com.ar\/index.php\/wp-json\/wp\/v2\/media\/71675"}],"wp:attachment":[{"href":"https:\/\/infoecos.com.ar\/index.php\/wp-json\/wp\/v2\/media?parent=71671"}],"wp:term":[{"taxonomy":"category","embeddable":true,"href":"https:\/\/infoecos.com.ar\/index.php\/wp-json\/wp\/v2\/categories?post=71671"},{"taxonomy":"post_tag","embeddable":true,"href":"https:\/\/infoecos.com.ar\/index.php\/wp-json\/wp\/v2\/tags?post=71671"}],"curies":[{"name":"wp","href":"https:\/\/api.w.org\/{rel}","templated":true}]}}