{"id":71677,"date":"2020-12-20T13:44:54","date_gmt":"2020-12-20T16:44:54","guid":{"rendered":"http:\/\/infoecos.com.ar\/?p=71677"},"modified":"2020-12-20T13:44:57","modified_gmt":"2020-12-20T16:44:57","slug":"escuela-municipal-este-lunes-cierre-del-ciclo-lectivo-en-trenque-lauquen-y-el-martes-en-30-de-agosto","status":"publish","type":"post","link":"https:\/\/infoecos.com.ar\/index.php\/escuela-municipal-este-lunes-cierre-del-ciclo-lectivo-en-trenque-lauquen-y-el-martes-en-30-de-agosto\/","title":{"rendered":"Escuela Municipal: este lunes cierre del ciclo lectivo en Trenque Lauquen y el martes en 30 de Agosto"},"content":{"rendered":"\n<p>Este lunes, a partir de las 19.30, se realizar\u00e1 el acto de culminaci\u00f3n del ciclo lectivo 2020 en la sede Trenque Lauquen, del Centro C\u00edvico, en Villegas y Oro, y el martes, siempre a la misma hora, se desarrollar\u00e1 el de 30 de Agosto, de la Escuela Municipal.<\/p>\n\n\n\n<div class=\"wp-block-image\"><figure class=\"aligncenter size-large\"><img decoding=\"async\" src=\"http:\/\/infoecos.com.ar\/wp-content\/uploads\/cc.jpg\" alt=\"\" class=\"wp-image-23973\"\/><figcaption>Trenque Lauquen &#8211; Centro C\u00edvico<\/figcaption><\/figure><\/div>\n\n\n\n<p>Ya se produjo el cierre en Girod\u00edas, Beruti, donde el intendente municipal, Miguel Fern\u00e1ndez, entreg\u00f3 un horno para cer\u00e1mica y vitro fusi\u00f3n, y Garr\u00e9.<\/p>\n\n\n\n<p>A diferencia de a\u00f1os anteriores, en esta oportunidad la clausura del ciclo lectivo en cada sede se hizo siguiendo las medidas de seguridad que marca el protocolo vigente por la situaci\u00f3n sanitaria provocada por la pandemia de Covid-19.<\/p>\n\n\n\n<p>La muestra anual de trabajos de los cursos y talleres se har\u00e1 de manera virtual a trav\u00e9s de dos herramientas: en el sitio <a rel=\"noreferrer noopener\" href=\"https:\/\/l.facebook.com\/l.php?u=http%3A%2F%2Feducacionbialtorca.com%2F%3Ffbclid%3DIwAR0Xqed4yy9K4uWe-vWLNLqnkJZmYoDrsl87MeIns6IAm9h2oZZw_3gK8jI&amp;h=AT2JZnOe6HcEEUr6qgd-luae_-26TUSlHwiOIXOA6hCq-4_bPsdKuPMY3IGsjotlH0x7aninuUSkhaWDm0hsDb5FmYdgiDY7pU-sqrB3k7ZqqusoAJ8mwSgyPBTZ0zOpCQ&amp;__tn__=-UK-R&amp;c[0]=AT2iov5MNy9oA9Ogei1q2aQbIG-SXg0JH1orWy36BhQr8LQT2LgcDwLObb7CI6O3ImwHvWROhpoHM0TiN_3x_7vM48B5mSamMIWsKk26fcy8R3eu1ECC4OIogX_3GiQpzPv4i3ExpPVRsKjXSQXw1XftZJGWIdOvySVfo9W64BTIJLM\" target=\"_blank\">http:\/\/educacionbialtorca.com<\/a> y por medio de un video que se difundir\u00e1 a la brevedad en la p\u00e1gina Web del Municipio. All\u00ed hay m\u00e1s de 6.000 trabajos publicados, convirti\u00e9ndose en una fuente de estudio y capacitaci\u00f3n.<\/p>\n","protected":false},"excerpt":{"rendered":"<p>Ya se produjo el cierre en Girod\u00edas, Beruti, donde el intendente municipal, Miguel Fern\u00e1ndez, entreg\u00f3 un horno para cer\u00e1mica y vitro fusi\u00f3n, y Garr\u00e9<\/p>\n","protected":false},"author":2,"featured_media":23973,"comment_status":"closed","ping_status":"open","sticky":false,"template":"","format":"standard","meta":{"footnotes":""},"categories":[25],"tags":[2465],"class_list":["post-71677","post","type-post","status-publish","format-standard","has-post-thumbnail","hentry","category-c3nota1","tag-cierre-de-las-actividades-anuales"],"yoast_head":"<!-- This site is optimized with the Yoast SEO plugin v23.4 - https:\/\/yoast.com\/wordpress\/plugins\/seo\/ -->\n<title>Escuela Municipal: este lunes cierre del ciclo lectivo en Trenque Lauquen y el martes en 30 de Agosto - Infoecos<\/title>\n<meta name=\"robots\" content=\"index, follow, max-snippet:-1, max-image-preview:large, max-video-preview:-1\" \/>\n<link rel=\"canonical\" href=\"https:\/\/infoecos.com.ar\/index.php\/escuela-municipal-este-lunes-cierre-del-ciclo-lectivo-en-trenque-lauquen-y-el-martes-en-30-de-agosto\/\" \/>\n<meta property=\"og:locale\" content=\"es_ES\" \/>\n<meta property=\"og:type\" content=\"article\" \/>\n<meta property=\"og:title\" content=\"Escuela Municipal: este lunes cierre del ciclo lectivo en Trenque Lauquen y el martes en 30 de Agosto - Infoecos\" \/>\n<meta property=\"og:description\" content=\"Ya se produjo el cierre en Girod\u00edas, Beruti, donde el intendente municipal, Miguel Fern\u00e1ndez, entreg\u00f3 un horno para cer\u00e1mica y vitro fusi\u00f3n, y Garr\u00e9\" \/>\n<meta property=\"og:url\" content=\"https:\/\/infoecos.com.ar\/index.php\/escuela-municipal-este-lunes-cierre-del-ciclo-lectivo-en-trenque-lauquen-y-el-martes-en-30-de-agosto\/\" \/>\n<meta property=\"og:site_name\" content=\"Infoecos\" \/>\n<meta property=\"article:publisher\" content=\"https:\/\/www.facebook.com\/profile.php?id=100063200290284\" \/>\n<meta property=\"article:published_time\" content=\"2020-12-20T16:44:54+00:00\" \/>\n<meta property=\"article:modified_time\" content=\"2020-12-20T16:44:57+00:00\" \/>\n<meta property=\"og:image\" content=\"https:\/\/infoecos.com.ar\/wp-content\/uploads\/cc.jpg\" \/>\n\t<meta property=\"og:image:width\" content=\"414\" \/>\n\t<meta property=\"og:image:height\" content=\"292\" \/>\n\t<meta property=\"og:image:type\" content=\"image\/jpeg\" \/>\n<meta name=\"author\" content=\"Jorge Matheus\" \/>\n<meta name=\"twitter:card\" content=\"summary_large_image\" \/>\n<meta name=\"twitter:creator\" content=\"@infoecos\" \/>\n<meta name=\"twitter:site\" content=\"@infoecos\" \/>\n<meta name=\"twitter:label1\" content=\"Escrito por\" \/>\n\t<meta name=\"twitter:data1\" content=\"Jorge Matheus\" \/>\n\t<meta name=\"twitter:label2\" content=\"Tiempo de lectura\" \/>\n\t<meta name=\"twitter:data2\" content=\"1 minuto\" \/>\n<script type=\"application\/ld+json\" class=\"yoast-schema-graph\">{\"@context\":\"https:\/\/schema.org\",\"@graph\":[{\"@type\":\"Article\",\"@id\":\"https:\/\/infoecos.com.ar\/index.php\/escuela-municipal-este-lunes-cierre-del-ciclo-lectivo-en-trenque-lauquen-y-el-martes-en-30-de-agosto\/#article\",\"isPartOf\":{\"@id\":\"https:\/\/infoecos.com.ar\/index.php\/escuela-municipal-este-lunes-cierre-del-ciclo-lectivo-en-trenque-lauquen-y-el-martes-en-30-de-agosto\/\"},\"author\":{\"name\":\"Jorge Matheus\",\"@id\":\"https:\/\/infoecos.com.ar\/#\/schema\/person\/8f5ace5ce73b4b4aac4b7245aee6f191\"},\"headline\":\"Escuela Municipal: este lunes cierre del ciclo lectivo en Trenque Lauquen y el martes en 30 de Agosto\",\"datePublished\":\"2020-12-20T16:44:54+00:00\",\"dateModified\":\"2020-12-20T16:44:57+00:00\",\"mainEntityOfPage\":{\"@id\":\"https:\/\/infoecos.com.ar\/index.php\/escuela-municipal-este-lunes-cierre-del-ciclo-lectivo-en-trenque-lauquen-y-el-martes-en-30-de-agosto\/\"},\"wordCount\":201,\"publisher\":{\"@id\":\"https:\/\/infoecos.com.ar\/#organization\"},\"image\":{\"@id\":\"https:\/\/infoecos.com.ar\/index.php\/escuela-municipal-este-lunes-cierre-del-ciclo-lectivo-en-trenque-lauquen-y-el-martes-en-30-de-agosto\/#primaryimage\"},\"thumbnailUrl\":\"\",\"keywords\":[\"CIERRE DE LAS ACTIVIDADES ANUALES\"],\"articleSection\":[\"C3 N1\"],\"inLanguage\":\"es\"},{\"@type\":\"WebPage\",\"@id\":\"https:\/\/infoecos.com.ar\/index.php\/escuela-municipal-este-lunes-cierre-del-ciclo-lectivo-en-trenque-lauquen-y-el-martes-en-30-de-agosto\/\",\"url\":\"https:\/\/infoecos.com.ar\/index.php\/escuela-municipal-este-lunes-cierre-del-ciclo-lectivo-en-trenque-lauquen-y-el-martes-en-30-de-agosto\/\",\"name\":\"Escuela Municipal: este lunes cierre del ciclo lectivo en Trenque Lauquen y el martes en 30 de Agosto - Infoecos\",\"isPartOf\":{\"@id\":\"https:\/\/infoecos.com.ar\/#website\"},\"primaryImageOfPage\":{\"@id\":\"https:\/\/infoecos.com.ar\/index.php\/escuela-municipal-este-lunes-cierre-del-ciclo-lectivo-en-trenque-lauquen-y-el-martes-en-30-de-agosto\/#primaryimage\"},\"image\":{\"@id\":\"https:\/\/infoecos.com.ar\/index.php\/escuela-municipal-este-lunes-cierre-del-ciclo-lectivo-en-trenque-lauquen-y-el-martes-en-30-de-agosto\/#primaryimage\"},\"thumbnailUrl\":\"\",\"datePublished\":\"2020-12-20T16:44:54+00:00\",\"dateModified\":\"2020-12-20T16:44:57+00:00\",\"breadcrumb\":{\"@id\":\"https:\/\/infoecos.com.ar\/index.php\/escuela-municipal-este-lunes-cierre-del-ciclo-lectivo-en-trenque-lauquen-y-el-martes-en-30-de-agosto\/#breadcrumb\"},\"inLanguage\":\"es\",\"potentialAction\":[{\"@type\":\"ReadAction\",\"target\":[\"https:\/\/infoecos.com.ar\/index.php\/escuela-municipal-este-lunes-cierre-del-ciclo-lectivo-en-trenque-lauquen-y-el-martes-en-30-de-agosto\/\"]}]},{\"@type\":\"ImageObject\",\"inLanguage\":\"es\",\"@id\":\"https:\/\/infoecos.com.ar\/index.php\/escuela-municipal-este-lunes-cierre-del-ciclo-lectivo-en-trenque-lauquen-y-el-martes-en-30-de-agosto\/#primaryimage\",\"url\":\"\",\"contentUrl\":\"\"},{\"@type\":\"BreadcrumbList\",\"@id\":\"https:\/\/infoecos.com.ar\/index.php\/escuela-municipal-este-lunes-cierre-del-ciclo-lectivo-en-trenque-lauquen-y-el-martes-en-30-de-agosto\/#breadcrumb\",\"itemListElement\":[{\"@type\":\"ListItem\",\"position\":1,\"name\":\"Portada\",\"item\":\"https:\/\/infoecos.com.ar\/\"},{\"@type\":\"ListItem\",\"position\":2,\"name\":\"Escuela Municipal: este lunes cierre del ciclo lectivo en Trenque Lauquen y el martes en 30 de Agosto\"}]},{\"@type\":\"WebSite\",\"@id\":\"https:\/\/infoecos.com.ar\/#website\",\"url\":\"https:\/\/infoecos.com.ar\/\",\"name\":\"Infoecos\",\"description\":\"Noticias de trenque lauquen y la zona\",\"publisher\":{\"@id\":\"https:\/\/infoecos.com.ar\/#organization\"},\"alternateName\":\"Noticias\",\"potentialAction\":[{\"@type\":\"SearchAction\",\"target\":{\"@type\":\"EntryPoint\",\"urlTemplate\":\"https:\/\/infoecos.com.ar\/?s={search_term_string}\"},\"query-input\":{\"@type\":\"PropertyValueSpecification\",\"valueRequired\":true,\"valueName\":\"search_term_string\"}}],\"inLanguage\":\"es\"},{\"@type\":\"Organization\",\"@id\":\"https:\/\/infoecos.com.ar\/#organization\",\"name\":\"Infoecos\",\"alternateName\":\"Noticias\",\"url\":\"https:\/\/infoecos.com.ar\/\",\"logo\":{\"@type\":\"ImageObject\",\"inLanguage\":\"es\",\"@id\":\"https:\/\/infoecos.com.ar\/#\/schema\/logo\/image\/\",\"url\":\"https:\/\/infoecos.com.ar\/wp-content\/uploads\/2024\/03\/cropped-logo.png\",\"contentUrl\":\"https:\/\/infoecos.com.ar\/wp-content\/uploads\/2024\/03\/cropped-logo.png\",\"width\":374,\"height\":90,\"caption\":\"Infoecos\"},\"image\":{\"@id\":\"https:\/\/infoecos.com.ar\/#\/schema\/logo\/image\/\"},\"sameAs\":[\"https:\/\/www.facebook.com\/profile.php?id=100063200290284\",\"https:\/\/x.com\/infoecos\"]},{\"@type\":\"Person\",\"@id\":\"https:\/\/infoecos.com.ar\/#\/schema\/person\/8f5ace5ce73b4b4aac4b7245aee6f191\",\"name\":\"Jorge Matheus\",\"url\":\"https:\/\/infoecos.com.ar\/index.php\/author\/jomatheus\/\"}]}<\/script>\n<!-- \/ Yoast SEO plugin. -->","yoast_head_json":{"title":"Escuela Municipal: este lunes cierre del ciclo lectivo en Trenque Lauquen y el martes en 30 de Agosto - Infoecos","robots":{"index":"index","follow":"follow","max-snippet":"max-snippet:-1","max-image-preview":"max-image-preview:large","max-video-preview":"max-video-preview:-1"},"canonical":"https:\/\/infoecos.com.ar\/index.php\/escuela-municipal-este-lunes-cierre-del-ciclo-lectivo-en-trenque-lauquen-y-el-martes-en-30-de-agosto\/","og_locale":"es_ES","og_type":"article","og_title":"Escuela Municipal: este lunes cierre del ciclo lectivo en Trenque Lauquen y el martes en 30 de Agosto - Infoecos","og_description":"Ya se produjo el cierre en Girod\u00edas, Beruti, donde el intendente municipal, Miguel Fern\u00e1ndez, entreg\u00f3 un horno para cer\u00e1mica y vitro fusi\u00f3n, y Garr\u00e9","og_url":"https:\/\/infoecos.com.ar\/index.php\/escuela-municipal-este-lunes-cierre-del-ciclo-lectivo-en-trenque-lauquen-y-el-martes-en-30-de-agosto\/","og_site_name":"Infoecos","article_publisher":"https:\/\/www.facebook.com\/profile.php?id=100063200290284","article_published_time":"2020-12-20T16:44:54+00:00","article_modified_time":"2020-12-20T16:44:57+00:00","og_image":[{"width":414,"height":292,"url":"https:\/\/infoecos.com.ar\/wp-content\/uploads\/cc.jpg","type":"image\/jpeg"}],"author":"Jorge Matheus","twitter_card":"summary_large_image","twitter_creator":"@infoecos","twitter_site":"@infoecos","twitter_misc":{"Escrito por":"Jorge Matheus","Tiempo de lectura":"1 minuto"},"schema":{"@context":"https:\/\/schema.org","@graph":[{"@type":"Article","@id":"https:\/\/infoecos.com.ar\/index.php\/escuela-municipal-este-lunes-cierre-del-ciclo-lectivo-en-trenque-lauquen-y-el-martes-en-30-de-agosto\/#article","isPartOf":{"@id":"https:\/\/infoecos.com.ar\/index.php\/escuela-municipal-este-lunes-cierre-del-ciclo-lectivo-en-trenque-lauquen-y-el-martes-en-30-de-agosto\/"},"author":{"name":"Jorge Matheus","@id":"https:\/\/infoecos.com.ar\/#\/schema\/person\/8f5ace5ce73b4b4aac4b7245aee6f191"},"headline":"Escuela Municipal: este lunes cierre del ciclo lectivo en Trenque Lauquen y el martes en 30 de Agosto","datePublished":"2020-12-20T16:44:54+00:00","dateModified":"2020-12-20T16:44:57+00:00","mainEntityOfPage":{"@id":"https:\/\/infoecos.com.ar\/index.php\/escuela-municipal-este-lunes-cierre-del-ciclo-lectivo-en-trenque-lauquen-y-el-martes-en-30-de-agosto\/"},"wordCount":201,"publisher":{"@id":"https:\/\/infoecos.com.ar\/#organization"},"image":{"@id":"https:\/\/infoecos.com.ar\/index.php\/escuela-municipal-este-lunes-cierre-del-ciclo-lectivo-en-trenque-lauquen-y-el-martes-en-30-de-agosto\/#primaryimage"},"thumbnailUrl":"","keywords":["CIERRE DE LAS ACTIVIDADES ANUALES"],"articleSection":["C3 N1"],"inLanguage":"es"},{"@type":"WebPage","@id":"https:\/\/infoecos.com.ar\/index.php\/escuela-municipal-este-lunes-cierre-del-ciclo-lectivo-en-trenque-lauquen-y-el-martes-en-30-de-agosto\/","url":"https:\/\/infoecos.com.ar\/index.php\/escuela-municipal-este-lunes-cierre-del-ciclo-lectivo-en-trenque-lauquen-y-el-martes-en-30-de-agosto\/","name":"Escuela Municipal: este lunes cierre del ciclo lectivo en Trenque Lauquen y el martes en 30 de Agosto - Infoecos","isPartOf":{"@id":"https:\/\/infoecos.com.ar\/#website"},"primaryImageOfPage":{"@id":"https:\/\/infoecos.com.ar\/index.php\/escuela-municipal-este-lunes-cierre-del-ciclo-lectivo-en-trenque-lauquen-y-el-martes-en-30-de-agosto\/#primaryimage"},"image":{"@id":"https:\/\/infoecos.com.ar\/index.php\/escuela-municipal-este-lunes-cierre-del-ciclo-lectivo-en-trenque-lauquen-y-el-martes-en-30-de-agosto\/#primaryimage"},"thumbnailUrl":"","datePublished":"2020-12-20T16:44:54+00:00","dateModified":"2020-12-20T16:44:57+00:00","breadcrumb":{"@id":"https:\/\/infoecos.com.ar\/index.php\/escuela-municipal-este-lunes-cierre-del-ciclo-lectivo-en-trenque-lauquen-y-el-martes-en-30-de-agosto\/#breadcrumb"},"inLanguage":"es","potentialAction":[{"@type":"ReadAction","target":["https:\/\/infoecos.com.ar\/index.php\/escuela-municipal-este-lunes-cierre-del-ciclo-lectivo-en-trenque-lauquen-y-el-martes-en-30-de-agosto\/"]}]},{"@type":"ImageObject","inLanguage":"es","@id":"https:\/\/infoecos.com.ar\/index.php\/escuela-municipal-este-lunes-cierre-del-ciclo-lectivo-en-trenque-lauquen-y-el-martes-en-30-de-agosto\/#primaryimage","url":"","contentUrl":""},{"@type":"BreadcrumbList","@id":"https:\/\/infoecos.com.ar\/index.php\/escuela-municipal-este-lunes-cierre-del-ciclo-lectivo-en-trenque-lauquen-y-el-martes-en-30-de-agosto\/#breadcrumb","itemListElement":[{"@type":"ListItem","position":1,"name":"Portada","item":"https:\/\/infoecos.com.ar\/"},{"@type":"ListItem","position":2,"name":"Escuela Municipal: este lunes cierre del ciclo lectivo en Trenque Lauquen y el martes en 30 de Agosto"}]},{"@type":"WebSite","@id":"https:\/\/infoecos.com.ar\/#website","url":"https:\/\/infoecos.com.ar\/","name":"Infoecos","description":"Noticias de trenque lauquen y la zona","publisher":{"@id":"https:\/\/infoecos.com.ar\/#organization"},"alternateName":"Noticias","potentialAction":[{"@type":"SearchAction","target":{"@type":"EntryPoint","urlTemplate":"https:\/\/infoecos.com.ar\/?s={search_term_string}"},"query-input":{"@type":"PropertyValueSpecification","valueRequired":true,"valueName":"search_term_string"}}],"inLanguage":"es"},{"@type":"Organization","@id":"https:\/\/infoecos.com.ar\/#organization","name":"Infoecos","alternateName":"Noticias","url":"https:\/\/infoecos.com.ar\/","logo":{"@type":"ImageObject","inLanguage":"es","@id":"https:\/\/infoecos.com.ar\/#\/schema\/logo\/image\/","url":"https:\/\/infoecos.com.ar\/wp-content\/uploads\/2024\/03\/cropped-logo.png","contentUrl":"https:\/\/infoecos.com.ar\/wp-content\/uploads\/2024\/03\/cropped-logo.png","width":374,"height":90,"caption":"Infoecos"},"image":{"@id":"https:\/\/infoecos.com.ar\/#\/schema\/logo\/image\/"},"sameAs":["https:\/\/www.facebook.com\/profile.php?id=100063200290284","https:\/\/x.com\/infoecos"]},{"@type":"Person","@id":"https:\/\/infoecos.com.ar\/#\/schema\/person\/8f5ace5ce73b4b4aac4b7245aee6f191","name":"Jorge Matheus","url":"https:\/\/infoecos.com.ar\/index.php\/author\/jomatheus\/"}]}},"featured_image_urls":{"full":"","thumbnail":"","medium":"","medium_large":"","large":"","1536x1536":"","2048x2048":"","covernews-slider-full":"","covernews-slider-center":"","covernews-featured":"","covernews-medium":"","covernews-medium-square":""},"author_info":{"info":["Jorge Matheus"]},"category_info":"<a href=\"https:\/\/infoecos.com.ar\/index.php\/category\/c3nota1\/\" rel=\"category tag\">C3 N1<\/a>","tag_info":"C3 N1","comment_count":"0","_links":{"self":[{"href":"https:\/\/infoecos.com.ar\/index.php\/wp-json\/wp\/v2\/posts\/71677"}],"collection":[{"href":"https:\/\/infoecos.com.ar\/index.php\/wp-json\/wp\/v2\/posts"}],"about":[{"href":"https:\/\/infoecos.com.ar\/index.php\/wp-json\/wp\/v2\/types\/post"}],"author":[{"embeddable":true,"href":"https:\/\/infoecos.com.ar\/index.php\/wp-json\/wp\/v2\/users\/2"}],"replies":[{"embeddable":true,"href":"https:\/\/infoecos.com.ar\/index.php\/wp-json\/wp\/v2\/comments?post=71677"}],"version-history":[{"count":1,"href":"https:\/\/infoecos.com.ar\/index.php\/wp-json\/wp\/v2\/posts\/71677\/revisions"}],"predecessor-version":[{"id":71678,"href":"https:\/\/infoecos.com.ar\/index.php\/wp-json\/wp\/v2\/posts\/71677\/revisions\/71678"}],"wp:featuredmedia":[{"embeddable":true,"href":"https:\/\/infoecos.com.ar\/index.php\/wp-json\/"}],"wp:attachment":[{"href":"https:\/\/infoecos.com.ar\/index.php\/wp-json\/wp\/v2\/media?parent=71677"}],"wp:term":[{"taxonomy":"category","embeddable":true,"href":"https:\/\/infoecos.com.ar\/index.php\/wp-json\/wp\/v2\/categories?post=71677"},{"taxonomy":"post_tag","embeddable":true,"href":"https:\/\/infoecos.com.ar\/index.php\/wp-json\/wp\/v2\/tags?post=71677"}],"curies":[{"name":"wp","href":"https:\/\/api.w.org\/{rel}","templated":true}]}}