{"id":71679,"date":"2020-12-20T14:01:48","date_gmt":"2020-12-20T17:01:48","guid":{"rendered":"http:\/\/infoecos.com.ar\/?p=71679"},"modified":"2020-12-20T14:01:51","modified_gmt":"2020-12-20T17:01:51","slug":"relevantes-temas-para-el-distrito-de-trenque-lauquen-fueron-aprobados-en-la-ultima-reunion-del-concejo-deliberante","status":"publish","type":"post","link":"https:\/\/infoecos.com.ar\/index.php\/relevantes-temas-para-el-distrito-de-trenque-lauquen-fueron-aprobados-en-la-ultima-reunion-del-concejo-deliberante\/","title":{"rendered":"Relevantes temas para el distrito de Trenque Lauquen fueron aprobados en la \u00faltima reuni\u00f3n del Concejo Deliberante"},"content":{"rendered":"\n<p>Seis Ordenanzas remitidas por el Departamento Ejecutivo, donaciones para el \u00e1rea cultural, peticiones para el municipio y organismos nacionales y provinciales, y una serie de iniciativas del Concejo Deliberante Juvenil, fueron los principales puntos puestos a votaci\u00f3n durante la 1ra. Sesi\u00f3n de Pr\u00f3rroga del Concejo Deliberante, el pasado viernes.<\/p>\n\n\n\n<div class=\"wp-block-image\"><figure class=\"aligncenter size-large\"><img loading=\"lazy\" decoding=\"async\" width=\"826\" height=\"380\" src=\"http:\/\/infoecos.com.ar\/wp-content\/uploads\/2020\/12\/132093855_4030392963640380_7792015189481239912_n.jpg\" alt=\"\" class=\"wp-image-71680\" srcset=\"https:\/\/infoecos.com.ar\/wp-content\/uploads\/2020\/12\/132093855_4030392963640380_7792015189481239912_n.jpg 826w, https:\/\/infoecos.com.ar\/wp-content\/uploads\/2020\/12\/132093855_4030392963640380_7792015189481239912_n-460x212.jpg 460w, https:\/\/infoecos.com.ar\/wp-content\/uploads\/2020\/12\/132093855_4030392963640380_7792015189481239912_n-768x353.jpg 768w\" sizes=\"(max-width: 826px) 100vw, 826px\" \/><\/figure><\/div>\n\n\n\n<p>Se modific\u00f3 la Ordenanza n\u00b0 4104\/13 (referida al C\u00f3digo Contravencional); una Ordenanza que deja sin efecto la concesi\u00f3n de uso efectuada a favor de la Empresa \u201cCooperativa de Trabajo Fundilauquen Limitada\u201d, de un inmueble ubicado en el Sector Industrial Planificado; y un pedido para que el Ejecutivo Municipal eval\u00fae la posibilidad de implementar un sistema de transporte que permita el traslado al Centro de Zoonosis de las mascotas de los ciudadanos que no posean medios de movilidad.<\/p>\n\n\n\n<p>Las iniciativas sancionadas por los concejales que tuvieron origen en el Concejo Deliberante Juvenil consisten en reconocer la tarea desarrollada por los docentes durante el Ciclo Lectivo 2020, en el marco de la Pandemia por COVID-19; una manifestaci\u00f3n de benepl\u00e1cito por la implementaci\u00f3n del Proyecto \u201cCapacitaci\u00f3n en conserva, manipulaci\u00f3n y envasado de alimentos\u201d; y un reconocimiento por la implementaci\u00f3n del proyecto \u201cJ\u00f3venes con m\u00e1s y mejor trabajo\u201d por parte del Municipio.<\/p>\n\n\n\n<p>Durante la sesi\u00f3n se elevaron los siguientes pedido al Departamento Ejecutivo municipal: la realizaci\u00f3n de un relevamiento en Beruti para establecer los lugares con iluminaci\u00f3n deficiente; la construcci\u00f3n de una cancha de Futbol 5 en el Parque \u201cMar\u00eda La India Roca\u201d, o en otro espacio p\u00fablico disponible en 30 de Agosto; la refacci\u00f3n, reparaci\u00f3n y limpieza de las bocas de tormenta en nuestra ciudad; la posibilidad de incorporar m\u00e1s especialistas en la Sala \u201cSanta Clotilde\u201d de Beruti; la ampliaci\u00f3n de las Casas del Estudiante en Buenos Aires y La Plata y que se considere la apertura de una en Bah\u00eda Blanca; la creaci\u00f3n de una Sala de Primeros Auxilios en la Ampliaci\u00f3n Urbana; un estudio de factibilidad, a fin de lograr una nueva perforaci\u00f3n cerca del \u201cojo de agua\u201d, para abastecer a las Instituciones Educativas de la Colonia \u201cMart\u00edn Fierro\u201d; y la colocaci\u00f3n de carteles con \u201cEmojis\u201d a fin de concientizar sobre los cuidados por el COVID-19, en Plazas, Parques y dem\u00e1s espacios p\u00fablicos del distrito.<\/p>\n\n\n\n<p>Los ediles, sobre tablas, aprobaron seis Ordenanzas remitidas por el Departamento Ejecutivo: la obra de Alumbrado P\u00fablico Led en calle Santiago Rubio Oeste, entre Pinc\u00e9n y Prado (ambas aceras); un convenio con el Ministerio de Infraestructura y Servicios P\u00fablicos de la Provincia para la financiaci\u00f3n de la obra: Chacra 241 \u2013 Red Cloacal \u2013 3\u00b0 Etapa; un aval para la compra de un inmueble identificado como Circunscripci\u00f3n III, Secci\u00f3n A, Manzana 14, Parcela 10, ubicado en Beruti; la derogaci\u00f3n del Art\u00edculo 2\u00b0 de la Ordenanza n\u00b0 4904\/19, mediante la cual el Municipio recibiera en donaci\u00f3n un inmueble designado catastralmente como Circunscripci\u00f3n I, Secci\u00f3n A, Manzana 37, Parcela 9\u00aa; y la concesi\u00f3n a favor de Pedro Javier Fiorellini por un lado, y de Soledad Almir\u00f3n y Eduardo Rosino por el otro, de inmuebles ubicados en el Sector Industrial Planificado.<\/p>\n\n\n\n<p>Fueron sancionados de manera un\u00e1nime la creaci\u00f3n en el \u00e1mbito del Concejo Deliberante del programa \u201cCultura Deliberante\u201d, que tendr\u00e1 como objetivo la realizaci\u00f3n, promoci\u00f3n y difusi\u00f3n de actividades art\u00edsticas; se peticionar\u00e1 al Ministro de Transporte de la Naci\u00f3n, Mario Andr\u00e9s Meoni, colaboraci\u00f3n econ\u00f3mica para la puesta en valor de la Estaci\u00f3n de Trenes de Trenque Lauquen, y su reacondicionamiento ante el retorno del servicio del Tren de Pasajeros; y finalmente se solicitar\u00e1 el tratamiento del Proyecto presentado en la C\u00e1mara de Diputados de la Provincia, de adhesi\u00f3n a la Ley Nacional n\u00b0 27.592 de Formaci\u00f3n Integral en Ambiente; y del Proyecto sobre el \u201cUso Medicinal de la Planta de Cannabis y sus derivados\u201d.<\/p>\n\n\n\n<p>Los concejales sancionaron tres pedidos para el Ejecutivo, a fin de otorgar una extensi\u00f3n de los horarios de apertura y cierre de establecimientos dedicados a la gastronom\u00eda y afines; para que gestione ante zona Sanitaria II, la posibilidad de desplegar en Trenque Lauquen y 30 de Agosto, el Plan Detectar; y para que contemple y ponga en pr\u00e1ctica propuestas presentadas por j\u00f3venes de 30 de Agosto, a fin de que puedan reunirse sin l\u00edmites de horario y de personas.<\/p>\n\n\n\n<p>Tambi\u00e9n fue aprobado un pedido para la Legislatura Provincial, para que de tratamiento al Proyecto de Ley por el cual se tramita la condonaci\u00f3n y eximici\u00f3n del pago del impuesto inmobiliario a los contribuyentes comprendidos en el plan de \u201cRegularizaci\u00f3n Dominial Complejo Hinojo\/Las Tunas\u201d; y una solicitud para que el Gobernador de la Provincia, Axel Kicillof, considere la inclusi\u00f3n en el pr\u00f3ximo Presupuesto, de los recursos econ\u00f3micos para la finalizaci\u00f3n de la Ruta del Cereal.<\/p>\n\n\n\n<p>Por \u00faltimo, se pedir\u00e1 a la Autoridad del Agua de la Provincia, que tenga a bien informar todos los permisos otorgados para la extracci\u00f3n de agua subterr\u00e1nea con destino a riego agropecuario en el distrito; y a la Direcci\u00f3n Nacional de Vialidad se le requerir\u00e1 la realizaci\u00f3n de un estudio, proyecto, licitaci\u00f3n y construcci\u00f3n de calles colectoras, se\u00f1alizaci\u00f3n vertical y horizontal y reparaci\u00f3n y mantenimiento de la cinta asf\u00e1ltica y sus banquinas, de la Ruta Nacional n\u00b0 33 desde el kil\u00f3metro 318 hasta el 325. Asimismo se requerir\u00e1 que hasta tanto no se realicen las obras, se analice la posibilidad de celebrar convenios con el Municipio a dichos efectos.<\/p>\n","protected":false},"excerpt":{"rendered":"<p>Los ediles, sobre tablas, aprobaron seis Ordenanzas remitidas por el Departamento Ejecutivo<\/p>\n","protected":false},"author":2,"featured_media":71680,"comment_status":"closed","ping_status":"open","sticky":false,"template":"","format":"standard","meta":{"footnotes":""},"categories":[45],"tags":[2466],"class_list":["post-71679","post","type-post","status-publish","format-standard","has-post-thumbnail","hentry","category-c1nota2","tag-la-informacion-oficial"],"yoast_head":"<!-- This site is optimized with the Yoast SEO plugin v23.4 - https:\/\/yoast.com\/wordpress\/plugins\/seo\/ -->\n<title>Relevantes temas para el distrito de Trenque Lauquen fueron aprobados en la \u00faltima reuni\u00f3n del Concejo Deliberante - Infoecos<\/title>\n<meta name=\"robots\" content=\"index, follow, max-snippet:-1, max-image-preview:large, max-video-preview:-1\" \/>\n<link rel=\"canonical\" href=\"https:\/\/infoecos.com.ar\/index.php\/relevantes-temas-para-el-distrito-de-trenque-lauquen-fueron-aprobados-en-la-ultima-reunion-del-concejo-deliberante\/\" \/>\n<meta property=\"og:locale\" content=\"es_ES\" \/>\n<meta property=\"og:type\" content=\"article\" \/>\n<meta property=\"og:title\" content=\"Relevantes temas para el distrito de Trenque Lauquen fueron aprobados en la \u00faltima reuni\u00f3n del Concejo Deliberante - Infoecos\" \/>\n<meta property=\"og:description\" content=\"Los ediles, sobre tablas, aprobaron seis Ordenanzas remitidas por el Departamento Ejecutivo\" \/>\n<meta property=\"og:url\" content=\"https:\/\/infoecos.com.ar\/index.php\/relevantes-temas-para-el-distrito-de-trenque-lauquen-fueron-aprobados-en-la-ultima-reunion-del-concejo-deliberante\/\" \/>\n<meta property=\"og:site_name\" content=\"Infoecos\" \/>\n<meta property=\"article:publisher\" content=\"https:\/\/www.facebook.com\/profile.php?id=100063200290284\" \/>\n<meta property=\"article:published_time\" content=\"2020-12-20T17:01:48+00:00\" \/>\n<meta property=\"article:modified_time\" content=\"2020-12-20T17:01:51+00:00\" \/>\n<meta property=\"og:image\" content=\"https:\/\/infoecos.com.ar\/wp-content\/uploads\/2020\/12\/132093855_4030392963640380_7792015189481239912_n.jpg\" \/>\n\t<meta property=\"og:image:width\" content=\"826\" \/>\n\t<meta property=\"og:image:height\" content=\"380\" \/>\n\t<meta property=\"og:image:type\" content=\"image\/jpeg\" \/>\n<meta name=\"author\" content=\"Jorge Matheus\" \/>\n<meta name=\"twitter:card\" content=\"summary_large_image\" \/>\n<meta name=\"twitter:creator\" content=\"@infoecos\" \/>\n<meta name=\"twitter:site\" content=\"@infoecos\" \/>\n<meta name=\"twitter:label1\" content=\"Escrito por\" \/>\n\t<meta name=\"twitter:data1\" content=\"Jorge Matheus\" \/>\n\t<meta name=\"twitter:label2\" content=\"Tiempo de lectura\" \/>\n\t<meta name=\"twitter:data2\" content=\"5 minutos\" \/>\n<script type=\"application\/ld+json\" class=\"yoast-schema-graph\">{\"@context\":\"https:\/\/schema.org\",\"@graph\":[{\"@type\":\"Article\",\"@id\":\"https:\/\/infoecos.com.ar\/index.php\/relevantes-temas-para-el-distrito-de-trenque-lauquen-fueron-aprobados-en-la-ultima-reunion-del-concejo-deliberante\/#article\",\"isPartOf\":{\"@id\":\"https:\/\/infoecos.com.ar\/index.php\/relevantes-temas-para-el-distrito-de-trenque-lauquen-fueron-aprobados-en-la-ultima-reunion-del-concejo-deliberante\/\"},\"author\":{\"name\":\"Jorge Matheus\",\"@id\":\"https:\/\/infoecos.com.ar\/#\/schema\/person\/8f5ace5ce73b4b4aac4b7245aee6f191\"},\"headline\":\"Relevantes temas para el distrito de Trenque Lauquen fueron aprobados en la \u00faltima reuni\u00f3n del Concejo Deliberante\",\"datePublished\":\"2020-12-20T17:01:48+00:00\",\"dateModified\":\"2020-12-20T17:01:51+00:00\",\"mainEntityOfPage\":{\"@id\":\"https:\/\/infoecos.com.ar\/index.php\/relevantes-temas-para-el-distrito-de-trenque-lauquen-fueron-aprobados-en-la-ultima-reunion-del-concejo-deliberante\/\"},\"wordCount\":959,\"publisher\":{\"@id\":\"https:\/\/infoecos.com.ar\/#organization\"},\"image\":{\"@id\":\"https:\/\/infoecos.com.ar\/index.php\/relevantes-temas-para-el-distrito-de-trenque-lauquen-fueron-aprobados-en-la-ultima-reunion-del-concejo-deliberante\/#primaryimage\"},\"thumbnailUrl\":\"https:\/\/infoecos.com.ar\/wp-content\/uploads\/2020\/12\/132093855_4030392963640380_7792015189481239912_n.jpg\",\"keywords\":[\"LA INFORMACI\u00d3N OFICIAL\"],\"articleSection\":[\"C1 N2\"],\"inLanguage\":\"es\"},{\"@type\":\"WebPage\",\"@id\":\"https:\/\/infoecos.com.ar\/index.php\/relevantes-temas-para-el-distrito-de-trenque-lauquen-fueron-aprobados-en-la-ultima-reunion-del-concejo-deliberante\/\",\"url\":\"https:\/\/infoecos.com.ar\/index.php\/relevantes-temas-para-el-distrito-de-trenque-lauquen-fueron-aprobados-en-la-ultima-reunion-del-concejo-deliberante\/\",\"name\":\"Relevantes temas para el distrito de Trenque Lauquen fueron aprobados en la \u00faltima reuni\u00f3n del Concejo Deliberante - Infoecos\",\"isPartOf\":{\"@id\":\"https:\/\/infoecos.com.ar\/#website\"},\"primaryImageOfPage\":{\"@id\":\"https:\/\/infoecos.com.ar\/index.php\/relevantes-temas-para-el-distrito-de-trenque-lauquen-fueron-aprobados-en-la-ultima-reunion-del-concejo-deliberante\/#primaryimage\"},\"image\":{\"@id\":\"https:\/\/infoecos.com.ar\/index.php\/relevantes-temas-para-el-distrito-de-trenque-lauquen-fueron-aprobados-en-la-ultima-reunion-del-concejo-deliberante\/#primaryimage\"},\"thumbnailUrl\":\"https:\/\/infoecos.com.ar\/wp-content\/uploads\/2020\/12\/132093855_4030392963640380_7792015189481239912_n.jpg\",\"datePublished\":\"2020-12-20T17:01:48+00:00\",\"dateModified\":\"2020-12-20T17:01:51+00:00\",\"breadcrumb\":{\"@id\":\"https:\/\/infoecos.com.ar\/index.php\/relevantes-temas-para-el-distrito-de-trenque-lauquen-fueron-aprobados-en-la-ultima-reunion-del-concejo-deliberante\/#breadcrumb\"},\"inLanguage\":\"es\",\"potentialAction\":[{\"@type\":\"ReadAction\",\"target\":[\"https:\/\/infoecos.com.ar\/index.php\/relevantes-temas-para-el-distrito-de-trenque-lauquen-fueron-aprobados-en-la-ultima-reunion-del-concejo-deliberante\/\"]}]},{\"@type\":\"ImageObject\",\"inLanguage\":\"es\",\"@id\":\"https:\/\/infoecos.com.ar\/index.php\/relevantes-temas-para-el-distrito-de-trenque-lauquen-fueron-aprobados-en-la-ultima-reunion-del-concejo-deliberante\/#primaryimage\",\"url\":\"https:\/\/infoecos.com.ar\/wp-content\/uploads\/2020\/12\/132093855_4030392963640380_7792015189481239912_n.jpg\",\"contentUrl\":\"https:\/\/infoecos.com.ar\/wp-content\/uploads\/2020\/12\/132093855_4030392963640380_7792015189481239912_n.jpg\",\"width\":826,\"height\":380},{\"@type\":\"BreadcrumbList\",\"@id\":\"https:\/\/infoecos.com.ar\/index.php\/relevantes-temas-para-el-distrito-de-trenque-lauquen-fueron-aprobados-en-la-ultima-reunion-del-concejo-deliberante\/#breadcrumb\",\"itemListElement\":[{\"@type\":\"ListItem\",\"position\":1,\"name\":\"Portada\",\"item\":\"https:\/\/infoecos.com.ar\/\"},{\"@type\":\"ListItem\",\"position\":2,\"name\":\"Relevantes temas para el distrito de Trenque Lauquen fueron aprobados en la \u00faltima reuni\u00f3n del Concejo Deliberante\"}]},{\"@type\":\"WebSite\",\"@id\":\"https:\/\/infoecos.com.ar\/#website\",\"url\":\"https:\/\/infoecos.com.ar\/\",\"name\":\"Infoecos\",\"description\":\"Noticias de trenque lauquen y la zona\",\"publisher\":{\"@id\":\"https:\/\/infoecos.com.ar\/#organization\"},\"alternateName\":\"Noticias\",\"potentialAction\":[{\"@type\":\"SearchAction\",\"target\":{\"@type\":\"EntryPoint\",\"urlTemplate\":\"https:\/\/infoecos.com.ar\/?s={search_term_string}\"},\"query-input\":{\"@type\":\"PropertyValueSpecification\",\"valueRequired\":true,\"valueName\":\"search_term_string\"}}],\"inLanguage\":\"es\"},{\"@type\":\"Organization\",\"@id\":\"https:\/\/infoecos.com.ar\/#organization\",\"name\":\"Infoecos\",\"alternateName\":\"Noticias\",\"url\":\"https:\/\/infoecos.com.ar\/\",\"logo\":{\"@type\":\"ImageObject\",\"inLanguage\":\"es\",\"@id\":\"https:\/\/infoecos.com.ar\/#\/schema\/logo\/image\/\",\"url\":\"https:\/\/infoecos.com.ar\/wp-content\/uploads\/2024\/03\/cropped-logo.png\",\"contentUrl\":\"https:\/\/infoecos.com.ar\/wp-content\/uploads\/2024\/03\/cropped-logo.png\",\"width\":374,\"height\":90,\"caption\":\"Infoecos\"},\"image\":{\"@id\":\"https:\/\/infoecos.com.ar\/#\/schema\/logo\/image\/\"},\"sameAs\":[\"https:\/\/www.facebook.com\/profile.php?id=100063200290284\",\"https:\/\/x.com\/infoecos\"]},{\"@type\":\"Person\",\"@id\":\"https:\/\/infoecos.com.ar\/#\/schema\/person\/8f5ace5ce73b4b4aac4b7245aee6f191\",\"name\":\"Jorge Matheus\",\"url\":\"https:\/\/infoecos.com.ar\/index.php\/author\/jomatheus\/\"}]}<\/script>\n<!-- \/ Yoast SEO plugin. -->","yoast_head_json":{"title":"Relevantes temas para el distrito de Trenque Lauquen fueron aprobados en la \u00faltima reuni\u00f3n del Concejo Deliberante - Infoecos","robots":{"index":"index","follow":"follow","max-snippet":"max-snippet:-1","max-image-preview":"max-image-preview:large","max-video-preview":"max-video-preview:-1"},"canonical":"https:\/\/infoecos.com.ar\/index.php\/relevantes-temas-para-el-distrito-de-trenque-lauquen-fueron-aprobados-en-la-ultima-reunion-del-concejo-deliberante\/","og_locale":"es_ES","og_type":"article","og_title":"Relevantes temas para el distrito de Trenque Lauquen fueron aprobados en la \u00faltima reuni\u00f3n del Concejo Deliberante - Infoecos","og_description":"Los ediles, sobre tablas, aprobaron seis Ordenanzas remitidas por el Departamento Ejecutivo","og_url":"https:\/\/infoecos.com.ar\/index.php\/relevantes-temas-para-el-distrito-de-trenque-lauquen-fueron-aprobados-en-la-ultima-reunion-del-concejo-deliberante\/","og_site_name":"Infoecos","article_publisher":"https:\/\/www.facebook.com\/profile.php?id=100063200290284","article_published_time":"2020-12-20T17:01:48+00:00","article_modified_time":"2020-12-20T17:01:51+00:00","og_image":[{"width":826,"height":380,"url":"https:\/\/infoecos.com.ar\/wp-content\/uploads\/2020\/12\/132093855_4030392963640380_7792015189481239912_n.jpg","type":"image\/jpeg"}],"author":"Jorge Matheus","twitter_card":"summary_large_image","twitter_creator":"@infoecos","twitter_site":"@infoecos","twitter_misc":{"Escrito por":"Jorge Matheus","Tiempo de lectura":"5 minutos"},"schema":{"@context":"https:\/\/schema.org","@graph":[{"@type":"Article","@id":"https:\/\/infoecos.com.ar\/index.php\/relevantes-temas-para-el-distrito-de-trenque-lauquen-fueron-aprobados-en-la-ultima-reunion-del-concejo-deliberante\/#article","isPartOf":{"@id":"https:\/\/infoecos.com.ar\/index.php\/relevantes-temas-para-el-distrito-de-trenque-lauquen-fueron-aprobados-en-la-ultima-reunion-del-concejo-deliberante\/"},"author":{"name":"Jorge Matheus","@id":"https:\/\/infoecos.com.ar\/#\/schema\/person\/8f5ace5ce73b4b4aac4b7245aee6f191"},"headline":"Relevantes temas para el distrito de Trenque Lauquen fueron aprobados en la \u00faltima reuni\u00f3n del Concejo Deliberante","datePublished":"2020-12-20T17:01:48+00:00","dateModified":"2020-12-20T17:01:51+00:00","mainEntityOfPage":{"@id":"https:\/\/infoecos.com.ar\/index.php\/relevantes-temas-para-el-distrito-de-trenque-lauquen-fueron-aprobados-en-la-ultima-reunion-del-concejo-deliberante\/"},"wordCount":959,"publisher":{"@id":"https:\/\/infoecos.com.ar\/#organization"},"image":{"@id":"https:\/\/infoecos.com.ar\/index.php\/relevantes-temas-para-el-distrito-de-trenque-lauquen-fueron-aprobados-en-la-ultima-reunion-del-concejo-deliberante\/#primaryimage"},"thumbnailUrl":"https:\/\/infoecos.com.ar\/wp-content\/uploads\/2020\/12\/132093855_4030392963640380_7792015189481239912_n.jpg","keywords":["LA INFORMACI\u00d3N OFICIAL"],"articleSection":["C1 N2"],"inLanguage":"es"},{"@type":"WebPage","@id":"https:\/\/infoecos.com.ar\/index.php\/relevantes-temas-para-el-distrito-de-trenque-lauquen-fueron-aprobados-en-la-ultima-reunion-del-concejo-deliberante\/","url":"https:\/\/infoecos.com.ar\/index.php\/relevantes-temas-para-el-distrito-de-trenque-lauquen-fueron-aprobados-en-la-ultima-reunion-del-concejo-deliberante\/","name":"Relevantes temas para el distrito de Trenque Lauquen fueron aprobados en la \u00faltima reuni\u00f3n del Concejo Deliberante - Infoecos","isPartOf":{"@id":"https:\/\/infoecos.com.ar\/#website"},"primaryImageOfPage":{"@id":"https:\/\/infoecos.com.ar\/index.php\/relevantes-temas-para-el-distrito-de-trenque-lauquen-fueron-aprobados-en-la-ultima-reunion-del-concejo-deliberante\/#primaryimage"},"image":{"@id":"https:\/\/infoecos.com.ar\/index.php\/relevantes-temas-para-el-distrito-de-trenque-lauquen-fueron-aprobados-en-la-ultima-reunion-del-concejo-deliberante\/#primaryimage"},"thumbnailUrl":"https:\/\/infoecos.com.ar\/wp-content\/uploads\/2020\/12\/132093855_4030392963640380_7792015189481239912_n.jpg","datePublished":"2020-12-20T17:01:48+00:00","dateModified":"2020-12-20T17:01:51+00:00","breadcrumb":{"@id":"https:\/\/infoecos.com.ar\/index.php\/relevantes-temas-para-el-distrito-de-trenque-lauquen-fueron-aprobados-en-la-ultima-reunion-del-concejo-deliberante\/#breadcrumb"},"inLanguage":"es","potentialAction":[{"@type":"ReadAction","target":["https:\/\/infoecos.com.ar\/index.php\/relevantes-temas-para-el-distrito-de-trenque-lauquen-fueron-aprobados-en-la-ultima-reunion-del-concejo-deliberante\/"]}]},{"@type":"ImageObject","inLanguage":"es","@id":"https:\/\/infoecos.com.ar\/index.php\/relevantes-temas-para-el-distrito-de-trenque-lauquen-fueron-aprobados-en-la-ultima-reunion-del-concejo-deliberante\/#primaryimage","url":"https:\/\/infoecos.com.ar\/wp-content\/uploads\/2020\/12\/132093855_4030392963640380_7792015189481239912_n.jpg","contentUrl":"https:\/\/infoecos.com.ar\/wp-content\/uploads\/2020\/12\/132093855_4030392963640380_7792015189481239912_n.jpg","width":826,"height":380},{"@type":"BreadcrumbList","@id":"https:\/\/infoecos.com.ar\/index.php\/relevantes-temas-para-el-distrito-de-trenque-lauquen-fueron-aprobados-en-la-ultima-reunion-del-concejo-deliberante\/#breadcrumb","itemListElement":[{"@type":"ListItem","position":1,"name":"Portada","item":"https:\/\/infoecos.com.ar\/"},{"@type":"ListItem","position":2,"name":"Relevantes temas para el distrito de Trenque Lauquen fueron aprobados en la \u00faltima reuni\u00f3n del Concejo Deliberante"}]},{"@type":"WebSite","@id":"https:\/\/infoecos.com.ar\/#website","url":"https:\/\/infoecos.com.ar\/","name":"Infoecos","description":"Noticias de trenque lauquen y la zona","publisher":{"@id":"https:\/\/infoecos.com.ar\/#organization"},"alternateName":"Noticias","potentialAction":[{"@type":"SearchAction","target":{"@type":"EntryPoint","urlTemplate":"https:\/\/infoecos.com.ar\/?s={search_term_string}"},"query-input":{"@type":"PropertyValueSpecification","valueRequired":true,"valueName":"search_term_string"}}],"inLanguage":"es"},{"@type":"Organization","@id":"https:\/\/infoecos.com.ar\/#organization","name":"Infoecos","alternateName":"Noticias","url":"https:\/\/infoecos.com.ar\/","logo":{"@type":"ImageObject","inLanguage":"es","@id":"https:\/\/infoecos.com.ar\/#\/schema\/logo\/image\/","url":"https:\/\/infoecos.com.ar\/wp-content\/uploads\/2024\/03\/cropped-logo.png","contentUrl":"https:\/\/infoecos.com.ar\/wp-content\/uploads\/2024\/03\/cropped-logo.png","width":374,"height":90,"caption":"Infoecos"},"image":{"@id":"https:\/\/infoecos.com.ar\/#\/schema\/logo\/image\/"},"sameAs":["https:\/\/www.facebook.com\/profile.php?id=100063200290284","https:\/\/x.com\/infoecos"]},{"@type":"Person","@id":"https:\/\/infoecos.com.ar\/#\/schema\/person\/8f5ace5ce73b4b4aac4b7245aee6f191","name":"Jorge Matheus","url":"https:\/\/infoecos.com.ar\/index.php\/author\/jomatheus\/"}]}},"featured_image_urls":{"full":["https:\/\/infoecos.com.ar\/wp-content\/uploads\/2020\/12\/132093855_4030392963640380_7792015189481239912_n.jpg",826,380,false],"thumbnail":["https:\/\/infoecos.com.ar\/wp-content\/uploads\/2020\/12\/132093855_4030392963640380_7792015189481239912_n-150x150.jpg",150,150,true],"medium":["https:\/\/infoecos.com.ar\/wp-content\/uploads\/2020\/12\/132093855_4030392963640380_7792015189481239912_n-460x212.jpg",460,212,true],"medium_large":["https:\/\/infoecos.com.ar\/wp-content\/uploads\/2020\/12\/132093855_4030392963640380_7792015189481239912_n-768x353.jpg",640,294,true],"large":["https:\/\/infoecos.com.ar\/wp-content\/uploads\/2020\/12\/132093855_4030392963640380_7792015189481239912_n.jpg",640,294,false],"1536x1536":["https:\/\/infoecos.com.ar\/wp-content\/uploads\/2020\/12\/132093855_4030392963640380_7792015189481239912_n.jpg",826,380,false],"2048x2048":["https:\/\/infoecos.com.ar\/wp-content\/uploads\/2020\/12\/132093855_4030392963640380_7792015189481239912_n.jpg",826,380,false],"covernews-slider-full":["https:\/\/infoecos.com.ar\/wp-content\/uploads\/2020\/12\/132093855_4030392963640380_7792015189481239912_n.jpg",826,380,false],"covernews-slider-center":["https:\/\/infoecos.com.ar\/wp-content\/uploads\/2020\/12\/132093855_4030392963640380_7792015189481239912_n.jpg",800,368,false],"covernews-featured":["https:\/\/infoecos.com.ar\/wp-content\/uploads\/2020\/12\/132093855_4030392963640380_7792015189481239912_n.jpg",826,380,false],"covernews-medium":["https:\/\/infoecos.com.ar\/wp-content\/uploads\/2020\/12\/132093855_4030392963640380_7792015189481239912_n-720x380.jpg",540,285,true],"covernews-medium-square":["https:\/\/infoecos.com.ar\/wp-content\/uploads\/2020\/12\/132093855_4030392963640380_7792015189481239912_n-675x380.jpg",400,225,true]},"author_info":{"info":["Jorge Matheus"]},"category_info":"<a href=\"https:\/\/infoecos.com.ar\/index.php\/category\/c1nota2\/\" rel=\"category tag\">C1 N2<\/a>","tag_info":"C1 N2","comment_count":"0","_links":{"self":[{"href":"https:\/\/infoecos.com.ar\/index.php\/wp-json\/wp\/v2\/posts\/71679"}],"collection":[{"href":"https:\/\/infoecos.com.ar\/index.php\/wp-json\/wp\/v2\/posts"}],"about":[{"href":"https:\/\/infoecos.com.ar\/index.php\/wp-json\/wp\/v2\/types\/post"}],"author":[{"embeddable":true,"href":"https:\/\/infoecos.com.ar\/index.php\/wp-json\/wp\/v2\/users\/2"}],"replies":[{"embeddable":true,"href":"https:\/\/infoecos.com.ar\/index.php\/wp-json\/wp\/v2\/comments?post=71679"}],"version-history":[{"count":1,"href":"https:\/\/infoecos.com.ar\/index.php\/wp-json\/wp\/v2\/posts\/71679\/revisions"}],"predecessor-version":[{"id":71681,"href":"https:\/\/infoecos.com.ar\/index.php\/wp-json\/wp\/v2\/posts\/71679\/revisions\/71681"}],"wp:featuredmedia":[{"embeddable":true,"href":"https:\/\/infoecos.com.ar\/index.php\/wp-json\/wp\/v2\/media\/71680"}],"wp:attachment":[{"href":"https:\/\/infoecos.com.ar\/index.php\/wp-json\/wp\/v2\/media?parent=71679"}],"wp:term":[{"taxonomy":"category","embeddable":true,"href":"https:\/\/infoecos.com.ar\/index.php\/wp-json\/wp\/v2\/categories?post=71679"},{"taxonomy":"post_tag","embeddable":true,"href":"https:\/\/infoecos.com.ar\/index.php\/wp-json\/wp\/v2\/tags?post=71679"}],"curies":[{"name":"wp","href":"https:\/\/api.w.org\/{rel}","templated":true}]}}