{"id":71685,"date":"2020-12-20T22:06:16","date_gmt":"2020-12-21T01:06:16","guid":{"rendered":"http:\/\/infoecos.com.ar\/?p=71685"},"modified":"2020-12-20T22:06:19","modified_gmt":"2020-12-21T01:06:19","slug":"el-presidente-fernandez-pone-en-marcha-la-agenda-de-capitales-alternas-entre-las-que-esta-general-pico","status":"publish","type":"post","link":"https:\/\/infoecos.com.ar\/index.php\/el-presidente-fernandez-pone-en-marcha-la-agenda-de-capitales-alternas-entre-las-que-esta-general-pico\/","title":{"rendered":"El presidente Fern\u00e1ndez pone en marcha la agenda de Capitales Alternas, entre las que est\u00e1 General Pico"},"content":{"rendered":"\n<p class=\"wp-block-paragraph\">El presidente Alberto Fern\u00e1ndez viaja este lunes a Tierra del Fuego para inaugurar en la ciudad de R\u00edo Grande la puesta en marcha del <strong>Gabinete Federal<\/strong> y la agenda de las <strong>Capitales Alternas<\/strong>, con el fin de descentralizar la gesti\u00f3n y tener un intercambio directo con autoridades locales y organizaciones de la sociedad civil, informaron fuentes oficiales.<\/p>\n\n\n\n<div class=\"wp-block-image\"><figure class=\"aligncenter size-large is-resized\"><img loading=\"lazy\" decoding=\"async\" src=\"http:\/\/infoecos.com.ar\/wp-content\/uploads\/2020\/12\/presentacioncapitalesalternas-920x518.jpg\" alt=\"\" class=\"wp-image-71686\" width=\"580\" height=\"326\" srcset=\"https:\/\/infoecos.com.ar\/wp-content\/uploads\/2020\/12\/presentacioncapitalesalternas-920x518.jpg 920w, https:\/\/infoecos.com.ar\/wp-content\/uploads\/2020\/12\/presentacioncapitalesalternas-460x259.jpg 460w, https:\/\/infoecos.com.ar\/wp-content\/uploads\/2020\/12\/presentacioncapitalesalternas-768x432.jpg 768w, https:\/\/infoecos.com.ar\/wp-content\/uploads\/2020\/12\/presentacioncapitalesalternas.jpg 1004w\" sizes=\"auto, (max-width: 580px) 100vw, 580px\" \/><figcaption>Fotograf\u00eda del d\u00eda en que se present\u00f3 la lista de Capitales Alternas<\/figcaption><\/figure><\/div>\n\n\n\n<p class=\"wp-block-paragraph\">El viaje del Presidente se encuadra en la meta del Gobierno de robustecer en el 2021 el v\u00ednculo entre la Naci\u00f3n y las provincias para achicar, con pol\u00edticas p\u00fablicas, las inequidades entre las zonas pr\u00f3speras y las m\u00e1s relegadas del pa\u00eds.<\/p>\n\n\n\n<p class=\"wp-block-paragraph\">En la provincia m\u00e1s austral del pa\u00eds Fern\u00e1ndez har\u00e1 anuncios y firmar\u00e1 diversos convenios.<\/p>\n\n\n\n<p class=\"wp-block-paragraph\">Con la llegada de Fern\u00e1ndez a R\u00edo Grande, prevista para las 11.30 seg\u00fan las fuentes, <strong>se dar\u00e1 el puntapi\u00e9 para el inicio del esquema de reuniones en las 24 Capitales Alternas<\/strong>, del que participar\u00e1n tambi\u00e9n ministros del Gabinete nacional con la idea de trasladar la gesti\u00f3n al propio territorio.<\/p>\n\n\n\n<p class=\"wp-block-paragraph\">R\u00edo Grande (Tierra del Fuego); Caleta Olivia (Santa Cruz); Comodoro Rivadavia (Chubut); Bariloche (R\u00edo Negro); Cultral C\u00f3 (Neuqu\u00e9n); <strong>General Pico (La Pampa)<\/strong>; <strong>Mar del Plata<\/strong> y <strong>La Matanza<\/strong> (Buenos Aires); Rosario (Santa Fe); R\u00edo Cuarto (C\u00f3rdoba); Concordia (Entre R\u00edos); Goya (Corrientes); Ober\u00e1 (Misiones),  Presidencia Roque S\u00e1enz Pe\u00f1a (Chaco); Formosa (Formosa); San Pedro de Jujuy (Jujuy); Or\u00e1n (Salta); Tinogasta (Catamarca); Monteros (Tucum\u00e1n); La Banda (Santiago del Estero); Chilecito (La Rioja); Caucete (San Juan); San Luis (San Luis) y Guaymall\u00e9n (Mendoza), integran el universo de capitales alternas.<\/p>\n","protected":false},"excerpt":{"rendered":"<p>En la provincia m\u00e1s austral del pa\u00eds Fern\u00e1ndez har\u00e1 anuncios y firmar\u00e1 diversos convenios<\/p>\n","protected":false},"author":2,"featured_media":71687,"comment_status":"closed","ping_status":"open","sticky":false,"template":"","format":"standard","meta":{"footnotes":""},"categories":[47],"tags":[2467],"class_list":["post-71685","post","type-post","status-publish","format-standard","has-post-thumbnail","hentry","category-c3nota2","tag-rio-grande-tierra-del-fuego"],"featured_image_urls":{"full":["https:\/\/infoecos.com.ar\/wp-content\/uploads\/2020\/12\/fernandezalber.jpg",1004,565,false],"thumbnail":["https:\/\/infoecos.com.ar\/wp-content\/uploads\/2020\/12\/fernandezalber-150x150.jpg",150,150,true],"medium":["https:\/\/infoecos.com.ar\/wp-content\/uploads\/2020\/12\/fernandezalber-460x259.jpg",460,259,true],"medium_large":["https:\/\/infoecos.com.ar\/wp-content\/uploads\/2020\/12\/fernandezalber-768x432.jpg",640,360,true],"large":["https:\/\/infoecos.com.ar\/wp-content\/uploads\/2020\/12\/fernandezalber-920x518.jpg",640,360,true],"1536x1536":["https:\/\/infoecos.com.ar\/wp-content\/uploads\/2020\/12\/fernandezalber.jpg",1004,565,false],"2048x2048":["https:\/\/infoecos.com.ar\/wp-content\/uploads\/2020\/12\/fernandezalber.jpg",1004,565,false],"covernews-slider-full":["https:\/\/infoecos.com.ar\/wp-content\/uploads\/2020\/12\/fernandezalber.jpg",1004,565,false],"covernews-slider-center":["https:\/\/infoecos.com.ar\/wp-content\/uploads\/2020\/12\/fernandezalber-936x565.jpg",800,483,true],"covernews-featured":["https:\/\/infoecos.com.ar\/wp-content\/uploads\/2020\/12\/fernandezalber.jpg",1004,565,false],"covernews-medium":["https:\/\/infoecos.com.ar\/wp-content\/uploads\/2020\/12\/fernandezalber-720x380.jpg",540,285,true],"covernews-medium-square":["https:\/\/infoecos.com.ar\/wp-content\/uploads\/2020\/12\/fernandezalber-675x450.jpg",375,250,true]},"author_info":{"info":["Jorge Matheus"]},"category_info":"<a href=\"https:\/\/infoecos.com.ar\/index.php\/category\/c3nota2\/\" rel=\"category tag\">C3 N2<\/a>","tag_info":"C3 N2","comment_count":"0","_links":{"self":[{"href":"https:\/\/infoecos.com.ar\/index.php\/wp-json\/wp\/v2\/posts\/71685","targetHints":{"allow":["GET"]}}],"collection":[{"href":"https:\/\/infoecos.com.ar\/index.php\/wp-json\/wp\/v2\/posts"}],"about":[{"href":"https:\/\/infoecos.com.ar\/index.php\/wp-json\/wp\/v2\/types\/post"}],"author":[{"embeddable":true,"href":"https:\/\/infoecos.com.ar\/index.php\/wp-json\/wp\/v2\/users\/2"}],"replies":[{"embeddable":true,"href":"https:\/\/infoecos.com.ar\/index.php\/wp-json\/wp\/v2\/comments?post=71685"}],"version-history":[{"count":1,"href":"https:\/\/infoecos.com.ar\/index.php\/wp-json\/wp\/v2\/posts\/71685\/revisions"}],"predecessor-version":[{"id":71688,"href":"https:\/\/infoecos.com.ar\/index.php\/wp-json\/wp\/v2\/posts\/71685\/revisions\/71688"}],"wp:featuredmedia":[{"embeddable":true,"href":"https:\/\/infoecos.com.ar\/index.php\/wp-json\/wp\/v2\/media\/71687"}],"wp:attachment":[{"href":"https:\/\/infoecos.com.ar\/index.php\/wp-json\/wp\/v2\/media?parent=71685"}],"wp:term":[{"taxonomy":"category","embeddable":true,"href":"https:\/\/infoecos.com.ar\/index.php\/wp-json\/wp\/v2\/categories?post=71685"},{"taxonomy":"post_tag","embeddable":true,"href":"https:\/\/infoecos.com.ar\/index.php\/wp-json\/wp\/v2\/tags?post=71685"}],"curies":[{"name":"wp","href":"https:\/\/api.w.org\/{rel}","templated":true}]}}