{"id":71692,"date":"2020-12-20T22:18:29","date_gmt":"2020-12-21T01:18:29","guid":{"rendered":"http:\/\/infoecos.com.ar\/?p=71692"},"modified":"2020-12-22T01:52:12","modified_gmt":"2020-12-22T04:52:12","slug":"la-diputada-arata-de-la-4-seccion-electoral-se-manifesto-con-alegria-por-el-acto-desafios-para-la-reconstruccion-bonaerense","status":"publish","type":"post","link":"https:\/\/infoecos.com.ar\/index.php\/la-diputada-arata-de-la-4-seccion-electoral-se-manifesto-con-alegria-por-el-acto-desafios-para-la-reconstruccion-bonaerense\/","title":{"rendered":"La diputada Arata de la 4\u00b0 Secci\u00f3n Electoral se manifest\u00f3 con alegr\u00eda por el acto \u00abDesafios para la reconstrucci\u00f3n bonaerense\u00bb"},"content":{"rendered":"\n<p class=\"wp-block-paragraph\">La diputada provincial por el Frente de Todos de la 4\u00b0 Secci\u00f3n Electoral, Valeria Arata, se expres\u00f3 con alegr\u00eda por el acto \u00abDesafios para la reconstrucci\u00f3n bonaerense\u00bb llevado a cabo en La Plata.  <\/p>\n\n\n\n<div class=\"wp-block-image\"><figure class=\"aligncenter size-large\"><img loading=\"lazy\" decoding=\"async\" width=\"920\" height=\"614\" src=\"http:\/\/infoecos.com.ar\/wp-content\/uploads\/2020\/12\/MG_0252_2-1-920x614.jpg\" alt=\"\" class=\"wp-image-71636\" srcset=\"https:\/\/infoecos.com.ar\/wp-content\/uploads\/2020\/12\/MG_0252_2-1-920x614.jpg 920w, https:\/\/infoecos.com.ar\/wp-content\/uploads\/2020\/12\/MG_0252_2-1-460x307.jpg 460w, https:\/\/infoecos.com.ar\/wp-content\/uploads\/2020\/12\/MG_0252_2-1-768x512.jpg 768w, https:\/\/infoecos.com.ar\/wp-content\/uploads\/2020\/12\/MG_0252_2-1-1536x1025.jpg 1536w, https:\/\/infoecos.com.ar\/wp-content\/uploads\/2020\/12\/MG_0252_2-1-2048x1366.jpg 2048w, https:\/\/infoecos.com.ar\/wp-content\/uploads\/2020\/12\/MG_0252_2-1-1024x683.jpg 1024w, https:\/\/infoecos.com.ar\/wp-content\/uploads\/2020\/12\/MG_0252_2-1-675x450.jpg 675w\" sizes=\"auto, (max-width: 920px) 100vw, 920px\" \/><\/figure><\/div>\n\n\n\n<p class=\"wp-block-paragraph\">\u00abEl a\u00f1o pasado, decidimos avanzar en la construcci\u00f3n de un espacio pol\u00edtico que le permita a los argentinos, recuperar la esperanza y la confianza en la Argentina. Dejamos a un lado las diferencias y priorizamos las coincidencias para poner por delante el desaf\u00edo de que nuevamente a nuestro pa\u00eds se ponga de pie\u00bb, afirm\u00f3.<\/p>\n\n\n\n<p class=\"wp-block-paragraph\">\u00abSab\u00edamos que el punto de partida era dif\u00edcil, luego de 4 a\u00f1os de especulaci\u00f3n y fracasos, lo que no esper\u00e1bamos era atravesar la crisis sanitaria m\u00e1s profunda de la historia moderna del mundo. Sin embargo, las adversidades nos fortalecieron, y nos demostr\u00f3 que unidos podemos enfrentar grandes adversidades\u00bb, manifest\u00f3 la legisladora bonaerense oriunda de Jun\u00edn.<\/p>\n\n\n\n<p class=\"wp-block-paragraph\">\u00abAhora tenemos un objetivo claro, un desaf\u00edo que compartimos todos las y los argentinos de bien, que es trabajar unidos por la reconstrucci\u00f3n argentina. El pr\u00f3ximo a\u00f1o retomaremos el camino del crecimiento y el desarrollo que cada argentino y bonaerense se merece\u00bb, cerr\u00f3.<\/p>\n","protected":false},"excerpt":{"rendered":"<p>\u00abAhora tenemos un objetivo claro, un desaf\u00edo que compartimos todos las y los argentinos de bien, que es trabajar unidos por la reconstrucci\u00f3n nacional\u00bb, se\u00f1al\u00f3<\/p>\n","protected":false},"author":2,"featured_media":28880,"comment_status":"closed","ping_status":"open","sticky":false,"template":"","format":"standard","meta":{"footnotes":""},"categories":[26],"tags":[2468],"class_list":["post-71692","post","type-post","status-publish","format-standard","has-post-thumbnail","hentry","category-inferior6","tag-repercusiones"],"featured_image_urls":{"full":"","thumbnail":"","medium":"","medium_large":"","large":"","1536x1536":"","2048x2048":"","covernews-slider-full":"","covernews-slider-center":"","covernews-featured":"","covernews-medium":"","covernews-medium-square":""},"author_info":{"info":["Jorge Matheus"]},"category_info":"<a href=\"https:\/\/infoecos.com.ar\/index.php\/category\/inferior6\/\" rel=\"category tag\">Bloque inferior - 6<\/a>","tag_info":"Bloque inferior - 6","comment_count":"0","_links":{"self":[{"href":"https:\/\/infoecos.com.ar\/index.php\/wp-json\/wp\/v2\/posts\/71692","targetHints":{"allow":["GET"]}}],"collection":[{"href":"https:\/\/infoecos.com.ar\/index.php\/wp-json\/wp\/v2\/posts"}],"about":[{"href":"https:\/\/infoecos.com.ar\/index.php\/wp-json\/wp\/v2\/types\/post"}],"author":[{"embeddable":true,"href":"https:\/\/infoecos.com.ar\/index.php\/wp-json\/wp\/v2\/users\/2"}],"replies":[{"embeddable":true,"href":"https:\/\/infoecos.com.ar\/index.php\/wp-json\/wp\/v2\/comments?post=71692"}],"version-history":[{"count":1,"href":"https:\/\/infoecos.com.ar\/index.php\/wp-json\/wp\/v2\/posts\/71692\/revisions"}],"predecessor-version":[{"id":71693,"href":"https:\/\/infoecos.com.ar\/index.php\/wp-json\/wp\/v2\/posts\/71692\/revisions\/71693"}],"wp:attachment":[{"href":"https:\/\/infoecos.com.ar\/index.php\/wp-json\/wp\/v2\/media?parent=71692"}],"wp:term":[{"taxonomy":"category","embeddable":true,"href":"https:\/\/infoecos.com.ar\/index.php\/wp-json\/wp\/v2\/categories?post=71692"},{"taxonomy":"post_tag","embeddable":true,"href":"https:\/\/infoecos.com.ar\/index.php\/wp-json\/wp\/v2\/tags?post=71692"}],"curies":[{"name":"wp","href":"https:\/\/api.w.org\/{rel}","templated":true}]}}