{"id":71697,"date":"2020-12-20T22:34:46","date_gmt":"2020-12-21T01:34:46","guid":{"rendered":"http:\/\/infoecos.com.ar\/?p=71697"},"modified":"2020-12-22T01:50:41","modified_gmt":"2020-12-22T04:50:41","slug":"el-concejo-deliberante-de-salliquelo-aprobo-la-ordenanza-fiscal-e-impositiva-para-el-ano-proximo","status":"publish","type":"post","link":"https:\/\/infoecos.com.ar\/index.php\/el-concejo-deliberante-de-salliquelo-aprobo-la-ordenanza-fiscal-e-impositiva-para-el-ano-proximo\/","title":{"rendered":"El Concejo Deliberante de Salliquel\u00f3 aprob\u00f3 la Ordenanza Fiscal e Impositiva para el a\u00f1o pr\u00f3ximo"},"content":{"rendered":"\n<p>Se realiz\u00f3 la segunda sesi\u00f3n ordinaria de pr\u00f3rroga del Concejo Deliberante de Salliquel\u00f3. El tema sobresaliente del encuentro fue el tratamiento de la Ordenanza Fiscal e Impositiva remitida por el Departamento Ejecutivo.<\/p>\n\n\n\n<p>Se acord\u00f3, despu\u00e9s de una intensa labor previa, una actualizaci\u00f3n del 40% en la red vial, desdoblada en un 32% en el primer semestre y un 40% en el segundo (lo que promedia un aumento del 36%), y del 35% en el ABL, desdoblada en un 30% en el primer semestre y un 35% en el segundo (lo que promedia un aumento del 32,5%).<\/p>\n\n\n\n<div class=\"wp-block-image\"><figure class=\"aligncenter size-large\"><img loading=\"lazy\" decoding=\"async\" width=\"690\" height=\"459\" src=\"http:\/\/infoecos.com.ar\/wp-content\/uploads\/2020\/12\/salliqueloconcejo.jpg\" alt=\"\" class=\"wp-image-71698\" srcset=\"https:\/\/infoecos.com.ar\/wp-content\/uploads\/2020\/12\/salliqueloconcejo.jpg 690w, https:\/\/infoecos.com.ar\/wp-content\/uploads\/2020\/12\/salliqueloconcejo-460x306.jpg 460w, https:\/\/infoecos.com.ar\/wp-content\/uploads\/2020\/12\/salliqueloconcejo-675x450.jpg 675w\" sizes=\"(max-width: 690px) 100vw, 690px\" \/><\/figure><\/div>\n\n\n\n<p><strong>Fuente: veradia.com<\/strong><\/p>\n","protected":false},"excerpt":{"rendered":"<p>Se acord\u00f3, despu\u00e9s de una intensa labor previa, una actualizaci\u00f3n del 40% en la red vial y del 35% en el ABL<\/p>\n","protected":false},"author":2,"featured_media":71698,"comment_status":"closed","ping_status":"open","sticky":false,"template":"","format":"standard","meta":{"footnotes":""},"categories":[43],"tags":[2469],"class_list":["post-71697","post","type-post","status-publish","format-standard","has-post-thumbnail","hentry","category-inferior4","tag-ordenanza-fiscal-e-impositiva"],"yoast_head":"<!-- This site is optimized with the Yoast SEO plugin v23.4 - https:\/\/yoast.com\/wordpress\/plugins\/seo\/ -->\n<title>El Concejo Deliberante de Salliquel\u00f3 aprob\u00f3 la Ordenanza Fiscal e Impositiva para el a\u00f1o pr\u00f3ximo - Infoecos<\/title>\n<meta name=\"robots\" content=\"index, follow, max-snippet:-1, max-image-preview:large, max-video-preview:-1\" \/>\n<link rel=\"canonical\" href=\"https:\/\/infoecos.com.ar\/index.php\/el-concejo-deliberante-de-salliquelo-aprobo-la-ordenanza-fiscal-e-impositiva-para-el-ano-proximo\/\" \/>\n<meta property=\"og:locale\" content=\"es_ES\" \/>\n<meta property=\"og:type\" content=\"article\" \/>\n<meta property=\"og:title\" content=\"El Concejo Deliberante de Salliquel\u00f3 aprob\u00f3 la Ordenanza Fiscal e Impositiva para el a\u00f1o pr\u00f3ximo - Infoecos\" \/>\n<meta property=\"og:description\" content=\"Se acord\u00f3, despu\u00e9s de una intensa labor previa, una actualizaci\u00f3n del 40% en la red vial y del 35% en el ABL\" \/>\n<meta property=\"og:url\" content=\"https:\/\/infoecos.com.ar\/index.php\/el-concejo-deliberante-de-salliquelo-aprobo-la-ordenanza-fiscal-e-impositiva-para-el-ano-proximo\/\" \/>\n<meta property=\"og:site_name\" content=\"Infoecos\" \/>\n<meta property=\"article:publisher\" content=\"https:\/\/www.facebook.com\/profile.php?id=100063200290284\" \/>\n<meta property=\"article:published_time\" content=\"2020-12-21T01:34:46+00:00\" \/>\n<meta property=\"article:modified_time\" content=\"2020-12-22T04:50:41+00:00\" \/>\n<meta property=\"og:image\" content=\"https:\/\/infoecos.com.ar\/wp-content\/uploads\/2020\/12\/salliqueloconcejo.jpg\" \/>\n\t<meta property=\"og:image:width\" content=\"690\" \/>\n\t<meta property=\"og:image:height\" content=\"459\" \/>\n\t<meta property=\"og:image:type\" content=\"image\/jpeg\" \/>\n<meta name=\"author\" content=\"Jorge Matheus\" \/>\n<meta name=\"twitter:card\" content=\"summary_large_image\" \/>\n<meta name=\"twitter:creator\" content=\"@infoecos\" \/>\n<meta name=\"twitter:site\" content=\"@infoecos\" \/>\n<meta name=\"twitter:label1\" content=\"Escrito por\" \/>\n\t<meta name=\"twitter:data1\" content=\"Jorge Matheus\" \/>\n<script type=\"application\/ld+json\" class=\"yoast-schema-graph\">{\"@context\":\"https:\/\/schema.org\",\"@graph\":[{\"@type\":\"Article\",\"@id\":\"https:\/\/infoecos.com.ar\/index.php\/el-concejo-deliberante-de-salliquelo-aprobo-la-ordenanza-fiscal-e-impositiva-para-el-ano-proximo\/#article\",\"isPartOf\":{\"@id\":\"https:\/\/infoecos.com.ar\/index.php\/el-concejo-deliberante-de-salliquelo-aprobo-la-ordenanza-fiscal-e-impositiva-para-el-ano-proximo\/\"},\"author\":{\"name\":\"Jorge Matheus\",\"@id\":\"https:\/\/infoecos.com.ar\/#\/schema\/person\/8f5ace5ce73b4b4aac4b7245aee6f191\"},\"headline\":\"El Concejo Deliberante de Salliquel\u00f3 aprob\u00f3 la Ordenanza Fiscal e Impositiva para el a\u00f1o pr\u00f3ximo\",\"datePublished\":\"2020-12-21T01:34:46+00:00\",\"dateModified\":\"2020-12-22T04:50:41+00:00\",\"mainEntityOfPage\":{\"@id\":\"https:\/\/infoecos.com.ar\/index.php\/el-concejo-deliberante-de-salliquelo-aprobo-la-ordenanza-fiscal-e-impositiva-para-el-ano-proximo\/\"},\"wordCount\":112,\"publisher\":{\"@id\":\"https:\/\/infoecos.com.ar\/#organization\"},\"image\":{\"@id\":\"https:\/\/infoecos.com.ar\/index.php\/el-concejo-deliberante-de-salliquelo-aprobo-la-ordenanza-fiscal-e-impositiva-para-el-ano-proximo\/#primaryimage\"},\"thumbnailUrl\":\"https:\/\/infoecos.com.ar\/wp-content\/uploads\/2020\/12\/salliqueloconcejo.jpg\",\"keywords\":[\"ORDENANZA FISCAL E IMPOSITIVA\"],\"articleSection\":[\"Bloque inferior - 4\"],\"inLanguage\":\"es\"},{\"@type\":\"WebPage\",\"@id\":\"https:\/\/infoecos.com.ar\/index.php\/el-concejo-deliberante-de-salliquelo-aprobo-la-ordenanza-fiscal-e-impositiva-para-el-ano-proximo\/\",\"url\":\"https:\/\/infoecos.com.ar\/index.php\/el-concejo-deliberante-de-salliquelo-aprobo-la-ordenanza-fiscal-e-impositiva-para-el-ano-proximo\/\",\"name\":\"El Concejo Deliberante de Salliquel\u00f3 aprob\u00f3 la Ordenanza Fiscal e Impositiva para el a\u00f1o pr\u00f3ximo - Infoecos\",\"isPartOf\":{\"@id\":\"https:\/\/infoecos.com.ar\/#website\"},\"primaryImageOfPage\":{\"@id\":\"https:\/\/infoecos.com.ar\/index.php\/el-concejo-deliberante-de-salliquelo-aprobo-la-ordenanza-fiscal-e-impositiva-para-el-ano-proximo\/#primaryimage\"},\"image\":{\"@id\":\"https:\/\/infoecos.com.ar\/index.php\/el-concejo-deliberante-de-salliquelo-aprobo-la-ordenanza-fiscal-e-impositiva-para-el-ano-proximo\/#primaryimage\"},\"thumbnailUrl\":\"https:\/\/infoecos.com.ar\/wp-content\/uploads\/2020\/12\/salliqueloconcejo.jpg\",\"datePublished\":\"2020-12-21T01:34:46+00:00\",\"dateModified\":\"2020-12-22T04:50:41+00:00\",\"breadcrumb\":{\"@id\":\"https:\/\/infoecos.com.ar\/index.php\/el-concejo-deliberante-de-salliquelo-aprobo-la-ordenanza-fiscal-e-impositiva-para-el-ano-proximo\/#breadcrumb\"},\"inLanguage\":\"es\",\"potentialAction\":[{\"@type\":\"ReadAction\",\"target\":[\"https:\/\/infoecos.com.ar\/index.php\/el-concejo-deliberante-de-salliquelo-aprobo-la-ordenanza-fiscal-e-impositiva-para-el-ano-proximo\/\"]}]},{\"@type\":\"ImageObject\",\"inLanguage\":\"es\",\"@id\":\"https:\/\/infoecos.com.ar\/index.php\/el-concejo-deliberante-de-salliquelo-aprobo-la-ordenanza-fiscal-e-impositiva-para-el-ano-proximo\/#primaryimage\",\"url\":\"https:\/\/infoecos.com.ar\/wp-content\/uploads\/2020\/12\/salliqueloconcejo.jpg\",\"contentUrl\":\"https:\/\/infoecos.com.ar\/wp-content\/uploads\/2020\/12\/salliqueloconcejo.jpg\",\"width\":690,\"height\":459},{\"@type\":\"BreadcrumbList\",\"@id\":\"https:\/\/infoecos.com.ar\/index.php\/el-concejo-deliberante-de-salliquelo-aprobo-la-ordenanza-fiscal-e-impositiva-para-el-ano-proximo\/#breadcrumb\",\"itemListElement\":[{\"@type\":\"ListItem\",\"position\":1,\"name\":\"Portada\",\"item\":\"https:\/\/infoecos.com.ar\/\"},{\"@type\":\"ListItem\",\"position\":2,\"name\":\"El Concejo Deliberante de Salliquel\u00f3 aprob\u00f3 la Ordenanza Fiscal e Impositiva para el a\u00f1o pr\u00f3ximo\"}]},{\"@type\":\"WebSite\",\"@id\":\"https:\/\/infoecos.com.ar\/#website\",\"url\":\"https:\/\/infoecos.com.ar\/\",\"name\":\"Infoecos\",\"description\":\"Noticias de trenque lauquen y la zona\",\"publisher\":{\"@id\":\"https:\/\/infoecos.com.ar\/#organization\"},\"alternateName\":\"Noticias\",\"potentialAction\":[{\"@type\":\"SearchAction\",\"target\":{\"@type\":\"EntryPoint\",\"urlTemplate\":\"https:\/\/infoecos.com.ar\/?s={search_term_string}\"},\"query-input\":{\"@type\":\"PropertyValueSpecification\",\"valueRequired\":true,\"valueName\":\"search_term_string\"}}],\"inLanguage\":\"es\"},{\"@type\":\"Organization\",\"@id\":\"https:\/\/infoecos.com.ar\/#organization\",\"name\":\"Infoecos\",\"alternateName\":\"Noticias\",\"url\":\"https:\/\/infoecos.com.ar\/\",\"logo\":{\"@type\":\"ImageObject\",\"inLanguage\":\"es\",\"@id\":\"https:\/\/infoecos.com.ar\/#\/schema\/logo\/image\/\",\"url\":\"https:\/\/infoecos.com.ar\/wp-content\/uploads\/2024\/03\/cropped-logo.png\",\"contentUrl\":\"https:\/\/infoecos.com.ar\/wp-content\/uploads\/2024\/03\/cropped-logo.png\",\"width\":374,\"height\":90,\"caption\":\"Infoecos\"},\"image\":{\"@id\":\"https:\/\/infoecos.com.ar\/#\/schema\/logo\/image\/\"},\"sameAs\":[\"https:\/\/www.facebook.com\/profile.php?id=100063200290284\",\"https:\/\/x.com\/infoecos\"]},{\"@type\":\"Person\",\"@id\":\"https:\/\/infoecos.com.ar\/#\/schema\/person\/8f5ace5ce73b4b4aac4b7245aee6f191\",\"name\":\"Jorge Matheus\",\"url\":\"https:\/\/infoecos.com.ar\/index.php\/author\/jomatheus\/\"}]}<\/script>\n<!-- \/ Yoast SEO plugin. -->","yoast_head_json":{"title":"El Concejo Deliberante de Salliquel\u00f3 aprob\u00f3 la Ordenanza Fiscal e Impositiva para el a\u00f1o pr\u00f3ximo - Infoecos","robots":{"index":"index","follow":"follow","max-snippet":"max-snippet:-1","max-image-preview":"max-image-preview:large","max-video-preview":"max-video-preview:-1"},"canonical":"https:\/\/infoecos.com.ar\/index.php\/el-concejo-deliberante-de-salliquelo-aprobo-la-ordenanza-fiscal-e-impositiva-para-el-ano-proximo\/","og_locale":"es_ES","og_type":"article","og_title":"El Concejo Deliberante de Salliquel\u00f3 aprob\u00f3 la Ordenanza Fiscal e Impositiva para el a\u00f1o pr\u00f3ximo - Infoecos","og_description":"Se acord\u00f3, despu\u00e9s de una intensa labor previa, una actualizaci\u00f3n del 40% en la red vial y del 35% en el ABL","og_url":"https:\/\/infoecos.com.ar\/index.php\/el-concejo-deliberante-de-salliquelo-aprobo-la-ordenanza-fiscal-e-impositiva-para-el-ano-proximo\/","og_site_name":"Infoecos","article_publisher":"https:\/\/www.facebook.com\/profile.php?id=100063200290284","article_published_time":"2020-12-21T01:34:46+00:00","article_modified_time":"2020-12-22T04:50:41+00:00","og_image":[{"width":690,"height":459,"url":"https:\/\/infoecos.com.ar\/wp-content\/uploads\/2020\/12\/salliqueloconcejo.jpg","type":"image\/jpeg"}],"author":"Jorge Matheus","twitter_card":"summary_large_image","twitter_creator":"@infoecos","twitter_site":"@infoecos","twitter_misc":{"Escrito por":"Jorge Matheus"},"schema":{"@context":"https:\/\/schema.org","@graph":[{"@type":"Article","@id":"https:\/\/infoecos.com.ar\/index.php\/el-concejo-deliberante-de-salliquelo-aprobo-la-ordenanza-fiscal-e-impositiva-para-el-ano-proximo\/#article","isPartOf":{"@id":"https:\/\/infoecos.com.ar\/index.php\/el-concejo-deliberante-de-salliquelo-aprobo-la-ordenanza-fiscal-e-impositiva-para-el-ano-proximo\/"},"author":{"name":"Jorge Matheus","@id":"https:\/\/infoecos.com.ar\/#\/schema\/person\/8f5ace5ce73b4b4aac4b7245aee6f191"},"headline":"El Concejo Deliberante de Salliquel\u00f3 aprob\u00f3 la Ordenanza Fiscal e Impositiva para el a\u00f1o pr\u00f3ximo","datePublished":"2020-12-21T01:34:46+00:00","dateModified":"2020-12-22T04:50:41+00:00","mainEntityOfPage":{"@id":"https:\/\/infoecos.com.ar\/index.php\/el-concejo-deliberante-de-salliquelo-aprobo-la-ordenanza-fiscal-e-impositiva-para-el-ano-proximo\/"},"wordCount":112,"publisher":{"@id":"https:\/\/infoecos.com.ar\/#organization"},"image":{"@id":"https:\/\/infoecos.com.ar\/index.php\/el-concejo-deliberante-de-salliquelo-aprobo-la-ordenanza-fiscal-e-impositiva-para-el-ano-proximo\/#primaryimage"},"thumbnailUrl":"https:\/\/infoecos.com.ar\/wp-content\/uploads\/2020\/12\/salliqueloconcejo.jpg","keywords":["ORDENANZA FISCAL E IMPOSITIVA"],"articleSection":["Bloque inferior - 4"],"inLanguage":"es"},{"@type":"WebPage","@id":"https:\/\/infoecos.com.ar\/index.php\/el-concejo-deliberante-de-salliquelo-aprobo-la-ordenanza-fiscal-e-impositiva-para-el-ano-proximo\/","url":"https:\/\/infoecos.com.ar\/index.php\/el-concejo-deliberante-de-salliquelo-aprobo-la-ordenanza-fiscal-e-impositiva-para-el-ano-proximo\/","name":"El Concejo Deliberante de Salliquel\u00f3 aprob\u00f3 la Ordenanza Fiscal e Impositiva para el a\u00f1o pr\u00f3ximo - Infoecos","isPartOf":{"@id":"https:\/\/infoecos.com.ar\/#website"},"primaryImageOfPage":{"@id":"https:\/\/infoecos.com.ar\/index.php\/el-concejo-deliberante-de-salliquelo-aprobo-la-ordenanza-fiscal-e-impositiva-para-el-ano-proximo\/#primaryimage"},"image":{"@id":"https:\/\/infoecos.com.ar\/index.php\/el-concejo-deliberante-de-salliquelo-aprobo-la-ordenanza-fiscal-e-impositiva-para-el-ano-proximo\/#primaryimage"},"thumbnailUrl":"https:\/\/infoecos.com.ar\/wp-content\/uploads\/2020\/12\/salliqueloconcejo.jpg","datePublished":"2020-12-21T01:34:46+00:00","dateModified":"2020-12-22T04:50:41+00:00","breadcrumb":{"@id":"https:\/\/infoecos.com.ar\/index.php\/el-concejo-deliberante-de-salliquelo-aprobo-la-ordenanza-fiscal-e-impositiva-para-el-ano-proximo\/#breadcrumb"},"inLanguage":"es","potentialAction":[{"@type":"ReadAction","target":["https:\/\/infoecos.com.ar\/index.php\/el-concejo-deliberante-de-salliquelo-aprobo-la-ordenanza-fiscal-e-impositiva-para-el-ano-proximo\/"]}]},{"@type":"ImageObject","inLanguage":"es","@id":"https:\/\/infoecos.com.ar\/index.php\/el-concejo-deliberante-de-salliquelo-aprobo-la-ordenanza-fiscal-e-impositiva-para-el-ano-proximo\/#primaryimage","url":"https:\/\/infoecos.com.ar\/wp-content\/uploads\/2020\/12\/salliqueloconcejo.jpg","contentUrl":"https:\/\/infoecos.com.ar\/wp-content\/uploads\/2020\/12\/salliqueloconcejo.jpg","width":690,"height":459},{"@type":"BreadcrumbList","@id":"https:\/\/infoecos.com.ar\/index.php\/el-concejo-deliberante-de-salliquelo-aprobo-la-ordenanza-fiscal-e-impositiva-para-el-ano-proximo\/#breadcrumb","itemListElement":[{"@type":"ListItem","position":1,"name":"Portada","item":"https:\/\/infoecos.com.ar\/"},{"@type":"ListItem","position":2,"name":"El Concejo Deliberante de Salliquel\u00f3 aprob\u00f3 la Ordenanza Fiscal e Impositiva para el a\u00f1o pr\u00f3ximo"}]},{"@type":"WebSite","@id":"https:\/\/infoecos.com.ar\/#website","url":"https:\/\/infoecos.com.ar\/","name":"Infoecos","description":"Noticias de trenque lauquen y la zona","publisher":{"@id":"https:\/\/infoecos.com.ar\/#organization"},"alternateName":"Noticias","potentialAction":[{"@type":"SearchAction","target":{"@type":"EntryPoint","urlTemplate":"https:\/\/infoecos.com.ar\/?s={search_term_string}"},"query-input":{"@type":"PropertyValueSpecification","valueRequired":true,"valueName":"search_term_string"}}],"inLanguage":"es"},{"@type":"Organization","@id":"https:\/\/infoecos.com.ar\/#organization","name":"Infoecos","alternateName":"Noticias","url":"https:\/\/infoecos.com.ar\/","logo":{"@type":"ImageObject","inLanguage":"es","@id":"https:\/\/infoecos.com.ar\/#\/schema\/logo\/image\/","url":"https:\/\/infoecos.com.ar\/wp-content\/uploads\/2024\/03\/cropped-logo.png","contentUrl":"https:\/\/infoecos.com.ar\/wp-content\/uploads\/2024\/03\/cropped-logo.png","width":374,"height":90,"caption":"Infoecos"},"image":{"@id":"https:\/\/infoecos.com.ar\/#\/schema\/logo\/image\/"},"sameAs":["https:\/\/www.facebook.com\/profile.php?id=100063200290284","https:\/\/x.com\/infoecos"]},{"@type":"Person","@id":"https:\/\/infoecos.com.ar\/#\/schema\/person\/8f5ace5ce73b4b4aac4b7245aee6f191","name":"Jorge Matheus","url":"https:\/\/infoecos.com.ar\/index.php\/author\/jomatheus\/"}]}},"featured_image_urls":{"full":["https:\/\/infoecos.com.ar\/wp-content\/uploads\/2020\/12\/salliqueloconcejo.jpg",690,459,false],"thumbnail":["https:\/\/infoecos.com.ar\/wp-content\/uploads\/2020\/12\/salliqueloconcejo-150x150.jpg",150,150,true],"medium":["https:\/\/infoecos.com.ar\/wp-content\/uploads\/2020\/12\/salliqueloconcejo-460x306.jpg",460,306,true],"medium_large":["https:\/\/infoecos.com.ar\/wp-content\/uploads\/2020\/12\/salliqueloconcejo.jpg",640,426,false],"large":["https:\/\/infoecos.com.ar\/wp-content\/uploads\/2020\/12\/salliqueloconcejo.jpg",640,426,false],"1536x1536":["https:\/\/infoecos.com.ar\/wp-content\/uploads\/2020\/12\/salliqueloconcejo.jpg",690,459,false],"2048x2048":["https:\/\/infoecos.com.ar\/wp-content\/uploads\/2020\/12\/salliqueloconcejo.jpg",690,459,false],"covernews-slider-full":["https:\/\/infoecos.com.ar\/wp-content\/uploads\/2020\/12\/salliqueloconcejo.jpg",690,459,false],"covernews-slider-center":["https:\/\/infoecos.com.ar\/wp-content\/uploads\/2020\/12\/salliqueloconcejo.jpg",690,459,false],"covernews-featured":["https:\/\/infoecos.com.ar\/wp-content\/uploads\/2020\/12\/salliqueloconcejo.jpg",690,459,false],"covernews-medium":["https:\/\/infoecos.com.ar\/wp-content\/uploads\/2020\/12\/salliqueloconcejo-690x380.jpg",540,297,true],"covernews-medium-square":["https:\/\/infoecos.com.ar\/wp-content\/uploads\/2020\/12\/salliqueloconcejo-675x450.jpg",375,250,true]},"author_info":{"info":["Jorge Matheus"]},"category_info":"<a href=\"https:\/\/infoecos.com.ar\/index.php\/category\/inferior4\/\" rel=\"category tag\">Bloque inferior - 4<\/a>","tag_info":"Bloque inferior - 4","comment_count":"0","_links":{"self":[{"href":"https:\/\/infoecos.com.ar\/index.php\/wp-json\/wp\/v2\/posts\/71697"}],"collection":[{"href":"https:\/\/infoecos.com.ar\/index.php\/wp-json\/wp\/v2\/posts"}],"about":[{"href":"https:\/\/infoecos.com.ar\/index.php\/wp-json\/wp\/v2\/types\/post"}],"author":[{"embeddable":true,"href":"https:\/\/infoecos.com.ar\/index.php\/wp-json\/wp\/v2\/users\/2"}],"replies":[{"embeddable":true,"href":"https:\/\/infoecos.com.ar\/index.php\/wp-json\/wp\/v2\/comments?post=71697"}],"version-history":[{"count":2,"href":"https:\/\/infoecos.com.ar\/index.php\/wp-json\/wp\/v2\/posts\/71697\/revisions"}],"predecessor-version":[{"id":71700,"href":"https:\/\/infoecos.com.ar\/index.php\/wp-json\/wp\/v2\/posts\/71697\/revisions\/71700"}],"wp:featuredmedia":[{"embeddable":true,"href":"https:\/\/infoecos.com.ar\/index.php\/wp-json\/wp\/v2\/media\/71698"}],"wp:attachment":[{"href":"https:\/\/infoecos.com.ar\/index.php\/wp-json\/wp\/v2\/media?parent=71697"}],"wp:term":[{"taxonomy":"category","embeddable":true,"href":"https:\/\/infoecos.com.ar\/index.php\/wp-json\/wp\/v2\/categories?post=71697"},{"taxonomy":"post_tag","embeddable":true,"href":"https:\/\/infoecos.com.ar\/index.php\/wp-json\/wp\/v2\/tags?post=71697"}],"curies":[{"name":"wp","href":"https:\/\/api.w.org\/{rel}","templated":true}]}}