{"id":71723,"date":"2020-12-21T02:03:48","date_gmt":"2020-12-21T05:03:48","guid":{"rendered":"http:\/\/infoecos.com.ar\/?p=71723"},"modified":"2020-12-22T01:49:17","modified_gmt":"2020-12-22T04:49:17","slug":"en-la-pampa-despues-del-viento-se-originaron-cuatgro-incendios-bernasconi-san-martin-jacinto-arauz-y-caleufu","status":"publish","type":"post","link":"https:\/\/infoecos.com.ar\/index.php\/en-la-pampa-despues-del-viento-se-originaron-cuatgro-incendios-bernasconi-san-martin-jacinto-arauz-y-caleufu\/","title":{"rendered":"En La Pampa despu\u00e9s del viento se originaron cuatro incendios: Bernasconi, San Mart\u00edn, Jacinto Arauz y Caleuf\u00fa"},"content":{"rendered":"\n<p class=\"wp-block-paragraph\">Desde la Direcci\u00f3n de Defensa Civil se inform\u00f3 que en el \u00faltimo d\u00eda, tras el paso del fen\u00f3meno clim\u00e1tico que azot\u00f3 a gran parte de la provincia, se originaron 4 incendios en las zonas de Bernasconi, General San Mart\u00edn, Jacinto Arauz y Caleuf\u00fa, los cuales fueron r\u00e1pidamente contenidos por cuadrillas de Defensa Civil y cuarteles de Bomberos Voluntarios, y las lluvias. &nbsp;<\/p>\n\n\n\n<div class=\"wp-block-image\"><figure class=\"aligncenter size-large\"><img loading=\"lazy\" decoding=\"async\" width=\"900\" height=\"507\" src=\"http:\/\/infoecos.com.ar\/wp-content\/uploads\/2020\/12\/5fde67e26aec1.jpg\" alt=\"\" class=\"wp-image-71724\" srcset=\"https:\/\/infoecos.com.ar\/wp-content\/uploads\/2020\/12\/5fde67e26aec1.jpg 900w, https:\/\/infoecos.com.ar\/wp-content\/uploads\/2020\/12\/5fde67e26aec1-460x259.jpg 460w, https:\/\/infoecos.com.ar\/wp-content\/uploads\/2020\/12\/5fde67e26aec1-768x433.jpg 768w\" sizes=\"auto, (max-width: 900px) 100vw, 900px\" \/><\/figure><\/div>\n\n\n\n<p class=\"wp-block-paragraph\">En los incendios se vieron afectadas pocas hect\u00e1reas, por el momento se desconoce la cifra total. Durante los focos de Bernasconi, General San Martin y Jacinto Arauz el fuego se apag\u00f3 antes de que el personal de la direcci\u00f3n y los cuerpos de bomberos lleguen a las zonas gracias a la lluvia. Igualmente el personal realiz\u00f3 trabajos de mantenimiento y diagn\u00f3stico para asegurar los per\u00edmetros.<\/p>\n\n\n\n<p class=\"wp-block-paragraph\">Por otro lado, en el predio rural \u201cEl Caram\u00e1n\u201d, ubicado en la localidad de Caleuf\u00fa, trabaj\u00f3 una cuadrilla de Defensa Civil con colaboraci\u00f3n de Bomberos Voluntarios de La Maruja y de Arata. El siniestro se control\u00f3 tras realizar las correspondientes tareas de control y una fuerte lluvia termin\u00f3 por contenerlo.<\/p>\n\n\n\n<p class=\"wp-block-paragraph\">Personal de Defensa Civil, Bomberos Voluntarios y Polic\u00eda de La Pampa trabajan arduamente con el fin de asistir y dar respuesta frente a las contingencias ocasionadas por el fen\u00f3meno clim\u00e1tico.<\/p>\n","protected":false},"excerpt":{"rendered":"<p>Durante los focos de Bernasconi, General San Martin y Jacinto Arauz el fuego se apag\u00f3 antes de que el personal de la direcci\u00f3n y los cuerpos de bomberos lleguen a las zonas gracias a la lluvia<\/p>\n","protected":false},"author":2,"featured_media":71724,"comment_status":"closed","ping_status":"open","sticky":false,"template":"","format":"standard","meta":{"footnotes":""},"categories":[41,1614],"tags":[2471],"class_list":["post-71723","post","type-post","status-publish","format-standard","has-post-thumbnail","hentry","category-inferior2","category-c2nota7","tag-clima-en-la-pampa"],"featured_image_urls":{"full":["https:\/\/infoecos.com.ar\/wp-content\/uploads\/2020\/12\/5fde67e26aec1.jpg",900,507,false],"thumbnail":["https:\/\/infoecos.com.ar\/wp-content\/uploads\/2020\/12\/5fde67e26aec1-150x150.jpg",150,150,true],"medium":["https:\/\/infoecos.com.ar\/wp-content\/uploads\/2020\/12\/5fde67e26aec1-460x259.jpg",460,259,true],"medium_large":["https:\/\/infoecos.com.ar\/wp-content\/uploads\/2020\/12\/5fde67e26aec1-768x433.jpg",640,361,true],"large":["https:\/\/infoecos.com.ar\/wp-content\/uploads\/2020\/12\/5fde67e26aec1.jpg",640,361,false],"1536x1536":["https:\/\/infoecos.com.ar\/wp-content\/uploads\/2020\/12\/5fde67e26aec1.jpg",900,507,false],"2048x2048":["https:\/\/infoecos.com.ar\/wp-content\/uploads\/2020\/12\/5fde67e26aec1.jpg",900,507,false],"covernews-slider-full":["https:\/\/infoecos.com.ar\/wp-content\/uploads\/2020\/12\/5fde67e26aec1.jpg",900,507,false],"covernews-slider-center":["https:\/\/infoecos.com.ar\/wp-content\/uploads\/2020\/12\/5fde67e26aec1.jpg",800,451,false],"covernews-featured":["https:\/\/infoecos.com.ar\/wp-content\/uploads\/2020\/12\/5fde67e26aec1.jpg",900,507,false],"covernews-medium":["https:\/\/infoecos.com.ar\/wp-content\/uploads\/2020\/12\/5fde67e26aec1-720x380.jpg",540,285,true],"covernews-medium-square":["https:\/\/infoecos.com.ar\/wp-content\/uploads\/2020\/12\/5fde67e26aec1-675x450.jpg",375,250,true]},"author_info":{"info":["Jorge Matheus"]},"category_info":"<a href=\"https:\/\/infoecos.com.ar\/index.php\/category\/inferior2\/\" rel=\"category tag\">Bloque inferior - 2<\/a> <a href=\"https:\/\/infoecos.com.ar\/index.php\/category\/c2nota7\/\" rel=\"category tag\">C2 N7<\/a>","tag_info":"C2 N7","comment_count":"0","_links":{"self":[{"href":"https:\/\/infoecos.com.ar\/index.php\/wp-json\/wp\/v2\/posts\/71723","targetHints":{"allow":["GET"]}}],"collection":[{"href":"https:\/\/infoecos.com.ar\/index.php\/wp-json\/wp\/v2\/posts"}],"about":[{"href":"https:\/\/infoecos.com.ar\/index.php\/wp-json\/wp\/v2\/types\/post"}],"author":[{"embeddable":true,"href":"https:\/\/infoecos.com.ar\/index.php\/wp-json\/wp\/v2\/users\/2"}],"replies":[{"embeddable":true,"href":"https:\/\/infoecos.com.ar\/index.php\/wp-json\/wp\/v2\/comments?post=71723"}],"version-history":[{"count":2,"href":"https:\/\/infoecos.com.ar\/index.php\/wp-json\/wp\/v2\/posts\/71723\/revisions"}],"predecessor-version":[{"id":71730,"href":"https:\/\/infoecos.com.ar\/index.php\/wp-json\/wp\/v2\/posts\/71723\/revisions\/71730"}],"wp:featuredmedia":[{"embeddable":true,"href":"https:\/\/infoecos.com.ar\/index.php\/wp-json\/wp\/v2\/media\/71724"}],"wp:attachment":[{"href":"https:\/\/infoecos.com.ar\/index.php\/wp-json\/wp\/v2\/media?parent=71723"}],"wp:term":[{"taxonomy":"category","embeddable":true,"href":"https:\/\/infoecos.com.ar\/index.php\/wp-json\/wp\/v2\/categories?post=71723"},{"taxonomy":"post_tag","embeddable":true,"href":"https:\/\/infoecos.com.ar\/index.php\/wp-json\/wp\/v2\/tags?post=71723"}],"curies":[{"name":"wp","href":"https:\/\/api.w.org\/{rel}","templated":true}]}}