{"id":71733,"date":"2020-12-21T14:27:04","date_gmt":"2020-12-21T17:27:04","guid":{"rendered":"http:\/\/infoecos.com.ar\/?p=71733"},"modified":"2020-12-21T14:27:07","modified_gmt":"2020-12-21T17:27:07","slug":"leve-suba-en-la-cantidad-de-casos-activos-en-el-distrito-de-trenque-lauquen","status":"publish","type":"post","link":"https:\/\/infoecos.com.ar\/index.php\/leve-suba-en-la-cantidad-de-casos-activos-en-el-distrito-de-trenque-lauquen\/","title":{"rendered":"Leve suba en la cantidad de casos activos en el distrito de Trenque Lauquen"},"content":{"rendered":"\n<p class=\"wp-block-paragraph\">Siete (7) nuevos casos confirmados de Covid-19 \u2013cuatro (4) por testeo y tres (3) por criterio o nexo epidemiol\u00f3gico seg\u00fan el protocolo actualizado vigente-, cuatro (4) personas recuperadas m\u00e1s, todas de Trenque Lauquen, y 11 casos descartados \u2013siete (7) de la ciudad cabecera y cuatro (4) de Treinta de Agosto- fueron reportados este lunes por la subsecretar\u00eda de Salud municipal, por lo que la cantidad de casos activos registr\u00f3 una leve suba: de 47 a 50.<\/p>\n\n\n\n<div class=\"wp-block-image\"><figure class=\"aligncenter size-medium\"><img loading=\"lazy\" decoding=\"async\" width=\"460\" height=\"460\" src=\"http:\/\/infoecos.com.ar\/wp-content\/uploads\/2020\/12\/reportelunes-1-460x460.jpg\" alt=\"\" class=\"wp-image-71734\" srcset=\"https:\/\/infoecos.com.ar\/wp-content\/uploads\/2020\/12\/reportelunes-1-460x460.jpg 460w, https:\/\/infoecos.com.ar\/wp-content\/uploads\/2020\/12\/reportelunes-1-920x920.jpg 920w, https:\/\/infoecos.com.ar\/wp-content\/uploads\/2020\/12\/reportelunes-1-150x150.jpg 150w, https:\/\/infoecos.com.ar\/wp-content\/uploads\/2020\/12\/reportelunes-1-768x768.jpg 768w, https:\/\/infoecos.com.ar\/wp-content\/uploads\/2020\/12\/reportelunes-1-1024x1024.jpg 1024w, https:\/\/infoecos.com.ar\/wp-content\/uploads\/2020\/12\/reportelunes-1.jpg 1280w\" sizes=\"auto, (max-width: 460px) 100vw, 460px\" \/><\/figure><\/div>\n\n\n\n<p class=\"wp-block-paragraph\">Seis (6) de los siete (7) nuevos casos confirmados corresponden a Trenque Lauquen y el restante a Treinta de Agosto, que fue detectado por hisopado.<br>De los 50 casos activos, 44 son de la ciudad cabecera del distrito, cinco (5) de Treinta de Agosto y uno (1) de Beruti: 43 se encuentran en sus domicilios particulares, cuatro (4) en el Hospital Municipal y tres (3) en el Centro Extrahospitalario que funciona en el ex Hotel Pailla Hu\u00e9.<\/p>\n\n\n\n<p class=\"wp-block-paragraph\">Las personas que recibieron el alta desde marzo, cuando comenz\u00f3 la pandemia, hasta hoy ascienden a 1.085, ya incorporadas las cuatro (4) personas recuperadas en las \u00faltimas 24 horas, todas de Trenque Lauquen. <\/p>\n\n\n\n<p class=\"wp-block-paragraph\">En la fecha tambi\u00e9n se informaron 11 casos descartados, haciendo un total de 2399 casos desde el inicio de la pandemia.<\/p>\n\n\n\n<p class=\"wp-block-paragraph\">Hay 39 casos sospechosos, 34 en Trenque Lauquen y cinco (5) en Treinta de Agosto, y 169 personas en aislamiento, 120 en la ciudad cabecera y 49 en Treinta de Agosto.<\/p>\n","protected":false},"excerpt":{"rendered":"<p>Seis (6) de los siete (7) nuevos casos confirmados corresponden a Trenque Lauquen y el restante a Treinta de Agosto, que fue detectado por hisopado<\/p>\n","protected":false},"author":2,"featured_media":48389,"comment_status":"closed","ping_status":"open","sticky":false,"template":"","format":"standard","meta":{"footnotes":""},"categories":[1613],"tags":[1785],"class_list":["post-71733","post","type-post","status-publish","format-standard","has-post-thumbnail","hentry","category-noticia-secundaria","tag-coronavirus"],"featured_image_urls":{"full":"","thumbnail":"","medium":"","medium_large":"","large":"","1536x1536":"","2048x2048":"","covernews-slider-full":"","covernews-slider-center":"","covernews-featured":"","covernews-medium":"","covernews-medium-square":""},"author_info":{"info":["Jorge Matheus"]},"category_info":"<a href=\"https:\/\/infoecos.com.ar\/index.php\/category\/noticia-secundaria\/\" rel=\"category tag\">Noticia Secundaria<\/a>","tag_info":"Noticia Secundaria","comment_count":"0","_links":{"self":[{"href":"https:\/\/infoecos.com.ar\/index.php\/wp-json\/wp\/v2\/posts\/71733","targetHints":{"allow":["GET"]}}],"collection":[{"href":"https:\/\/infoecos.com.ar\/index.php\/wp-json\/wp\/v2\/posts"}],"about":[{"href":"https:\/\/infoecos.com.ar\/index.php\/wp-json\/wp\/v2\/types\/post"}],"author":[{"embeddable":true,"href":"https:\/\/infoecos.com.ar\/index.php\/wp-json\/wp\/v2\/users\/2"}],"replies":[{"embeddable":true,"href":"https:\/\/infoecos.com.ar\/index.php\/wp-json\/wp\/v2\/comments?post=71733"}],"version-history":[{"count":1,"href":"https:\/\/infoecos.com.ar\/index.php\/wp-json\/wp\/v2\/posts\/71733\/revisions"}],"predecessor-version":[{"id":71735,"href":"https:\/\/infoecos.com.ar\/index.php\/wp-json\/wp\/v2\/posts\/71733\/revisions\/71735"}],"wp:attachment":[{"href":"https:\/\/infoecos.com.ar\/index.php\/wp-json\/wp\/v2\/media?parent=71733"}],"wp:term":[{"taxonomy":"category","embeddable":true,"href":"https:\/\/infoecos.com.ar\/index.php\/wp-json\/wp\/v2\/categories?post=71733"},{"taxonomy":"post_tag","embeddable":true,"href":"https:\/\/infoecos.com.ar\/index.php\/wp-json\/wp\/v2\/tags?post=71733"}],"curies":[{"name":"wp","href":"https:\/\/api.w.org\/{rel}","templated":true}]}}