{"id":71747,"date":"2020-12-21T15:34:49","date_gmt":"2020-12-21T18:34:49","guid":{"rendered":"http:\/\/infoecos.com.ar\/?p=71747"},"modified":"2020-12-21T15:35:33","modified_gmt":"2020-12-21T18:35:33","slug":"asueto-para-el-personal-municipal-de-trenque-lauquen-los-dias-24-y-31-de-diciembre","status":"publish","type":"post","link":"https:\/\/infoecos.com.ar\/index.php\/asueto-para-el-personal-municipal-de-trenque-lauquen-los-dias-24-y-31-de-diciembre\/","title":{"rendered":"Asueto para el personal municipal de Trenque Lauquen, los d\u00edas 24 y 31 de diciembre"},"content":{"rendered":"\n<p class=\"wp-block-paragraph\">El Departamento Ejecutivo de Trenque Lauquen concedi\u00f3 asueto a todo el personal municipal de planta permanente y temporaria los d\u00edas 24 y 31 de diciembre del corriente, v\u00edspera de Navidad y A\u00f1o Nuevo respectivamente, a trav\u00e9s del Decreto n\u00ba 1.918\/2020, que lleva la firma del Intendente municipal, Miguel Fern\u00e1ndez y el secretario de Gobierno, Gustavo Marchabalo.<\/p>\n\n\n\n<div class=\"wp-block-image\"><figure class=\"aligncenter size-medium\"><img decoding=\"async\" src=\"http:\/\/infoecos.com.ar\/wp-content\/uploads\/17903382_1483974108340267_1237687015988311666_n-460x281.jpg\" alt=\"\" class=\"wp-image-34809\"\/><figcaption>Trenque Lauquen municipalidad<\/figcaption><\/figure><\/div>\n\n\n\n<p class=\"wp-block-paragraph\"><strong>La medida tiene como objetivo que los empleados compartan con su familia y amigos estas fiestas, como as\u00ed tambi\u00e9n premiar y agradecer a todos y cada uno de ellos la labor en un a\u00f1o tan particular como este<\/strong>, se\u00f1ala una comunicaci\u00f3n oficial.<\/p>\n\n\n\n<p class=\"wp-block-paragraph\">En los considerandos del Decreto tambi\u00e9n <strong>se pone de manifiesto que la fecha es propicia para fortalecer los lazos familiares, realizar balances de lo realizado a nivel personal y laboral renovando proyectos para el nuevo a\u00f1o<\/strong>.<\/p>\n","protected":false},"excerpt":{"rendered":"<p>A todo el personal municipal de planta permanente y temporaria<\/p>\n","protected":false},"author":2,"featured_media":34809,"comment_status":"closed","ping_status":"open","sticky":false,"template":"","format":"standard","meta":{"footnotes":""},"categories":[29],"tags":[2472],"class_list":["post-71747","post","type-post","status-publish","format-standard","has-post-thumbnail","hentry","category-c2nota1","tag-con-motivo-de-las-fiestas"],"featured_image_urls":{"full":"","thumbnail":"","medium":"","medium_large":"","large":"","1536x1536":"","2048x2048":"","covernews-slider-full":"","covernews-slider-center":"","covernews-featured":"","covernews-medium":"","covernews-medium-square":""},"author_info":{"info":["Jorge Matheus"]},"category_info":"<a href=\"https:\/\/infoecos.com.ar\/index.php\/category\/c2nota1\/\" rel=\"category tag\">C2 nota 1<\/a>","tag_info":"C2 nota 1","comment_count":"0","_links":{"self":[{"href":"https:\/\/infoecos.com.ar\/index.php\/wp-json\/wp\/v2\/posts\/71747","targetHints":{"allow":["GET"]}}],"collection":[{"href":"https:\/\/infoecos.com.ar\/index.php\/wp-json\/wp\/v2\/posts"}],"about":[{"href":"https:\/\/infoecos.com.ar\/index.php\/wp-json\/wp\/v2\/types\/post"}],"author":[{"embeddable":true,"href":"https:\/\/infoecos.com.ar\/index.php\/wp-json\/wp\/v2\/users\/2"}],"replies":[{"embeddable":true,"href":"https:\/\/infoecos.com.ar\/index.php\/wp-json\/wp\/v2\/comments?post=71747"}],"version-history":[{"count":1,"href":"https:\/\/infoecos.com.ar\/index.php\/wp-json\/wp\/v2\/posts\/71747\/revisions"}],"predecessor-version":[{"id":71748,"href":"https:\/\/infoecos.com.ar\/index.php\/wp-json\/wp\/v2\/posts\/71747\/revisions\/71748"}],"wp:attachment":[{"href":"https:\/\/infoecos.com.ar\/index.php\/wp-json\/wp\/v2\/media?parent=71747"}],"wp:term":[{"taxonomy":"category","embeddable":true,"href":"https:\/\/infoecos.com.ar\/index.php\/wp-json\/wp\/v2\/categories?post=71747"},{"taxonomy":"post_tag","embeddable":true,"href":"https:\/\/infoecos.com.ar\/index.php\/wp-json\/wp\/v2\/tags?post=71747"}],"curies":[{"name":"wp","href":"https:\/\/api.w.org\/{rel}","templated":true}]}}