{"id":71765,"date":"2020-12-22T00:06:41","date_gmt":"2020-12-22T03:06:41","guid":{"rendered":"http:\/\/infoecos.com.ar\/?p=71765"},"modified":"2020-12-22T18:20:22","modified_gmt":"2020-12-22T21:20:22","slug":"la-fiscalia-federal-con-asiento-en-pehuajo-y-otro-golpe-a-la-actividad-financiera-clandestina","status":"publish","type":"post","link":"https:\/\/infoecos.com.ar\/index.php\/la-fiscalia-federal-con-asiento-en-pehuajo-y-otro-golpe-a-la-actividad-financiera-clandestina\/","title":{"rendered":"La Fiscal\u00eda Federal con asiento en Pehuaj\u00f3 y otro golpe a la actividad financiera clandestina"},"content":{"rendered":"\n<p>Se allan\u00f3 una financiera clandestina en la ciudad de Pehuaj\u00f3 a instancias de una investigaci\u00f3n penal que comenz\u00f3 en el mes de febrero de este a\u00f1o, con intervenci\u00f3n del Juzgado Federal con asiento en Jun\u00edn, a cargo del doctor Pedro Plou.<\/p>\n\n\n\n<div class=\"wp-block-image\"><figure class=\"aligncenter size-medium\"><img loading=\"lazy\" decoding=\"async\" width=\"345\" height=\"460\" src=\"http:\/\/infoecos.com.ar\/wp-content\/uploads\/2020\/12\/FINANCIERACLANDESTINA-345x460.jpg\" alt=\"\" class=\"wp-image-71766\" srcset=\"https:\/\/infoecos.com.ar\/wp-content\/uploads\/2020\/12\/FINANCIERACLANDESTINA-345x460.jpg 345w, https:\/\/infoecos.com.ar\/wp-content\/uploads\/2020\/12\/FINANCIERACLANDESTINA-690x920.jpg 690w, https:\/\/infoecos.com.ar\/wp-content\/uploads\/2020\/12\/FINANCIERACLANDESTINA.jpg 720w\" sizes=\"(max-width: 345px) 100vw, 345px\" \/><\/figure><\/div>\n\n\n\n<p>La investigaci\u00f3n se tramita ante la Fiscal\u00eda Federal de Pehuaj\u00f3, a cargo de la Dra. Mar\u00eda Cecilia Mc Intoch.  <\/p>\n\n\n\n<p>Se encuentran involucradas dos personas de 35 y 72 a\u00f1os, habi\u00e9ndose procedido al secuestro de $15.000, la suma de 7.600$ d\u00f3lares ap\u00f3crifos, un total de 40 cheques de diferentes valores, pertenecientes a distintas entidades bancarias por un valor de $1.200.000 pesos, una m\u00e1quina de recuento de billetes, cuatro tel\u00e9fonos celulares, una notebook y anotaciones varias relacionadas con actividad financiera (recibos de pagar\u00e9s, boletas por dep\u00f3sitos, etc), en uno de los operativos dispuestos. <\/p>\n\n\n\n<p>En el restante se procedi\u00f3 al secuestro de $ 736 mil pesos, 34.600 d\u00f3lares, pagar\u00e9s de $9.980, $7.700, $9.980, $12.850, papel anotado con dep\u00f3sitos de $13.500, $13.500,$27.000,$10.000, $17.000, $1350 y $15.650, cheque rechazado por $26.350, montos firmados por dinero en efectivo.<\/p>\n\n\n\n<div class=\"wp-block-image\"><figure class=\"aligncenter size-medium\"><img loading=\"lazy\" decoding=\"async\" width=\"345\" height=\"460\" src=\"http:\/\/infoecos.com.ar\/wp-content\/uploads\/2020\/12\/FINANCIERACLANDESTINA1-345x460.jpg\" alt=\"\" class=\"wp-image-71767\" srcset=\"https:\/\/infoecos.com.ar\/wp-content\/uploads\/2020\/12\/FINANCIERACLANDESTINA1-345x460.jpg 345w, https:\/\/infoecos.com.ar\/wp-content\/uploads\/2020\/12\/FINANCIERACLANDESTINA1-690x920.jpg 690w, https:\/\/infoecos.com.ar\/wp-content\/uploads\/2020\/12\/FINANCIERACLANDESTINA1.jpg 720w\" sizes=\"(max-width: 345px) 100vw, 345px\" \/><\/figure><\/div>\n\n\n\n<p>En el \u00faltimo accionar de la justicia se procedi\u00f3 al secuestro de de tel\u00e9fonos celulares y cartulares.<\/p>\n\n\n\n<p>En raz\u00f3n de haberse secuestrado, d\u00f3lares ap\u00f3crifos, se inicia para con el detenido de 35 a\u00f1os una causa por separado. El Magistrado interviniente dispuso su notificaci\u00f3n de formaci\u00f3n causa, cumpliment\u00e1ndose recaudos legales de rigor.<\/p>\n\n\n\n<p>Intervino personal de GTO de Estaci\u00f3n Comunal de Pehuaj\u00f3, y personal de las Subdependencias, perteneciente a la Jefatura Departamental de Seguridad Pehuajo.<\/p>\n\n\n\n<div class=\"wp-block-image\"><figure class=\"aligncenter size-medium\"><img loading=\"lazy\" decoding=\"async\" width=\"345\" height=\"460\" src=\"http:\/\/infoecos.com.ar\/wp-content\/uploads\/2020\/12\/financieraclandestina2-345x460.jpg\" alt=\"\" class=\"wp-image-71768\" srcset=\"https:\/\/infoecos.com.ar\/wp-content\/uploads\/2020\/12\/financieraclandestina2-345x460.jpg 345w, https:\/\/infoecos.com.ar\/wp-content\/uploads\/2020\/12\/financieraclandestina2-690x920.jpg 690w, https:\/\/infoecos.com.ar\/wp-content\/uploads\/2020\/12\/financieraclandestina2-768x1024.jpg 768w, https:\/\/infoecos.com.ar\/wp-content\/uploads\/2020\/12\/financieraclandestina2.jpg 780w\" sizes=\"(max-width: 345px) 100vw, 345px\" \/><\/figure><\/div>\n\n\n\n<p>Se inform\u00f3 oficialmente que la investigaci\u00f3n demand\u00f3 un  un arduo trabajo, que perdur\u00f3 por mas de 10 meses, y conllev\u00f3 m\u00faltiples tareas de campo e investigaci\u00f3n criminal, an\u00e1lisis telef\u00f3nicos, y an\u00e1lisis de material f\u00edlmico e inform\u00e1tico, labor altamente destacada por el personal de Estaci\u00f3n Comunal de Pehuajo, logrando poner a disposici\u00f3n de la Justicia, a los investigados, al igual que los elementos de prueba colectados.<\/p>\n\n\n\n<div class=\"wp-block-image\"><figure class=\"aligncenter size-medium\"><img loading=\"lazy\" decoding=\"async\" width=\"460\" height=\"260\" src=\"http:\/\/infoecos.com.ar\/wp-content\/uploads\/2020\/12\/financieraclandestina3-460x260.jpg\" alt=\"\" class=\"wp-image-71769\" srcset=\"https:\/\/infoecos.com.ar\/wp-content\/uploads\/2020\/12\/financieraclandestina3-460x260.jpg 460w, https:\/\/infoecos.com.ar\/wp-content\/uploads\/2020\/12\/financieraclandestina3.jpg 620w\" sizes=\"(max-width: 460px) 100vw, 460px\" \/><\/figure><\/div>\n\n\n\n<p>D\u00edas pasados, la Fiscal\u00eda Federal de Pehuaj\u00f3 tambi\u00e9n dio intervenci\u00f3n a la Justicia Federal con asiento en Jun\u00edn sobre una financiera de las mismas caracter\u00edsticas en Carlos Tejedor. No se conocieron, despu\u00e9s de los secuestros realizados, otro detalles.<\/p>\n","protected":false},"excerpt":{"rendered":"<p>Se allan\u00f3 una financiera clandestina en la ciudad de Pehuaj\u00f3 a instancias de una investigaci\u00f3n penal que comenz\u00f3 en el mes de febrero de este a\u00f1o<\/p>\n","protected":false},"author":2,"featured_media":71766,"comment_status":"closed","ping_status":"open","sticky":false,"template":"","format":"standard","meta":{"footnotes":""},"categories":[198],"tags":[2477],"class_list":["post-71765","post","type-post","status-publish","format-standard","has-post-thumbnail","hentry","category-c1nota5","tag-resultados-sorprendentes"],"yoast_head":"<!-- This site is optimized with the Yoast SEO plugin v23.4 - https:\/\/yoast.com\/wordpress\/plugins\/seo\/ -->\n<title>La Fiscal\u00eda Federal con asiento en Pehuaj\u00f3 y otro golpe a la actividad financiera clandestina - Infoecos<\/title>\n<meta name=\"robots\" content=\"index, follow, max-snippet:-1, max-image-preview:large, max-video-preview:-1\" \/>\n<link rel=\"canonical\" href=\"https:\/\/infoecos.com.ar\/index.php\/la-fiscalia-federal-con-asiento-en-pehuajo-y-otro-golpe-a-la-actividad-financiera-clandestina\/\" \/>\n<meta property=\"og:locale\" content=\"es_ES\" \/>\n<meta property=\"og:type\" content=\"article\" \/>\n<meta property=\"og:title\" content=\"La Fiscal\u00eda Federal con asiento en Pehuaj\u00f3 y otro golpe a la actividad financiera clandestina - Infoecos\" \/>\n<meta property=\"og:description\" content=\"Se allan\u00f3 una financiera clandestina en la ciudad de Pehuaj\u00f3 a instancias de una investigaci\u00f3n penal que comenz\u00f3 en el mes de febrero de este a\u00f1o\" \/>\n<meta property=\"og:url\" content=\"https:\/\/infoecos.com.ar\/index.php\/la-fiscalia-federal-con-asiento-en-pehuajo-y-otro-golpe-a-la-actividad-financiera-clandestina\/\" \/>\n<meta property=\"og:site_name\" content=\"Infoecos\" \/>\n<meta property=\"article:publisher\" content=\"https:\/\/www.facebook.com\/profile.php?id=100063200290284\" \/>\n<meta property=\"article:published_time\" content=\"2020-12-22T03:06:41+00:00\" \/>\n<meta property=\"article:modified_time\" content=\"2020-12-22T21:20:22+00:00\" \/>\n<meta property=\"og:image\" content=\"https:\/\/infoecos.com.ar\/wp-content\/uploads\/2020\/12\/FINANCIERACLANDESTINA.jpg\" \/>\n\t<meta property=\"og:image:width\" content=\"720\" \/>\n\t<meta property=\"og:image:height\" content=\"960\" \/>\n\t<meta property=\"og:image:type\" content=\"image\/jpeg\" \/>\n<meta name=\"author\" content=\"Jorge Matheus\" \/>\n<meta name=\"twitter:card\" content=\"summary_large_image\" \/>\n<meta name=\"twitter:creator\" content=\"@infoecos\" \/>\n<meta name=\"twitter:site\" content=\"@infoecos\" \/>\n<meta name=\"twitter:label1\" content=\"Escrito por\" \/>\n\t<meta name=\"twitter:data1\" content=\"Jorge Matheus\" \/>\n\t<meta name=\"twitter:label2\" content=\"Tiempo de lectura\" \/>\n\t<meta name=\"twitter:data2\" content=\"2 minutos\" \/>\n<script type=\"application\/ld+json\" class=\"yoast-schema-graph\">{\"@context\":\"https:\/\/schema.org\",\"@graph\":[{\"@type\":\"Article\",\"@id\":\"https:\/\/infoecos.com.ar\/index.php\/la-fiscalia-federal-con-asiento-en-pehuajo-y-otro-golpe-a-la-actividad-financiera-clandestina\/#article\",\"isPartOf\":{\"@id\":\"https:\/\/infoecos.com.ar\/index.php\/la-fiscalia-federal-con-asiento-en-pehuajo-y-otro-golpe-a-la-actividad-financiera-clandestina\/\"},\"author\":{\"name\":\"Jorge Matheus\",\"@id\":\"https:\/\/infoecos.com.ar\/#\/schema\/person\/8f5ace5ce73b4b4aac4b7245aee6f191\"},\"headline\":\"La Fiscal\u00eda Federal con asiento en Pehuaj\u00f3 y otro golpe a la actividad financiera clandestina\",\"datePublished\":\"2020-12-22T03:06:41+00:00\",\"dateModified\":\"2020-12-22T21:20:22+00:00\",\"mainEntityOfPage\":{\"@id\":\"https:\/\/infoecos.com.ar\/index.php\/la-fiscalia-federal-con-asiento-en-pehuajo-y-otro-golpe-a-la-actividad-financiera-clandestina\/\"},\"wordCount\":388,\"publisher\":{\"@id\":\"https:\/\/infoecos.com.ar\/#organization\"},\"image\":{\"@id\":\"https:\/\/infoecos.com.ar\/index.php\/la-fiscalia-federal-con-asiento-en-pehuajo-y-otro-golpe-a-la-actividad-financiera-clandestina\/#primaryimage\"},\"thumbnailUrl\":\"https:\/\/infoecos.com.ar\/wp-content\/uploads\/2020\/12\/FINANCIERACLANDESTINA.jpg\",\"keywords\":[\"RESULTADOS SORPRENDENTES\"],\"articleSection\":[\"C1 nota 5\"],\"inLanguage\":\"es\"},{\"@type\":\"WebPage\",\"@id\":\"https:\/\/infoecos.com.ar\/index.php\/la-fiscalia-federal-con-asiento-en-pehuajo-y-otro-golpe-a-la-actividad-financiera-clandestina\/\",\"url\":\"https:\/\/infoecos.com.ar\/index.php\/la-fiscalia-federal-con-asiento-en-pehuajo-y-otro-golpe-a-la-actividad-financiera-clandestina\/\",\"name\":\"La Fiscal\u00eda Federal con asiento en Pehuaj\u00f3 y otro golpe a la actividad financiera clandestina - Infoecos\",\"isPartOf\":{\"@id\":\"https:\/\/infoecos.com.ar\/#website\"},\"primaryImageOfPage\":{\"@id\":\"https:\/\/infoecos.com.ar\/index.php\/la-fiscalia-federal-con-asiento-en-pehuajo-y-otro-golpe-a-la-actividad-financiera-clandestina\/#primaryimage\"},\"image\":{\"@id\":\"https:\/\/infoecos.com.ar\/index.php\/la-fiscalia-federal-con-asiento-en-pehuajo-y-otro-golpe-a-la-actividad-financiera-clandestina\/#primaryimage\"},\"thumbnailUrl\":\"https:\/\/infoecos.com.ar\/wp-content\/uploads\/2020\/12\/FINANCIERACLANDESTINA.jpg\",\"datePublished\":\"2020-12-22T03:06:41+00:00\",\"dateModified\":\"2020-12-22T21:20:22+00:00\",\"breadcrumb\":{\"@id\":\"https:\/\/infoecos.com.ar\/index.php\/la-fiscalia-federal-con-asiento-en-pehuajo-y-otro-golpe-a-la-actividad-financiera-clandestina\/#breadcrumb\"},\"inLanguage\":\"es\",\"potentialAction\":[{\"@type\":\"ReadAction\",\"target\":[\"https:\/\/infoecos.com.ar\/index.php\/la-fiscalia-federal-con-asiento-en-pehuajo-y-otro-golpe-a-la-actividad-financiera-clandestina\/\"]}]},{\"@type\":\"ImageObject\",\"inLanguage\":\"es\",\"@id\":\"https:\/\/infoecos.com.ar\/index.php\/la-fiscalia-federal-con-asiento-en-pehuajo-y-otro-golpe-a-la-actividad-financiera-clandestina\/#primaryimage\",\"url\":\"https:\/\/infoecos.com.ar\/wp-content\/uploads\/2020\/12\/FINANCIERACLANDESTINA.jpg\",\"contentUrl\":\"https:\/\/infoecos.com.ar\/wp-content\/uploads\/2020\/12\/FINANCIERACLANDESTINA.jpg\",\"width\":720,\"height\":960},{\"@type\":\"BreadcrumbList\",\"@id\":\"https:\/\/infoecos.com.ar\/index.php\/la-fiscalia-federal-con-asiento-en-pehuajo-y-otro-golpe-a-la-actividad-financiera-clandestina\/#breadcrumb\",\"itemListElement\":[{\"@type\":\"ListItem\",\"position\":1,\"name\":\"Portada\",\"item\":\"https:\/\/infoecos.com.ar\/\"},{\"@type\":\"ListItem\",\"position\":2,\"name\":\"La Fiscal\u00eda Federal con asiento en Pehuaj\u00f3 y otro golpe a la actividad financiera clandestina\"}]},{\"@type\":\"WebSite\",\"@id\":\"https:\/\/infoecos.com.ar\/#website\",\"url\":\"https:\/\/infoecos.com.ar\/\",\"name\":\"Infoecos\",\"description\":\"Noticias de trenque lauquen y la zona\",\"publisher\":{\"@id\":\"https:\/\/infoecos.com.ar\/#organization\"},\"alternateName\":\"Noticias\",\"potentialAction\":[{\"@type\":\"SearchAction\",\"target\":{\"@type\":\"EntryPoint\",\"urlTemplate\":\"https:\/\/infoecos.com.ar\/?s={search_term_string}\"},\"query-input\":{\"@type\":\"PropertyValueSpecification\",\"valueRequired\":true,\"valueName\":\"search_term_string\"}}],\"inLanguage\":\"es\"},{\"@type\":\"Organization\",\"@id\":\"https:\/\/infoecos.com.ar\/#organization\",\"name\":\"Infoecos\",\"alternateName\":\"Noticias\",\"url\":\"https:\/\/infoecos.com.ar\/\",\"logo\":{\"@type\":\"ImageObject\",\"inLanguage\":\"es\",\"@id\":\"https:\/\/infoecos.com.ar\/#\/schema\/logo\/image\/\",\"url\":\"https:\/\/infoecos.com.ar\/wp-content\/uploads\/2024\/03\/cropped-logo.png\",\"contentUrl\":\"https:\/\/infoecos.com.ar\/wp-content\/uploads\/2024\/03\/cropped-logo.png\",\"width\":374,\"height\":90,\"caption\":\"Infoecos\"},\"image\":{\"@id\":\"https:\/\/infoecos.com.ar\/#\/schema\/logo\/image\/\"},\"sameAs\":[\"https:\/\/www.facebook.com\/profile.php?id=100063200290284\",\"https:\/\/x.com\/infoecos\"]},{\"@type\":\"Person\",\"@id\":\"https:\/\/infoecos.com.ar\/#\/schema\/person\/8f5ace5ce73b4b4aac4b7245aee6f191\",\"name\":\"Jorge Matheus\",\"url\":\"https:\/\/infoecos.com.ar\/index.php\/author\/jomatheus\/\"}]}<\/script>\n<!-- \/ Yoast SEO plugin. -->","yoast_head_json":{"title":"La Fiscal\u00eda Federal con asiento en Pehuaj\u00f3 y otro golpe a la actividad financiera clandestina - Infoecos","robots":{"index":"index","follow":"follow","max-snippet":"max-snippet:-1","max-image-preview":"max-image-preview:large","max-video-preview":"max-video-preview:-1"},"canonical":"https:\/\/infoecos.com.ar\/index.php\/la-fiscalia-federal-con-asiento-en-pehuajo-y-otro-golpe-a-la-actividad-financiera-clandestina\/","og_locale":"es_ES","og_type":"article","og_title":"La Fiscal\u00eda Federal con asiento en Pehuaj\u00f3 y otro golpe a la actividad financiera clandestina - Infoecos","og_description":"Se allan\u00f3 una financiera clandestina en la ciudad de Pehuaj\u00f3 a instancias de una investigaci\u00f3n penal que comenz\u00f3 en el mes de febrero de este a\u00f1o","og_url":"https:\/\/infoecos.com.ar\/index.php\/la-fiscalia-federal-con-asiento-en-pehuajo-y-otro-golpe-a-la-actividad-financiera-clandestina\/","og_site_name":"Infoecos","article_publisher":"https:\/\/www.facebook.com\/profile.php?id=100063200290284","article_published_time":"2020-12-22T03:06:41+00:00","article_modified_time":"2020-12-22T21:20:22+00:00","og_image":[{"width":720,"height":960,"url":"https:\/\/infoecos.com.ar\/wp-content\/uploads\/2020\/12\/FINANCIERACLANDESTINA.jpg","type":"image\/jpeg"}],"author":"Jorge Matheus","twitter_card":"summary_large_image","twitter_creator":"@infoecos","twitter_site":"@infoecos","twitter_misc":{"Escrito por":"Jorge Matheus","Tiempo de lectura":"2 minutos"},"schema":{"@context":"https:\/\/schema.org","@graph":[{"@type":"Article","@id":"https:\/\/infoecos.com.ar\/index.php\/la-fiscalia-federal-con-asiento-en-pehuajo-y-otro-golpe-a-la-actividad-financiera-clandestina\/#article","isPartOf":{"@id":"https:\/\/infoecos.com.ar\/index.php\/la-fiscalia-federal-con-asiento-en-pehuajo-y-otro-golpe-a-la-actividad-financiera-clandestina\/"},"author":{"name":"Jorge Matheus","@id":"https:\/\/infoecos.com.ar\/#\/schema\/person\/8f5ace5ce73b4b4aac4b7245aee6f191"},"headline":"La Fiscal\u00eda Federal con asiento en Pehuaj\u00f3 y otro golpe a la actividad financiera clandestina","datePublished":"2020-12-22T03:06:41+00:00","dateModified":"2020-12-22T21:20:22+00:00","mainEntityOfPage":{"@id":"https:\/\/infoecos.com.ar\/index.php\/la-fiscalia-federal-con-asiento-en-pehuajo-y-otro-golpe-a-la-actividad-financiera-clandestina\/"},"wordCount":388,"publisher":{"@id":"https:\/\/infoecos.com.ar\/#organization"},"image":{"@id":"https:\/\/infoecos.com.ar\/index.php\/la-fiscalia-federal-con-asiento-en-pehuajo-y-otro-golpe-a-la-actividad-financiera-clandestina\/#primaryimage"},"thumbnailUrl":"https:\/\/infoecos.com.ar\/wp-content\/uploads\/2020\/12\/FINANCIERACLANDESTINA.jpg","keywords":["RESULTADOS SORPRENDENTES"],"articleSection":["C1 nota 5"],"inLanguage":"es"},{"@type":"WebPage","@id":"https:\/\/infoecos.com.ar\/index.php\/la-fiscalia-federal-con-asiento-en-pehuajo-y-otro-golpe-a-la-actividad-financiera-clandestina\/","url":"https:\/\/infoecos.com.ar\/index.php\/la-fiscalia-federal-con-asiento-en-pehuajo-y-otro-golpe-a-la-actividad-financiera-clandestina\/","name":"La Fiscal\u00eda Federal con asiento en Pehuaj\u00f3 y otro golpe a la actividad financiera clandestina - Infoecos","isPartOf":{"@id":"https:\/\/infoecos.com.ar\/#website"},"primaryImageOfPage":{"@id":"https:\/\/infoecos.com.ar\/index.php\/la-fiscalia-federal-con-asiento-en-pehuajo-y-otro-golpe-a-la-actividad-financiera-clandestina\/#primaryimage"},"image":{"@id":"https:\/\/infoecos.com.ar\/index.php\/la-fiscalia-federal-con-asiento-en-pehuajo-y-otro-golpe-a-la-actividad-financiera-clandestina\/#primaryimage"},"thumbnailUrl":"https:\/\/infoecos.com.ar\/wp-content\/uploads\/2020\/12\/FINANCIERACLANDESTINA.jpg","datePublished":"2020-12-22T03:06:41+00:00","dateModified":"2020-12-22T21:20:22+00:00","breadcrumb":{"@id":"https:\/\/infoecos.com.ar\/index.php\/la-fiscalia-federal-con-asiento-en-pehuajo-y-otro-golpe-a-la-actividad-financiera-clandestina\/#breadcrumb"},"inLanguage":"es","potentialAction":[{"@type":"ReadAction","target":["https:\/\/infoecos.com.ar\/index.php\/la-fiscalia-federal-con-asiento-en-pehuajo-y-otro-golpe-a-la-actividad-financiera-clandestina\/"]}]},{"@type":"ImageObject","inLanguage":"es","@id":"https:\/\/infoecos.com.ar\/index.php\/la-fiscalia-federal-con-asiento-en-pehuajo-y-otro-golpe-a-la-actividad-financiera-clandestina\/#primaryimage","url":"https:\/\/infoecos.com.ar\/wp-content\/uploads\/2020\/12\/FINANCIERACLANDESTINA.jpg","contentUrl":"https:\/\/infoecos.com.ar\/wp-content\/uploads\/2020\/12\/FINANCIERACLANDESTINA.jpg","width":720,"height":960},{"@type":"BreadcrumbList","@id":"https:\/\/infoecos.com.ar\/index.php\/la-fiscalia-federal-con-asiento-en-pehuajo-y-otro-golpe-a-la-actividad-financiera-clandestina\/#breadcrumb","itemListElement":[{"@type":"ListItem","position":1,"name":"Portada","item":"https:\/\/infoecos.com.ar\/"},{"@type":"ListItem","position":2,"name":"La Fiscal\u00eda Federal con asiento en Pehuaj\u00f3 y otro golpe a la actividad financiera clandestina"}]},{"@type":"WebSite","@id":"https:\/\/infoecos.com.ar\/#website","url":"https:\/\/infoecos.com.ar\/","name":"Infoecos","description":"Noticias de trenque lauquen y la zona","publisher":{"@id":"https:\/\/infoecos.com.ar\/#organization"},"alternateName":"Noticias","potentialAction":[{"@type":"SearchAction","target":{"@type":"EntryPoint","urlTemplate":"https:\/\/infoecos.com.ar\/?s={search_term_string}"},"query-input":{"@type":"PropertyValueSpecification","valueRequired":true,"valueName":"search_term_string"}}],"inLanguage":"es"},{"@type":"Organization","@id":"https:\/\/infoecos.com.ar\/#organization","name":"Infoecos","alternateName":"Noticias","url":"https:\/\/infoecos.com.ar\/","logo":{"@type":"ImageObject","inLanguage":"es","@id":"https:\/\/infoecos.com.ar\/#\/schema\/logo\/image\/","url":"https:\/\/infoecos.com.ar\/wp-content\/uploads\/2024\/03\/cropped-logo.png","contentUrl":"https:\/\/infoecos.com.ar\/wp-content\/uploads\/2024\/03\/cropped-logo.png","width":374,"height":90,"caption":"Infoecos"},"image":{"@id":"https:\/\/infoecos.com.ar\/#\/schema\/logo\/image\/"},"sameAs":["https:\/\/www.facebook.com\/profile.php?id=100063200290284","https:\/\/x.com\/infoecos"]},{"@type":"Person","@id":"https:\/\/infoecos.com.ar\/#\/schema\/person\/8f5ace5ce73b4b4aac4b7245aee6f191","name":"Jorge Matheus","url":"https:\/\/infoecos.com.ar\/index.php\/author\/jomatheus\/"}]}},"featured_image_urls":{"full":["https:\/\/infoecos.com.ar\/wp-content\/uploads\/2020\/12\/FINANCIERACLANDESTINA.jpg",720,960,false],"thumbnail":["https:\/\/infoecos.com.ar\/wp-content\/uploads\/2020\/12\/FINANCIERACLANDESTINA-150x150.jpg",150,150,true],"medium":["https:\/\/infoecos.com.ar\/wp-content\/uploads\/2020\/12\/FINANCIERACLANDESTINA-345x460.jpg",345,460,true],"medium_large":["https:\/\/infoecos.com.ar\/wp-content\/uploads\/2020\/12\/FINANCIERACLANDESTINA.jpg",640,853,false],"large":["https:\/\/infoecos.com.ar\/wp-content\/uploads\/2020\/12\/FINANCIERACLANDESTINA-690x920.jpg",640,853,true],"1536x1536":["https:\/\/infoecos.com.ar\/wp-content\/uploads\/2020\/12\/FINANCIERACLANDESTINA.jpg",720,960,false],"2048x2048":["https:\/\/infoecos.com.ar\/wp-content\/uploads\/2020\/12\/FINANCIERACLANDESTINA.jpg",720,960,false],"covernews-slider-full":["https:\/\/infoecos.com.ar\/wp-content\/uploads\/2020\/12\/FINANCIERACLANDESTINA.jpg",536,715,false],"covernews-slider-center":["https:\/\/infoecos.com.ar\/wp-content\/uploads\/2020\/12\/FINANCIERACLANDESTINA-720x897.jpg",401,500,true],"covernews-featured":["https:\/\/infoecos.com.ar\/wp-content\/uploads\/2020\/12\/FINANCIERACLANDESTINA.jpg",720,960,false],"covernews-medium":["https:\/\/infoecos.com.ar\/wp-content\/uploads\/2020\/12\/FINANCIERACLANDESTINA-720x380.jpg",540,285,true],"covernews-medium-square":["https:\/\/infoecos.com.ar\/wp-content\/uploads\/2020\/12\/FINANCIERACLANDESTINA-675x450.jpg",375,250,true]},"author_info":{"info":["Jorge Matheus"]},"category_info":"<a href=\"https:\/\/infoecos.com.ar\/index.php\/category\/c1nota5\/\" rel=\"category tag\">C1 nota 5<\/a>","tag_info":"C1 nota 5","comment_count":"0","_links":{"self":[{"href":"https:\/\/infoecos.com.ar\/index.php\/wp-json\/wp\/v2\/posts\/71765"}],"collection":[{"href":"https:\/\/infoecos.com.ar\/index.php\/wp-json\/wp\/v2\/posts"}],"about":[{"href":"https:\/\/infoecos.com.ar\/index.php\/wp-json\/wp\/v2\/types\/post"}],"author":[{"embeddable":true,"href":"https:\/\/infoecos.com.ar\/index.php\/wp-json\/wp\/v2\/users\/2"}],"replies":[{"embeddable":true,"href":"https:\/\/infoecos.com.ar\/index.php\/wp-json\/wp\/v2\/comments?post=71765"}],"version-history":[{"count":1,"href":"https:\/\/infoecos.com.ar\/index.php\/wp-json\/wp\/v2\/posts\/71765\/revisions"}],"predecessor-version":[{"id":71770,"href":"https:\/\/infoecos.com.ar\/index.php\/wp-json\/wp\/v2\/posts\/71765\/revisions\/71770"}],"wp:featuredmedia":[{"embeddable":true,"href":"https:\/\/infoecos.com.ar\/index.php\/wp-json\/wp\/v2\/media\/71766"}],"wp:attachment":[{"href":"https:\/\/infoecos.com.ar\/index.php\/wp-json\/wp\/v2\/media?parent=71765"}],"wp:term":[{"taxonomy":"category","embeddable":true,"href":"https:\/\/infoecos.com.ar\/index.php\/wp-json\/wp\/v2\/categories?post=71765"},{"taxonomy":"post_tag","embeddable":true,"href":"https:\/\/infoecos.com.ar\/index.php\/wp-json\/wp\/v2\/tags?post=71765"}],"curies":[{"name":"wp","href":"https:\/\/api.w.org\/{rel}","templated":true}]}}