{"id":71825,"date":"2020-12-22T17:39:05","date_gmt":"2020-12-22T20:39:05","guid":{"rendered":"http:\/\/infoecos.com.ar\/?p=71825"},"modified":"2020-12-24T01:27:43","modified_gmt":"2020-12-24T04:27:43","slug":"a-traves-de-la-fundacion-innpoa-emilio-monzo-tendra-mayor-presencia-en-el-distrito-de-trenque-lauquen","status":"publish","type":"post","link":"https:\/\/infoecos.com.ar\/index.php\/a-traves-de-la-fundacion-innpoa-emilio-monzo-tendra-mayor-presencia-en-el-distrito-de-trenque-lauquen\/","title":{"rendered":"A trav\u00e9s de la Fundaci\u00f3n Innpoa, Emilio Monz\u00f3 tendr\u00e1 mayor presencia en el distrito de Trenque Lauquen"},"content":{"rendered":"\n<p>Se conformar\u00e1 en Trenque Lauquen una sede de la Fundaci\u00f3n Innovaci\u00f3n Pol\u00edtica Argentina (Innpoa).<\/p>\n\n\n\n<div class=\"wp-block-image\"><figure class=\"aligncenter size-large\"><img loading=\"lazy\" decoding=\"async\" width=\"788\" height=\"460\" src=\"http:\/\/infoecos.com.ar\/wp-content\/uploads\/2020\/12\/builinnpoa.jpg\" alt=\"\" class=\"wp-image-71826\" srcset=\"https:\/\/infoecos.com.ar\/wp-content\/uploads\/2020\/12\/builinnpoa.jpg 788w, https:\/\/infoecos.com.ar\/wp-content\/uploads\/2020\/12\/builinnpoa-460x269.jpg 460w, https:\/\/infoecos.com.ar\/wp-content\/uploads\/2020\/12\/builinnpoa-768x448.jpg 768w\" sizes=\"(max-width: 788px) 100vw, 788px\" \/><\/figure><\/div>\n\n\n\n<p>As\u00ed lo hizo saber a trav\u00e9s de su cuenta de Facebook, el ex diputado nacional Sergio Buil, luego de una reuni\u00f3n que se concret\u00f3 en la noche del martes y de la que participaron Gabriel Depari, Virginia Monz\u00f3, David \u00c1lvarez, Alejandro Galluzo, Pablo Pietrobelli y Nicol\u00e1s Rodr\u00edguez. <\/p>\n\n\n\n<p>En la comunicaci\u00f3n, qui\u00e9n tambi\u00e9n fuera intendente municipal de Rivadavia, se\u00f1ala que \u00abcon estos encuentros estamos avanzando en el fortalecimiento del espacio que lidera Emilio Monz\u00f3, en busca de consolidar un proyecto con fuerte anclaje en la provincia de Buenos Aires\u00bb. Previo a ello apunt\u00f3 que \u00abel objetivo es constituir equipos t\u00e9cnicos con referentes de distintas \u00e1reas, para elaborar pol\u00edticas p\u00fablicas innovadoras en cada distrito\u00bb.<\/p>\n","protected":false},"excerpt":{"rendered":"<p>As\u00ed lo hizo saber a trav\u00e9s de su cuenta de Facebook, el ex diputado nacional Sergio Buil, luego de una reuni\u00f3n que se concret\u00f3 en la noche del martes<\/p>\n","protected":false},"author":2,"featured_media":71826,"comment_status":"closed","ping_status":"open","sticky":false,"template":"","format":"standard","meta":{"footnotes":""},"categories":[1614],"tags":[2486],"class_list":["post-71825","post","type-post","status-publish","format-standard","has-post-thumbnail","hentry","category-c2nota7","tag-con-la-mirada-en-el-futuro"],"yoast_head":"<!-- This site is optimized with the Yoast SEO plugin v23.4 - https:\/\/yoast.com\/wordpress\/plugins\/seo\/ -->\n<title>A trav\u00e9s de la Fundaci\u00f3n Innpoa, Emilio Monz\u00f3 tendr\u00e1 mayor presencia en el distrito de Trenque Lauquen - Infoecos<\/title>\n<meta name=\"robots\" content=\"index, follow, max-snippet:-1, max-image-preview:large, max-video-preview:-1\" \/>\n<link rel=\"canonical\" href=\"https:\/\/infoecos.com.ar\/index.php\/a-traves-de-la-fundacion-innpoa-emilio-monzo-tendra-mayor-presencia-en-el-distrito-de-trenque-lauquen\/\" \/>\n<meta property=\"og:locale\" content=\"es_ES\" \/>\n<meta property=\"og:type\" content=\"article\" \/>\n<meta property=\"og:title\" content=\"A trav\u00e9s de la Fundaci\u00f3n Innpoa, Emilio Monz\u00f3 tendr\u00e1 mayor presencia en el distrito de Trenque Lauquen - Infoecos\" \/>\n<meta property=\"og:description\" content=\"As\u00ed lo hizo saber a trav\u00e9s de su cuenta de Facebook, el ex diputado nacional Sergio Buil, luego de una reuni\u00f3n que se concret\u00f3 en la noche del martes\" \/>\n<meta property=\"og:url\" content=\"https:\/\/infoecos.com.ar\/index.php\/a-traves-de-la-fundacion-innpoa-emilio-monzo-tendra-mayor-presencia-en-el-distrito-de-trenque-lauquen\/\" \/>\n<meta property=\"og:site_name\" content=\"Infoecos\" \/>\n<meta property=\"article:publisher\" content=\"https:\/\/www.facebook.com\/profile.php?id=100063200290284\" \/>\n<meta property=\"article:published_time\" content=\"2020-12-22T20:39:05+00:00\" \/>\n<meta property=\"article:modified_time\" content=\"2020-12-24T04:27:43+00:00\" \/>\n<meta property=\"og:image\" content=\"https:\/\/infoecos.com.ar\/wp-content\/uploads\/2020\/12\/builinnpoa.jpg\" \/>\n\t<meta property=\"og:image:width\" content=\"788\" \/>\n\t<meta property=\"og:image:height\" content=\"460\" \/>\n\t<meta property=\"og:image:type\" content=\"image\/jpeg\" \/>\n<meta name=\"author\" content=\"Jorge Matheus\" \/>\n<meta name=\"twitter:card\" content=\"summary_large_image\" \/>\n<meta name=\"twitter:creator\" content=\"@infoecos\" \/>\n<meta name=\"twitter:site\" content=\"@infoecos\" \/>\n<meta name=\"twitter:label1\" content=\"Escrito por\" \/>\n\t<meta name=\"twitter:data1\" content=\"Jorge Matheus\" \/>\n\t<meta name=\"twitter:label2\" content=\"Tiempo de lectura\" \/>\n\t<meta name=\"twitter:data2\" content=\"1 minuto\" \/>\n<script type=\"application\/ld+json\" class=\"yoast-schema-graph\">{\"@context\":\"https:\/\/schema.org\",\"@graph\":[{\"@type\":\"Article\",\"@id\":\"https:\/\/infoecos.com.ar\/index.php\/a-traves-de-la-fundacion-innpoa-emilio-monzo-tendra-mayor-presencia-en-el-distrito-de-trenque-lauquen\/#article\",\"isPartOf\":{\"@id\":\"https:\/\/infoecos.com.ar\/index.php\/a-traves-de-la-fundacion-innpoa-emilio-monzo-tendra-mayor-presencia-en-el-distrito-de-trenque-lauquen\/\"},\"author\":{\"name\":\"Jorge Matheus\",\"@id\":\"https:\/\/infoecos.com.ar\/#\/schema\/person\/8f5ace5ce73b4b4aac4b7245aee6f191\"},\"headline\":\"A trav\u00e9s de la Fundaci\u00f3n Innpoa, Emilio Monz\u00f3 tendr\u00e1 mayor presencia en el distrito de Trenque Lauquen\",\"datePublished\":\"2020-12-22T20:39:05+00:00\",\"dateModified\":\"2020-12-24T04:27:43+00:00\",\"mainEntityOfPage\":{\"@id\":\"https:\/\/infoecos.com.ar\/index.php\/a-traves-de-la-fundacion-innpoa-emilio-monzo-tendra-mayor-presencia-en-el-distrito-de-trenque-lauquen\/\"},\"wordCount\":159,\"publisher\":{\"@id\":\"https:\/\/infoecos.com.ar\/#organization\"},\"image\":{\"@id\":\"https:\/\/infoecos.com.ar\/index.php\/a-traves-de-la-fundacion-innpoa-emilio-monzo-tendra-mayor-presencia-en-el-distrito-de-trenque-lauquen\/#primaryimage\"},\"thumbnailUrl\":\"https:\/\/infoecos.com.ar\/wp-content\/uploads\/2020\/12\/builinnpoa.jpg\",\"keywords\":[\"CON LA MIRADA EN EL FUTURO\"],\"articleSection\":[\"C2 N7\"],\"inLanguage\":\"es\"},{\"@type\":\"WebPage\",\"@id\":\"https:\/\/infoecos.com.ar\/index.php\/a-traves-de-la-fundacion-innpoa-emilio-monzo-tendra-mayor-presencia-en-el-distrito-de-trenque-lauquen\/\",\"url\":\"https:\/\/infoecos.com.ar\/index.php\/a-traves-de-la-fundacion-innpoa-emilio-monzo-tendra-mayor-presencia-en-el-distrito-de-trenque-lauquen\/\",\"name\":\"A trav\u00e9s de la Fundaci\u00f3n Innpoa, Emilio Monz\u00f3 tendr\u00e1 mayor presencia en el distrito de Trenque Lauquen - Infoecos\",\"isPartOf\":{\"@id\":\"https:\/\/infoecos.com.ar\/#website\"},\"primaryImageOfPage\":{\"@id\":\"https:\/\/infoecos.com.ar\/index.php\/a-traves-de-la-fundacion-innpoa-emilio-monzo-tendra-mayor-presencia-en-el-distrito-de-trenque-lauquen\/#primaryimage\"},\"image\":{\"@id\":\"https:\/\/infoecos.com.ar\/index.php\/a-traves-de-la-fundacion-innpoa-emilio-monzo-tendra-mayor-presencia-en-el-distrito-de-trenque-lauquen\/#primaryimage\"},\"thumbnailUrl\":\"https:\/\/infoecos.com.ar\/wp-content\/uploads\/2020\/12\/builinnpoa.jpg\",\"datePublished\":\"2020-12-22T20:39:05+00:00\",\"dateModified\":\"2020-12-24T04:27:43+00:00\",\"breadcrumb\":{\"@id\":\"https:\/\/infoecos.com.ar\/index.php\/a-traves-de-la-fundacion-innpoa-emilio-monzo-tendra-mayor-presencia-en-el-distrito-de-trenque-lauquen\/#breadcrumb\"},\"inLanguage\":\"es\",\"potentialAction\":[{\"@type\":\"ReadAction\",\"target\":[\"https:\/\/infoecos.com.ar\/index.php\/a-traves-de-la-fundacion-innpoa-emilio-monzo-tendra-mayor-presencia-en-el-distrito-de-trenque-lauquen\/\"]}]},{\"@type\":\"ImageObject\",\"inLanguage\":\"es\",\"@id\":\"https:\/\/infoecos.com.ar\/index.php\/a-traves-de-la-fundacion-innpoa-emilio-monzo-tendra-mayor-presencia-en-el-distrito-de-trenque-lauquen\/#primaryimage\",\"url\":\"https:\/\/infoecos.com.ar\/wp-content\/uploads\/2020\/12\/builinnpoa.jpg\",\"contentUrl\":\"https:\/\/infoecos.com.ar\/wp-content\/uploads\/2020\/12\/builinnpoa.jpg\",\"width\":788,\"height\":460},{\"@type\":\"BreadcrumbList\",\"@id\":\"https:\/\/infoecos.com.ar\/index.php\/a-traves-de-la-fundacion-innpoa-emilio-monzo-tendra-mayor-presencia-en-el-distrito-de-trenque-lauquen\/#breadcrumb\",\"itemListElement\":[{\"@type\":\"ListItem\",\"position\":1,\"name\":\"Portada\",\"item\":\"https:\/\/infoecos.com.ar\/\"},{\"@type\":\"ListItem\",\"position\":2,\"name\":\"A trav\u00e9s de la Fundaci\u00f3n Innpoa, Emilio Monz\u00f3 tendr\u00e1 mayor presencia en el distrito de Trenque Lauquen\"}]},{\"@type\":\"WebSite\",\"@id\":\"https:\/\/infoecos.com.ar\/#website\",\"url\":\"https:\/\/infoecos.com.ar\/\",\"name\":\"Infoecos\",\"description\":\"Noticias de trenque lauquen y la zona\",\"publisher\":{\"@id\":\"https:\/\/infoecos.com.ar\/#organization\"},\"alternateName\":\"Noticias\",\"potentialAction\":[{\"@type\":\"SearchAction\",\"target\":{\"@type\":\"EntryPoint\",\"urlTemplate\":\"https:\/\/infoecos.com.ar\/?s={search_term_string}\"},\"query-input\":{\"@type\":\"PropertyValueSpecification\",\"valueRequired\":true,\"valueName\":\"search_term_string\"}}],\"inLanguage\":\"es\"},{\"@type\":\"Organization\",\"@id\":\"https:\/\/infoecos.com.ar\/#organization\",\"name\":\"Infoecos\",\"alternateName\":\"Noticias\",\"url\":\"https:\/\/infoecos.com.ar\/\",\"logo\":{\"@type\":\"ImageObject\",\"inLanguage\":\"es\",\"@id\":\"https:\/\/infoecos.com.ar\/#\/schema\/logo\/image\/\",\"url\":\"https:\/\/infoecos.com.ar\/wp-content\/uploads\/2024\/03\/cropped-logo.png\",\"contentUrl\":\"https:\/\/infoecos.com.ar\/wp-content\/uploads\/2024\/03\/cropped-logo.png\",\"width\":374,\"height\":90,\"caption\":\"Infoecos\"},\"image\":{\"@id\":\"https:\/\/infoecos.com.ar\/#\/schema\/logo\/image\/\"},\"sameAs\":[\"https:\/\/www.facebook.com\/profile.php?id=100063200290284\",\"https:\/\/x.com\/infoecos\"]},{\"@type\":\"Person\",\"@id\":\"https:\/\/infoecos.com.ar\/#\/schema\/person\/8f5ace5ce73b4b4aac4b7245aee6f191\",\"name\":\"Jorge Matheus\",\"url\":\"https:\/\/infoecos.com.ar\/index.php\/author\/jomatheus\/\"}]}<\/script>\n<!-- \/ Yoast SEO plugin. -->","yoast_head_json":{"title":"A trav\u00e9s de la Fundaci\u00f3n Innpoa, Emilio Monz\u00f3 tendr\u00e1 mayor presencia en el distrito de Trenque Lauquen - Infoecos","robots":{"index":"index","follow":"follow","max-snippet":"max-snippet:-1","max-image-preview":"max-image-preview:large","max-video-preview":"max-video-preview:-1"},"canonical":"https:\/\/infoecos.com.ar\/index.php\/a-traves-de-la-fundacion-innpoa-emilio-monzo-tendra-mayor-presencia-en-el-distrito-de-trenque-lauquen\/","og_locale":"es_ES","og_type":"article","og_title":"A trav\u00e9s de la Fundaci\u00f3n Innpoa, Emilio Monz\u00f3 tendr\u00e1 mayor presencia en el distrito de Trenque Lauquen - Infoecos","og_description":"As\u00ed lo hizo saber a trav\u00e9s de su cuenta de Facebook, el ex diputado nacional Sergio Buil, luego de una reuni\u00f3n que se concret\u00f3 en la noche del martes","og_url":"https:\/\/infoecos.com.ar\/index.php\/a-traves-de-la-fundacion-innpoa-emilio-monzo-tendra-mayor-presencia-en-el-distrito-de-trenque-lauquen\/","og_site_name":"Infoecos","article_publisher":"https:\/\/www.facebook.com\/profile.php?id=100063200290284","article_published_time":"2020-12-22T20:39:05+00:00","article_modified_time":"2020-12-24T04:27:43+00:00","og_image":[{"width":788,"height":460,"url":"https:\/\/infoecos.com.ar\/wp-content\/uploads\/2020\/12\/builinnpoa.jpg","type":"image\/jpeg"}],"author":"Jorge Matheus","twitter_card":"summary_large_image","twitter_creator":"@infoecos","twitter_site":"@infoecos","twitter_misc":{"Escrito por":"Jorge Matheus","Tiempo de lectura":"1 minuto"},"schema":{"@context":"https:\/\/schema.org","@graph":[{"@type":"Article","@id":"https:\/\/infoecos.com.ar\/index.php\/a-traves-de-la-fundacion-innpoa-emilio-monzo-tendra-mayor-presencia-en-el-distrito-de-trenque-lauquen\/#article","isPartOf":{"@id":"https:\/\/infoecos.com.ar\/index.php\/a-traves-de-la-fundacion-innpoa-emilio-monzo-tendra-mayor-presencia-en-el-distrito-de-trenque-lauquen\/"},"author":{"name":"Jorge Matheus","@id":"https:\/\/infoecos.com.ar\/#\/schema\/person\/8f5ace5ce73b4b4aac4b7245aee6f191"},"headline":"A trav\u00e9s de la Fundaci\u00f3n Innpoa, Emilio Monz\u00f3 tendr\u00e1 mayor presencia en el distrito de Trenque Lauquen","datePublished":"2020-12-22T20:39:05+00:00","dateModified":"2020-12-24T04:27:43+00:00","mainEntityOfPage":{"@id":"https:\/\/infoecos.com.ar\/index.php\/a-traves-de-la-fundacion-innpoa-emilio-monzo-tendra-mayor-presencia-en-el-distrito-de-trenque-lauquen\/"},"wordCount":159,"publisher":{"@id":"https:\/\/infoecos.com.ar\/#organization"},"image":{"@id":"https:\/\/infoecos.com.ar\/index.php\/a-traves-de-la-fundacion-innpoa-emilio-monzo-tendra-mayor-presencia-en-el-distrito-de-trenque-lauquen\/#primaryimage"},"thumbnailUrl":"https:\/\/infoecos.com.ar\/wp-content\/uploads\/2020\/12\/builinnpoa.jpg","keywords":["CON LA MIRADA EN EL FUTURO"],"articleSection":["C2 N7"],"inLanguage":"es"},{"@type":"WebPage","@id":"https:\/\/infoecos.com.ar\/index.php\/a-traves-de-la-fundacion-innpoa-emilio-monzo-tendra-mayor-presencia-en-el-distrito-de-trenque-lauquen\/","url":"https:\/\/infoecos.com.ar\/index.php\/a-traves-de-la-fundacion-innpoa-emilio-monzo-tendra-mayor-presencia-en-el-distrito-de-trenque-lauquen\/","name":"A trav\u00e9s de la Fundaci\u00f3n Innpoa, Emilio Monz\u00f3 tendr\u00e1 mayor presencia en el distrito de Trenque Lauquen - Infoecos","isPartOf":{"@id":"https:\/\/infoecos.com.ar\/#website"},"primaryImageOfPage":{"@id":"https:\/\/infoecos.com.ar\/index.php\/a-traves-de-la-fundacion-innpoa-emilio-monzo-tendra-mayor-presencia-en-el-distrito-de-trenque-lauquen\/#primaryimage"},"image":{"@id":"https:\/\/infoecos.com.ar\/index.php\/a-traves-de-la-fundacion-innpoa-emilio-monzo-tendra-mayor-presencia-en-el-distrito-de-trenque-lauquen\/#primaryimage"},"thumbnailUrl":"https:\/\/infoecos.com.ar\/wp-content\/uploads\/2020\/12\/builinnpoa.jpg","datePublished":"2020-12-22T20:39:05+00:00","dateModified":"2020-12-24T04:27:43+00:00","breadcrumb":{"@id":"https:\/\/infoecos.com.ar\/index.php\/a-traves-de-la-fundacion-innpoa-emilio-monzo-tendra-mayor-presencia-en-el-distrito-de-trenque-lauquen\/#breadcrumb"},"inLanguage":"es","potentialAction":[{"@type":"ReadAction","target":["https:\/\/infoecos.com.ar\/index.php\/a-traves-de-la-fundacion-innpoa-emilio-monzo-tendra-mayor-presencia-en-el-distrito-de-trenque-lauquen\/"]}]},{"@type":"ImageObject","inLanguage":"es","@id":"https:\/\/infoecos.com.ar\/index.php\/a-traves-de-la-fundacion-innpoa-emilio-monzo-tendra-mayor-presencia-en-el-distrito-de-trenque-lauquen\/#primaryimage","url":"https:\/\/infoecos.com.ar\/wp-content\/uploads\/2020\/12\/builinnpoa.jpg","contentUrl":"https:\/\/infoecos.com.ar\/wp-content\/uploads\/2020\/12\/builinnpoa.jpg","width":788,"height":460},{"@type":"BreadcrumbList","@id":"https:\/\/infoecos.com.ar\/index.php\/a-traves-de-la-fundacion-innpoa-emilio-monzo-tendra-mayor-presencia-en-el-distrito-de-trenque-lauquen\/#breadcrumb","itemListElement":[{"@type":"ListItem","position":1,"name":"Portada","item":"https:\/\/infoecos.com.ar\/"},{"@type":"ListItem","position":2,"name":"A trav\u00e9s de la Fundaci\u00f3n Innpoa, Emilio Monz\u00f3 tendr\u00e1 mayor presencia en el distrito de Trenque Lauquen"}]},{"@type":"WebSite","@id":"https:\/\/infoecos.com.ar\/#website","url":"https:\/\/infoecos.com.ar\/","name":"Infoecos","description":"Noticias de trenque lauquen y la zona","publisher":{"@id":"https:\/\/infoecos.com.ar\/#organization"},"alternateName":"Noticias","potentialAction":[{"@type":"SearchAction","target":{"@type":"EntryPoint","urlTemplate":"https:\/\/infoecos.com.ar\/?s={search_term_string}"},"query-input":{"@type":"PropertyValueSpecification","valueRequired":true,"valueName":"search_term_string"}}],"inLanguage":"es"},{"@type":"Organization","@id":"https:\/\/infoecos.com.ar\/#organization","name":"Infoecos","alternateName":"Noticias","url":"https:\/\/infoecos.com.ar\/","logo":{"@type":"ImageObject","inLanguage":"es","@id":"https:\/\/infoecos.com.ar\/#\/schema\/logo\/image\/","url":"https:\/\/infoecos.com.ar\/wp-content\/uploads\/2024\/03\/cropped-logo.png","contentUrl":"https:\/\/infoecos.com.ar\/wp-content\/uploads\/2024\/03\/cropped-logo.png","width":374,"height":90,"caption":"Infoecos"},"image":{"@id":"https:\/\/infoecos.com.ar\/#\/schema\/logo\/image\/"},"sameAs":["https:\/\/www.facebook.com\/profile.php?id=100063200290284","https:\/\/x.com\/infoecos"]},{"@type":"Person","@id":"https:\/\/infoecos.com.ar\/#\/schema\/person\/8f5ace5ce73b4b4aac4b7245aee6f191","name":"Jorge Matheus","url":"https:\/\/infoecos.com.ar\/index.php\/author\/jomatheus\/"}]}},"featured_image_urls":{"full":["https:\/\/infoecos.com.ar\/wp-content\/uploads\/2020\/12\/builinnpoa.jpg",788,460,false],"thumbnail":["https:\/\/infoecos.com.ar\/wp-content\/uploads\/2020\/12\/builinnpoa-150x150.jpg",150,150,true],"medium":["https:\/\/infoecos.com.ar\/wp-content\/uploads\/2020\/12\/builinnpoa-460x269.jpg",460,269,true],"medium_large":["https:\/\/infoecos.com.ar\/wp-content\/uploads\/2020\/12\/builinnpoa-768x448.jpg",640,373,true],"large":["https:\/\/infoecos.com.ar\/wp-content\/uploads\/2020\/12\/builinnpoa.jpg",640,374,false],"1536x1536":["https:\/\/infoecos.com.ar\/wp-content\/uploads\/2020\/12\/builinnpoa.jpg",788,460,false],"2048x2048":["https:\/\/infoecos.com.ar\/wp-content\/uploads\/2020\/12\/builinnpoa.jpg",788,460,false],"covernews-slider-full":["https:\/\/infoecos.com.ar\/wp-content\/uploads\/2020\/12\/builinnpoa.jpg",788,460,false],"covernews-slider-center":["https:\/\/infoecos.com.ar\/wp-content\/uploads\/2020\/12\/builinnpoa.jpg",788,460,false],"covernews-featured":["https:\/\/infoecos.com.ar\/wp-content\/uploads\/2020\/12\/builinnpoa.jpg",788,460,false],"covernews-medium":["https:\/\/infoecos.com.ar\/wp-content\/uploads\/2020\/12\/builinnpoa-720x380.jpg",540,285,true],"covernews-medium-square":["https:\/\/infoecos.com.ar\/wp-content\/uploads\/2020\/12\/builinnpoa-675x450.jpg",375,250,true]},"author_info":{"info":["Jorge Matheus"]},"category_info":"<a href=\"https:\/\/infoecos.com.ar\/index.php\/category\/c2nota7\/\" rel=\"category tag\">C2 N7<\/a>","tag_info":"C2 N7","comment_count":"0","_links":{"self":[{"href":"https:\/\/infoecos.com.ar\/index.php\/wp-json\/wp\/v2\/posts\/71825"}],"collection":[{"href":"https:\/\/infoecos.com.ar\/index.php\/wp-json\/wp\/v2\/posts"}],"about":[{"href":"https:\/\/infoecos.com.ar\/index.php\/wp-json\/wp\/v2\/types\/post"}],"author":[{"embeddable":true,"href":"https:\/\/infoecos.com.ar\/index.php\/wp-json\/wp\/v2\/users\/2"}],"replies":[{"embeddable":true,"href":"https:\/\/infoecos.com.ar\/index.php\/wp-json\/wp\/v2\/comments?post=71825"}],"version-history":[{"count":1,"href":"https:\/\/infoecos.com.ar\/index.php\/wp-json\/wp\/v2\/posts\/71825\/revisions"}],"predecessor-version":[{"id":71827,"href":"https:\/\/infoecos.com.ar\/index.php\/wp-json\/wp\/v2\/posts\/71825\/revisions\/71827"}],"wp:featuredmedia":[{"embeddable":true,"href":"https:\/\/infoecos.com.ar\/index.php\/wp-json\/wp\/v2\/media\/71826"}],"wp:attachment":[{"href":"https:\/\/infoecos.com.ar\/index.php\/wp-json\/wp\/v2\/media?parent=71825"}],"wp:term":[{"taxonomy":"category","embeddable":true,"href":"https:\/\/infoecos.com.ar\/index.php\/wp-json\/wp\/v2\/categories?post=71825"},{"taxonomy":"post_tag","embeddable":true,"href":"https:\/\/infoecos.com.ar\/index.php\/wp-json\/wp\/v2\/tags?post=71825"}],"curies":[{"name":"wp","href":"https:\/\/api.w.org\/{rel}","templated":true}]}}