{"id":71828,"date":"2020-12-22T18:03:53","date_gmt":"2020-12-22T21:03:53","guid":{"rendered":"http:\/\/infoecos.com.ar\/?p=71828"},"modified":"2020-12-22T18:06:42","modified_gmt":"2020-12-22T21:06:42","slug":"convenio-del-gobernador-kicillof-con-el-ministro-de-desarrollo-territorial-e-intendentes","status":"publish","type":"post","link":"https:\/\/infoecos.com.ar\/index.php\/convenio-del-gobernador-kicillof-con-el-ministro-de-desarrollo-territorial-e-intendentes\/","title":{"rendered":"Convenio del gobernador Kicillof con el ministro de Desarrollo Territorial e intendentes"},"content":{"rendered":"\n<p class=\"wp-block-paragraph\">El gobernador de la provincia de Buenos Aires, Axel Kicillof, suscribi\u00f3 convenios con el ministro de Desarrollo Territorial y H\u00e1bitat de la Naci\u00f3n, Jorge Ferraresi, y con intendentes e intendentas de la Provincia, destinados a aportar soluciones habitacionales mediante la reactivaci\u00f3n de obras que fueron paralizadas durante los \u00faltimos a\u00f1os, la puesta en valor de suelo urbano, la construcci\u00f3n de nuevas viviendas y las mejoras en espacios comunitarios.<\/p>\n\n\n\n<div class=\"wp-block-image\"><figure class=\"aligncenter size-large\"><img loading=\"lazy\" decoding=\"async\" width=\"920\" height=\"575\" src=\"http:\/\/infoecos.com.ar\/wp-content\/uploads\/2020\/12\/D_00381-920x575.jpg\" alt=\"\" class=\"wp-image-71829\" srcset=\"https:\/\/infoecos.com.ar\/wp-content\/uploads\/2020\/12\/D_00381-920x575.jpg 920w, https:\/\/infoecos.com.ar\/wp-content\/uploads\/2020\/12\/D_00381-460x288.jpg 460w, https:\/\/infoecos.com.ar\/wp-content\/uploads\/2020\/12\/D_00381-768x480.jpg 768w, https:\/\/infoecos.com.ar\/wp-content\/uploads\/2020\/12\/D_00381-1536x960.jpg 1536w, https:\/\/infoecos.com.ar\/wp-content\/uploads\/2020\/12\/D_00381-2048x1280.jpg 2048w, https:\/\/infoecos.com.ar\/wp-content\/uploads\/2020\/12\/D_00381-1024x640.jpg 1024w\" sizes=\"auto, (max-width: 920px) 100vw, 920px\" \/><\/figure><\/div>\n\n\n\n<p class=\"wp-block-paragraph\">El programa nacional Casa Propia \u2013 Construir Futuro fue anunciado por el presidente Alberto Fern\u00e1ndez y prev\u00e9 en la Provincia de Buenos Aires, la construcci\u00f3n de 10 mil nuevas casas y la asistencia al Instituto de Vivienda de la Provincia (IVBA) para la realizaci\u00f3n de otras 3 mil.<\/p>\n\n\n\n<p class=\"wp-block-paragraph\">\u201cLos problemas estructurales que ten\u00eda la Provincia se agravaron durante los \u00faltimos a\u00f1os, en los que se desarticularon las capacidades del Estado para la planificaci\u00f3n y construcci\u00f3n de viviendas\u201d, asegur\u00f3 Kicillof y agreg\u00f3: \u201cNuestra tarea hoy implica recuperar el tiempo perdido y lo estamos haciendo a partir del trabajo articulado con la Naci\u00f3n y los 135 municipios\u201d.<\/p>\n\n\n\n<div class=\"wp-block-image\"><figure class=\"aligncenter size-large\"><img loading=\"lazy\" decoding=\"async\" width=\"920\" height=\"589\" src=\"http:\/\/infoecos.com.ar\/wp-content\/uploads\/2020\/12\/2020_12_22_La-Plata_Firma-de-Convenio-Viviendas_sge_6719-920x589.jpg\" alt=\"\" class=\"wp-image-71830\" srcset=\"https:\/\/infoecos.com.ar\/wp-content\/uploads\/2020\/12\/2020_12_22_La-Plata_Firma-de-Convenio-Viviendas_sge_6719-920x589.jpg 920w, https:\/\/infoecos.com.ar\/wp-content\/uploads\/2020\/12\/2020_12_22_La-Plata_Firma-de-Convenio-Viviendas_sge_6719-460x294.jpg 460w, https:\/\/infoecos.com.ar\/wp-content\/uploads\/2020\/12\/2020_12_22_La-Plata_Firma-de-Convenio-Viviendas_sge_6719-768x491.jpg 768w, https:\/\/infoecos.com.ar\/wp-content\/uploads\/2020\/12\/2020_12_22_La-Plata_Firma-de-Convenio-Viviendas_sge_6719-1536x983.jpg 1536w, https:\/\/infoecos.com.ar\/wp-content\/uploads\/2020\/12\/2020_12_22_La-Plata_Firma-de-Convenio-Viviendas_sge_6719-2048x1310.jpg 2048w, https:\/\/infoecos.com.ar\/wp-content\/uploads\/2020\/12\/2020_12_22_La-Plata_Firma-de-Convenio-Viviendas_sge_6719-1024x655.jpg 1024w\" sizes=\"auto, (max-width: 920px) 100vw, 920px\" \/><\/figure><\/div>\n\n\n\n<p class=\"wp-block-paragraph\">\u201cComo dec\u00eda el Presidente, esta es la campana de largada para un plan federal de construcci\u00f3n de viviendas, que contar\u00e1 adem\u00e1s con un cambio filos\u00f3fico: eliminamos el concepto de vivienda social porque todos los argentinos y las argentinas tienen el mismo derecho a condiciones de vida dignas\u201d, expres\u00f3 Ferraresi y detall\u00f3: \u201cNos proponemos recuperar 55 mil obras que fueron paralizadas por la desidia y la falta de compromiso y acompa\u00f1amiento a los municipios durante los \u00faltimos a\u00f1os\u201d.<\/p>\n\n\n\n<figure class=\"wp-block-audio\"><audio controls src=\"http:\/\/infoecos.com.ar\/wp-content\/uploads\/2020\/12\/22-12-20-LP-Anuncio-Viviendas-AK.mp3\"><\/audio><\/figure>\n\n\n\n<p class=\"wp-block-paragraph\"><\/p>\n","protected":false},"excerpt":{"rendered":"<p>\u00abEliminamos el concepto de vivienda social porque todos los argentinos y las argentinas tienen el mismo derecho a condiciones de vida dignas\u201d, expres\u00f3 Ferraresi<\/p>\n","protected":false},"author":2,"featured_media":71831,"comment_status":"closed","ping_status":"open","sticky":false,"template":"","format":"standard","meta":{"footnotes":""},"categories":[1327,45],"tags":[2487],"class_list":["post-71828","post","type-post","status-publish","format-standard","has-post-thumbnail","hentry","category-audio","category-c1nota2","tag-para-potenciar-la-construccion-de-viviendas"],"featured_image_urls":{"full":["https:\/\/infoecos.com.ar\/wp-content\/uploads\/2020\/12\/MG_0215-scaled.jpg",2560,1223,false],"thumbnail":["https:\/\/infoecos.com.ar\/wp-content\/uploads\/2020\/12\/MG_0215-150x150.jpg",150,150,true],"medium":["https:\/\/infoecos.com.ar\/wp-content\/uploads\/2020\/12\/MG_0215-460x220.jpg",460,220,true],"medium_large":["https:\/\/infoecos.com.ar\/wp-content\/uploads\/2020\/12\/MG_0215-768x367.jpg",640,306,true],"large":["https:\/\/infoecos.com.ar\/wp-content\/uploads\/2020\/12\/MG_0215-920x440.jpg",640,306,true],"1536x1536":["https:\/\/infoecos.com.ar\/wp-content\/uploads\/2020\/12\/MG_0215-1536x734.jpg",1536,734,true],"2048x2048":["https:\/\/infoecos.com.ar\/wp-content\/uploads\/2020\/12\/MG_0215-2048x979.jpg",2048,979,true],"covernews-slider-full":["https:\/\/infoecos.com.ar\/wp-content\/uploads\/2020\/12\/MG_0215-1536x1020.jpg",1077,715,true],"covernews-slider-center":["https:\/\/infoecos.com.ar\/wp-content\/uploads\/2020\/12\/MG_0215-936x897.jpg",522,500,true],"covernews-featured":["https:\/\/infoecos.com.ar\/wp-content\/uploads\/2020\/12\/MG_0215-1024x489.jpg",1024,489,true],"covernews-medium":["https:\/\/infoecos.com.ar\/wp-content\/uploads\/2020\/12\/MG_0215-720x380.jpg",540,285,true],"covernews-medium-square":["https:\/\/infoecos.com.ar\/wp-content\/uploads\/2020\/12\/MG_0215-675x450.jpg",375,250,true]},"author_info":{"info":["Jorge Matheus"]},"category_info":"<a href=\"https:\/\/infoecos.com.ar\/index.php\/category\/audio\/\" rel=\"category tag\">Audio<\/a> <a href=\"https:\/\/infoecos.com.ar\/index.php\/category\/c1nota2\/\" rel=\"category tag\">C1 N2<\/a>","tag_info":"C1 N2","comment_count":"0","_links":{"self":[{"href":"https:\/\/infoecos.com.ar\/index.php\/wp-json\/wp\/v2\/posts\/71828","targetHints":{"allow":["GET"]}}],"collection":[{"href":"https:\/\/infoecos.com.ar\/index.php\/wp-json\/wp\/v2\/posts"}],"about":[{"href":"https:\/\/infoecos.com.ar\/index.php\/wp-json\/wp\/v2\/types\/post"}],"author":[{"embeddable":true,"href":"https:\/\/infoecos.com.ar\/index.php\/wp-json\/wp\/v2\/users\/2"}],"replies":[{"embeddable":true,"href":"https:\/\/infoecos.com.ar\/index.php\/wp-json\/wp\/v2\/comments?post=71828"}],"version-history":[{"count":3,"href":"https:\/\/infoecos.com.ar\/index.php\/wp-json\/wp\/v2\/posts\/71828\/revisions"}],"predecessor-version":[{"id":71836,"href":"https:\/\/infoecos.com.ar\/index.php\/wp-json\/wp\/v2\/posts\/71828\/revisions\/71836"}],"wp:featuredmedia":[{"embeddable":true,"href":"https:\/\/infoecos.com.ar\/index.php\/wp-json\/wp\/v2\/media\/71831"}],"wp:attachment":[{"href":"https:\/\/infoecos.com.ar\/index.php\/wp-json\/wp\/v2\/media?parent=71828"}],"wp:term":[{"taxonomy":"category","embeddable":true,"href":"https:\/\/infoecos.com.ar\/index.php\/wp-json\/wp\/v2\/categories?post=71828"},{"taxonomy":"post_tag","embeddable":true,"href":"https:\/\/infoecos.com.ar\/index.php\/wp-json\/wp\/v2\/tags?post=71828"}],"curies":[{"name":"wp","href":"https:\/\/api.w.org\/{rel}","templated":true}]}}