{"id":71889,"date":"2020-12-23T17:01:54","date_gmt":"2020-12-23T20:01:54","guid":{"rendered":"http:\/\/infoecos.com.ar\/?p=71889"},"modified":"2020-12-23T17:02:01","modified_gmt":"2020-12-23T20:02:01","slug":"torchio-volvio-a-pedir-prudencia-durante-estos-dias-de-fiestas-y-hablo-del-incremento-de-casos-positivos","status":"publish","type":"post","link":"https:\/\/infoecos.com.ar\/index.php\/torchio-volvio-a-pedir-prudencia-durante-estos-dias-de-fiestas-y-hablo-del-incremento-de-casos-positivos\/","title":{"rendered":"Torchio volvi\u00f3 a pedir prudencia durante estos d\u00edas de fiestas y habl\u00f3 del incremento de casos positivos"},"content":{"rendered":"\n<p class=\"wp-block-paragraph\">Hay 60 casos activos, 705 recuperados, cuatro casos positivos por nexo cl\u00ednico epidemiol\u00f3gico, 198 casos recuperados por nexo cl\u00ednico epidemiol\u00f3gico, 1.367 hisopados negativos y 26 fallecidos, en el distrito de Carlos Casares.<\/p>\n\n\n\n<div class=\"wp-block-image\"><figure class=\"aligncenter size-medium\"><img loading=\"lazy\" decoding=\"async\" width=\"435\" height=\"460\" src=\"http:\/\/infoecos.com.ar\/wp-content\/uploads\/2020\/12\/2020_12_23_PLACA-DIARIA-435x460.jpeg\" alt=\"\" class=\"wp-image-71890\" srcset=\"https:\/\/infoecos.com.ar\/wp-content\/uploads\/2020\/12\/2020_12_23_PLACA-DIARIA-435x460.jpeg 435w, https:\/\/infoecos.com.ar\/wp-content\/uploads\/2020\/12\/2020_12_23_PLACA-DIARIA-870x920.jpeg 870w, https:\/\/infoecos.com.ar\/wp-content\/uploads\/2020\/12\/2020_12_23_PLACA-DIARIA-768x812.jpeg 768w, https:\/\/infoecos.com.ar\/wp-content\/uploads\/2020\/12\/2020_12_23_PLACA-DIARIA-1024x1082.jpeg 1024w, https:\/\/infoecos.com.ar\/wp-content\/uploads\/2020\/12\/2020_12_23_PLACA-DIARIA.jpeg 1211w\" sizes=\"auto, (max-width: 435px) 100vw, 435px\" \/><\/figure><\/div>\n\n\n\n<p class=\"wp-block-paragraph\">\u201cEn los \u00faltimos tres d\u00edas pasamos de poco m\u00e1s de 40 a 50 y hoy estamos en 60, lo cual indica el crecimiento de casos y la preocupaci\u00f3n que tenemos en funci\u00f3n de lo que sucede en partidos vecinos\u201d, se\u00f1al\u00f3 el intendente municipal, Walter Torchio.<\/p>\n\n\n\n<p class=\"wp-block-paragraph\">Sobre los festejos de estos d\u00edas, el Jefe Comunal a\u00f1adi\u00f3 que \u201ccomo saben para nosotros 60 es un n\u00famero razonable, pero si asciende comienzan los inconvenientes\u201d.<\/p>\n\n\n\n<p class=\"wp-block-paragraph\">Anunci\u00f3 que <strong>\u201c\u00fanicamente por la noche del 24\/ madrugada del 25, el horario se extiende hasta las 5AM, el resto de los d\u00edas continua hasta las 3AM\u201d<\/strong>. <\/p>\n\n\n\n<p class=\"wp-block-paragraph\"><\/p>\n\n\n\n<p class=\"wp-block-paragraph\"><\/p>\n\n\n\n<p class=\"wp-block-paragraph\"><\/p>\n","protected":false},"excerpt":{"rendered":"<p>El Jefe Comunal dijo que \u201ccomo saben para nosotros 60 es un n\u00famero razonable, pero si asciende comienzan los inconvenientes\u201d.<\/p>\n","protected":false},"author":2,"featured_media":70838,"comment_status":"closed","ping_status":"open","sticky":false,"template":"","format":"standard","meta":{"footnotes":""},"categories":[46],"tags":[10],"class_list":["post-71889","post","type-post","status-publish","format-standard","has-post-thumbnail","hentry","category-c2nota2","tag-carlos-casares"],"featured_image_urls":{"full":["https:\/\/infoecos.com.ar\/wp-content\/uploads\/2020\/12\/Foto-2.jpeg",1024,682,false],"thumbnail":["https:\/\/infoecos.com.ar\/wp-content\/uploads\/2020\/12\/Foto-2-150x150.jpeg",150,150,true],"medium":["https:\/\/infoecos.com.ar\/wp-content\/uploads\/2020\/12\/Foto-2-460x306.jpeg",460,306,true],"medium_large":["https:\/\/infoecos.com.ar\/wp-content\/uploads\/2020\/12\/Foto-2-768x512.jpeg",640,427,true],"large":["https:\/\/infoecos.com.ar\/wp-content\/uploads\/2020\/12\/Foto-2-920x613.jpeg",640,426,true],"1536x1536":["https:\/\/infoecos.com.ar\/wp-content\/uploads\/2020\/12\/Foto-2.jpeg",1024,682,false],"2048x2048":["https:\/\/infoecos.com.ar\/wp-content\/uploads\/2020\/12\/Foto-2.jpeg",1024,682,false],"covernews-slider-full":["https:\/\/infoecos.com.ar\/wp-content\/uploads\/2020\/12\/Foto-2.jpeg",1024,682,false],"covernews-slider-center":["https:\/\/infoecos.com.ar\/wp-content\/uploads\/2020\/12\/Foto-2-936x682.jpeg",686,500,true],"covernews-featured":["https:\/\/infoecos.com.ar\/wp-content\/uploads\/2020\/12\/Foto-2.jpeg",1024,682,false],"covernews-medium":["https:\/\/infoecos.com.ar\/wp-content\/uploads\/2020\/12\/Foto-2-720x380.jpeg",540,285,true],"covernews-medium-square":["https:\/\/infoecos.com.ar\/wp-content\/uploads\/2020\/12\/Foto-2-675x450.jpeg",375,250,true]},"author_info":{"info":["Jorge Matheus"]},"category_info":"<a href=\"https:\/\/infoecos.com.ar\/index.php\/category\/c2nota2\/\" rel=\"category tag\">C2 N2<\/a>","tag_info":"C2 N2","comment_count":"0","_links":{"self":[{"href":"https:\/\/infoecos.com.ar\/index.php\/wp-json\/wp\/v2\/posts\/71889","targetHints":{"allow":["GET"]}}],"collection":[{"href":"https:\/\/infoecos.com.ar\/index.php\/wp-json\/wp\/v2\/posts"}],"about":[{"href":"https:\/\/infoecos.com.ar\/index.php\/wp-json\/wp\/v2\/types\/post"}],"author":[{"embeddable":true,"href":"https:\/\/infoecos.com.ar\/index.php\/wp-json\/wp\/v2\/users\/2"}],"replies":[{"embeddable":true,"href":"https:\/\/infoecos.com.ar\/index.php\/wp-json\/wp\/v2\/comments?post=71889"}],"version-history":[{"count":1,"href":"https:\/\/infoecos.com.ar\/index.php\/wp-json\/wp\/v2\/posts\/71889\/revisions"}],"predecessor-version":[{"id":71891,"href":"https:\/\/infoecos.com.ar\/index.php\/wp-json\/wp\/v2\/posts\/71889\/revisions\/71891"}],"wp:featuredmedia":[{"embeddable":true,"href":"https:\/\/infoecos.com.ar\/index.php\/wp-json\/wp\/v2\/media\/70838"}],"wp:attachment":[{"href":"https:\/\/infoecos.com.ar\/index.php\/wp-json\/wp\/v2\/media?parent=71889"}],"wp:term":[{"taxonomy":"category","embeddable":true,"href":"https:\/\/infoecos.com.ar\/index.php\/wp-json\/wp\/v2\/categories?post=71889"},{"taxonomy":"post_tag","embeddable":true,"href":"https:\/\/infoecos.com.ar\/index.php\/wp-json\/wp\/v2\/tags?post=71889"}],"curies":[{"name":"wp","href":"https:\/\/api.w.org\/{rel}","templated":true}]}}