{"id":71892,"date":"2020-12-23T17:17:10","date_gmt":"2020-12-23T20:17:10","guid":{"rendered":"http:\/\/infoecos.com.ar\/?p=71892"},"modified":"2020-12-23T17:17:12","modified_gmt":"2020-12-23T20:17:12","slug":"el-presidente-fernandez-y-el-gobernador-kicillof-en-lomas-de-zamora-culminacion-del-plan-de-infraestructura-penitenciaria-provincial","status":"publish","type":"post","link":"https:\/\/infoecos.com.ar\/index.php\/el-presidente-fernandez-y-el-gobernador-kicillof-en-lomas-de-zamora-culminacion-del-plan-de-infraestructura-penitenciaria-provincial\/","title":{"rendered":"El presidente Fern\u00e1ndez y el gobernador Kicillof en Lomas de Zamora: culminaci\u00f3n del Plan de Infraestructura Penitenciaria Provincial"},"content":{"rendered":"\n<p class=\"wp-block-paragraph\">El gobernador Axel Kicillof visit\u00f3 el municipio de Lomas de Zamora, donde junto al presidente de la Naci\u00f3n, Alberto Fern\u00e1ndez, y al ministro de Justicia y Derechos Humanos, Julio Alak, present\u00f3 la culminaci\u00f3n del Plan de Infraestructura Penitenciaria Provincial 2020, que con una inversi\u00f3n de 800 millones de pesos suma 1.222 plazas y cinco nuevos hospitales en c\u00e1rceles bonaerenses.<\/p>\n\n\n\n<div class=\"wp-block-image\"><figure class=\"aligncenter size-medium\"><img loading=\"lazy\" decoding=\"async\" width=\"460\" height=\"307\" src=\"http:\/\/infoecos.com.ar\/wp-content\/uploads\/2020\/12\/AB8331_2-460x307.jpg\" alt=\"\" class=\"wp-image-71893\" srcset=\"https:\/\/infoecos.com.ar\/wp-content\/uploads\/2020\/12\/AB8331_2-460x307.jpg 460w, https:\/\/infoecos.com.ar\/wp-content\/uploads\/2020\/12\/AB8331_2-920x613.jpg 920w, https:\/\/infoecos.com.ar\/wp-content\/uploads\/2020\/12\/AB8331_2-768x512.jpg 768w, https:\/\/infoecos.com.ar\/wp-content\/uploads\/2020\/12\/AB8331_2-1536x1024.jpg 1536w, https:\/\/infoecos.com.ar\/wp-content\/uploads\/2020\/12\/AB8331_2-2048x1366.jpg 2048w, https:\/\/infoecos.com.ar\/wp-content\/uploads\/2020\/12\/AB8331_2-1024x683.jpg 1024w, https:\/\/infoecos.com.ar\/wp-content\/uploads\/2020\/12\/AB8331_2-675x450.jpg 675w\" sizes=\"auto, (max-width: 460px) 100vw, 460px\" \/><\/figure><\/div>\n\n\n\n<p class=\"wp-block-paragraph\">El Gobernador destac\u00f3 que \u201chemos empezado a transitar el camino de la soluci\u00f3n de los problemas estructurales de la provincia de Buenos Aires\u201d, a la vez que subray\u00f3 \u201cla sensibilidad y el compromiso del Gobierno Nacional y de todos los intendentes y las intendentas para brindar soluciones al pueblo de la Provincia\u201d.<\/p>\n\n\n\n<p class=\"wp-block-paragraph\">\u201cEsta madrugada se aprob\u00f3 un presupuesto que impedir\u00e1 que los recursos se pierdan por la especulaci\u00f3n financiera, y nos permitir\u00e1 seguir desarrollando la Provincia y mejorando la calidad de vida de los y las bonaerenses\u201d, afirm\u00f3 Kicillof.<\/p>\n\n\n\n<div class=\"wp-block-image\"><figure class=\"aligncenter size-medium\"><img loading=\"lazy\" decoding=\"async\" width=\"460\" height=\"307\" src=\"http:\/\/infoecos.com.ar\/wp-content\/uploads\/2020\/12\/AB8274_2-460x307.jpg\" alt=\"\" class=\"wp-image-71894\" srcset=\"https:\/\/infoecos.com.ar\/wp-content\/uploads\/2020\/12\/AB8274_2-460x307.jpg 460w, https:\/\/infoecos.com.ar\/wp-content\/uploads\/2020\/12\/AB8274_2-920x613.jpg 920w, https:\/\/infoecos.com.ar\/wp-content\/uploads\/2020\/12\/AB8274_2-768x512.jpg 768w, https:\/\/infoecos.com.ar\/wp-content\/uploads\/2020\/12\/AB8274_2-1536x1024.jpg 1536w, https:\/\/infoecos.com.ar\/wp-content\/uploads\/2020\/12\/AB8274_2-2048x1366.jpg 2048w, https:\/\/infoecos.com.ar\/wp-content\/uploads\/2020\/12\/AB8274_2-1024x683.jpg 1024w, https:\/\/infoecos.com.ar\/wp-content\/uploads\/2020\/12\/AB8274_2-675x450.jpg 675w\" sizes=\"auto, (max-width: 460px) 100vw, 460px\" \/><\/figure><\/div>\n\n\n\n<p class=\"wp-block-paragraph\">Por su parte, el presidente Fern\u00e1ndez remarc\u00f3: \u201cQueremos que las condenas sirvan para que quienes recuperan su libertad no est\u00e9n nuevamente predispuestos a delinquir, y para eso se necesitan c\u00e1rceles sanas y limpias, porque nadie se recupera socialmente en un lugar en el que se lo segrega y se lo abandona\u201d.<\/p>\n\n\n\n<p class=\"wp-block-paragraph\">Participaron tambi\u00e9n la vicegobernadora, Ver\u00f3nica Magario, el ministro de Obras P\u00fablicas de la Naci\u00f3n, Gabriel Katopodis; el intendente Mart\u00edn Insaurralde, el secretario general de Gobierno de la Provincia, Federico Thea; el presidente de la C\u00e1mara de Diputados bonaerense, Federico Oterm\u00edn; e intendentes e intendentas de la provincia.<\/p>\n","protected":false},"excerpt":{"rendered":"<p>Inversi\u00f3n de 800 millones de pesos suma 1.222 plazas y cinco nuevos hospitales en c\u00e1rceles bonaerenses.<\/p>\n","protected":false},"author":2,"featured_media":71895,"comment_status":"closed","ping_status":"open","sticky":false,"template":"","format":"standard","meta":{"footnotes":""},"categories":[47],"tags":[2496],"class_list":["post-71892","post","type-post","status-publish","format-standard","has-post-thumbnail","hentry","category-c3nota2","tag-sistema-penitenciario"],"featured_image_urls":{"full":["https:\/\/infoecos.com.ar\/wp-content\/uploads\/2020\/12\/AB8359_2-scaled.jpg",2560,1707,false],"thumbnail":["https:\/\/infoecos.com.ar\/wp-content\/uploads\/2020\/12\/AB8359_2-150x150.jpg",150,150,true],"medium":["https:\/\/infoecos.com.ar\/wp-content\/uploads\/2020\/12\/AB8359_2-460x307.jpg",460,307,true],"medium_large":["https:\/\/infoecos.com.ar\/wp-content\/uploads\/2020\/12\/AB8359_2-768x512.jpg",640,427,true],"large":["https:\/\/infoecos.com.ar\/wp-content\/uploads\/2020\/12\/AB8359_2-920x613.jpg",640,426,true],"1536x1536":["https:\/\/infoecos.com.ar\/wp-content\/uploads\/2020\/12\/AB8359_2-1536x1024.jpg",1536,1024,true],"2048x2048":["https:\/\/infoecos.com.ar\/wp-content\/uploads\/2020\/12\/AB8359_2-2048x1366.jpg",2048,1366,true],"covernews-slider-full":["https:\/\/infoecos.com.ar\/wp-content\/uploads\/2020\/12\/AB8359_2-1536x1020.jpg",1077,715,true],"covernews-slider-center":["https:\/\/infoecos.com.ar\/wp-content\/uploads\/2020\/12\/AB8359_2-936x897.jpg",522,500,true],"covernews-featured":["https:\/\/infoecos.com.ar\/wp-content\/uploads\/2020\/12\/AB8359_2-1024x683.jpg",1024,683,true],"covernews-medium":["https:\/\/infoecos.com.ar\/wp-content\/uploads\/2020\/12\/AB8359_2-720x380.jpg",540,285,true],"covernews-medium-square":["https:\/\/infoecos.com.ar\/wp-content\/uploads\/2020\/12\/AB8359_2-675x450.jpg",375,250,true]},"author_info":{"info":["Jorge Matheus"]},"category_info":"<a href=\"https:\/\/infoecos.com.ar\/index.php\/category\/c3nota2\/\" rel=\"category tag\">C3 N2<\/a>","tag_info":"C3 N2","comment_count":"0","_links":{"self":[{"href":"https:\/\/infoecos.com.ar\/index.php\/wp-json\/wp\/v2\/posts\/71892","targetHints":{"allow":["GET"]}}],"collection":[{"href":"https:\/\/infoecos.com.ar\/index.php\/wp-json\/wp\/v2\/posts"}],"about":[{"href":"https:\/\/infoecos.com.ar\/index.php\/wp-json\/wp\/v2\/types\/post"}],"author":[{"embeddable":true,"href":"https:\/\/infoecos.com.ar\/index.php\/wp-json\/wp\/v2\/users\/2"}],"replies":[{"embeddable":true,"href":"https:\/\/infoecos.com.ar\/index.php\/wp-json\/wp\/v2\/comments?post=71892"}],"version-history":[{"count":1,"href":"https:\/\/infoecos.com.ar\/index.php\/wp-json\/wp\/v2\/posts\/71892\/revisions"}],"predecessor-version":[{"id":71896,"href":"https:\/\/infoecos.com.ar\/index.php\/wp-json\/wp\/v2\/posts\/71892\/revisions\/71896"}],"wp:featuredmedia":[{"embeddable":true,"href":"https:\/\/infoecos.com.ar\/index.php\/wp-json\/wp\/v2\/media\/71895"}],"wp:attachment":[{"href":"https:\/\/infoecos.com.ar\/index.php\/wp-json\/wp\/v2\/media?parent=71892"}],"wp:term":[{"taxonomy":"category","embeddable":true,"href":"https:\/\/infoecos.com.ar\/index.php\/wp-json\/wp\/v2\/categories?post=71892"},{"taxonomy":"post_tag","embeddable":true,"href":"https:\/\/infoecos.com.ar\/index.php\/wp-json\/wp\/v2\/tags?post=71892"}],"curies":[{"name":"wp","href":"https:\/\/api.w.org\/{rel}","templated":true}]}}